{"id":2208,"date":"2020-03-31T14:59:18","date_gmt":"2020-03-31T17:59:18","guid":{"rendered":"https:\/\/dbtesser.siteup.dev\/receita-federal-do-brasil-cria-centro-operacional-especifico-para-agilizar-o-despacho-aduaneiro-diante-da-crise-instaurada-pelo-coronavirus\/"},"modified":"2020-03-31T14:59:18","modified_gmt":"2020-03-31T17:59:18","slug":"receita-federal-do-brasil-cria-centro-operacional-especifico-para-agilizar-o-despacho-aduaneiro-diante-da-crise-instaurada-pelo-coronavirus","status":"publish","type":"post","link":"https:\/\/dbtesser.com.br\/en\/receita-federal-do-brasil-cria-centro-operacional-especifico-para-agilizar-o-despacho-aduaneiro-diante-da-crise-instaurada-pelo-coronavirus\/","title":{"rendered":"Receita Federal do Brasil cria centro operacional espec\u00edfico para agilizar o despacho aduaneiro diante da crise instaurada pelo Coronav\u00edrus"},"content":{"rendered":"<div class=\"wp-block-image\"><figure class=\"aligncenter\"><img decoding=\"async\" src=\"https:\/\/dbtesser.com.br\/wp-content\/uploads\/2026\/02\/new-db-31.03-1024x683-2.jpg\" alt=\"\" class=\"wp-image-870\"\/><\/figure><\/div>\n\n\n\n<p>Atrav\u00e9s da Portaria n\u00b0 601, de 27 de mar\u00e7o de 2020 a Receita Federal do Brasil resolveu instituir um Centro Operacional Aduaneiro de Gest\u00e3o da crise gerada pelo coronav\u00edrus (COVID-19), e tem como objetivo gerir de forma mais h\u00e1bil e c\u00e9lere o fluxo do com\u00e9rcio exterior.<\/p>\n\n\n\n<p>Como \u00e9 de not\u00f3rio conhecimento, ap\u00f3s a assola\u00e7\u00e3o da pandemia na popula\u00e7\u00e3o mundial muitas atividades est\u00e3o sendo paralisadas e\/ou suspensas, de modo que a demanda para o seu gerenciamento no com\u00e9rcio internacional vem requerendo maior aten\u00e7\u00e3o.<\/p>\n\n\n\n<p>Pensando nisso, e, em especial no que se refere \u00e0s cargas relacionadas com o combate ao COVID-19, a Secretaria da Receita Federal do Brasil instituiu o chamado \u201c<strong>Cogec-Covid<\/strong>\u201d, que, segundo o subsecret\u00e1rio de Administra\u00e7\u00e3o Aduaneira Fausto Vieira Coutinho, permitir\u00e1 maior celeridade na an\u00e1lise das demandas externas tanto de \u00f3rg\u00e3os p\u00fablicos como de setor privado.<\/p>\n\n\n\n<p>Dessa forma, tamb\u00e9m ser\u00e1 poss\u00edvel\npromover a articula\u00e7\u00e3o institucional da Secretaria da RFB no monitoramento das\natividades administrativas necess\u00e1rias.<\/p>\n\n\n\n<p>Dentre as compet\u00eancias, a equipe do centro poder\u00e1 receber, classificar e tratar as demandas emergenciais relacionadas ao combate da doen\u00e7a originadas de \u00f3rg\u00e3o ou ag\u00eancia de qualquer esfera de governo, ou at\u00e9 mesmo no setor privado, al\u00e9m de poder acionar as equipes para a avalia\u00e7\u00e3o e atendimento dessas demandas urgentes e, se for o caso, propor ao secret\u00e1rio da Receita Federal medidas emergenciais para a solu\u00e7\u00e3o dos problemas relacionados ao fluxo de bens e pessoas decorrentes do combate \u00e0 COVID-19.<\/p>\n\n\n\n<p>News commented on by\u00a0<strong>Rebeca Ayres, <\/strong><em>Lawyer, graduated in Law in\u00a0<\/em>Graduated in 2017 from the Baiana Faculty of Law\/BA, specializing in Customs Law and Foreign Trade from Univali-Itaja\u00ed.<em>. Areas of Expertise: Customs Law, Tax Law, and Maritime Law. OAB\/BA 57.313 and OAB\/SC 52.845<\/em>.     <\/p>","protected":false},"excerpt":{"rendered":"<p>Atrav\u00e9s da Portaria n\u00b0 601, de 27 de mar\u00e7o de 2020 a Receita Federal do Brasil resolveu instituir um Centro Operacional Aduaneiro de Gest\u00e3o da crise gerada pelo coronav\u00edrus (COVID-19), e tem como objetivo gerir de forma mais h\u00e1bil e c\u00e9lere o fluxo do com\u00e9rcio exterior. Como \u00e9 de not\u00f3rio conhecimento, ap\u00f3s a assola\u00e7\u00e3o da [&hellip;]<\/p>\n","protected":false},"author":4007,"featured_media":2207,"comment_status":"","ping_status":"open","sticky":false,"template":"","format":"standard","meta":{"footnotes":""},"categories":[23],"tags":[34,37,38,39,111,114,118,137,139,140,168,178,182,256,382,428],"class_list":["post-2208","post","type-post","status-publish","format-standard","has-post-thumbnail","hentry","category-noticias","tag-administracao-aduaneira","tag-aduana","tag-aduaneira","tag-aduaneiro","tag-cogec","tag-comercial-exportador","tag-comercio-internacional","tag-coronavirus","tag-covid","tag-covid-19","tag-despacho-aduaneiro","tag-direito-aduaneiro","tag-direito-tributario","tag-importacao-2","tag-pandemia","tag-receita-federal"],"yoast_head":"<!-- This site is optimized with the Yoast SEO plugin v27.2 - https:\/\/yoast.com\/product\/yoast-seo-wordpress\/ -->\n<title>Receita Federal do Brasil cria centro operacional espec\u00edfico para agilizar o despacho aduaneiro diante da crise instaurada pelo Coronav\u00edrus | DBTesser Advogados<\/title>\n<meta name=\"robots\" content=\"index, follow, max-snippet:-1, max-image-preview:large, max-video-preview:-1\" \/>\n<link rel=\"canonical\" href=\"https:\/\/dbtesser.com.br\/en\/receita-federal-do-brasil-cria-centro-operacional-especifico-para-agilizar-o-despacho-aduaneiro-diante-da-crise-instaurada-pelo-coronavirus\/\" \/>\n<meta property=\"og:locale\" content=\"en_US\" \/>\n<meta property=\"og:type\" content=\"article\" \/>\n<meta property=\"og:title\" content=\"Receita Federal do Brasil cria centro operacional espec\u00edfico para agilizar o despacho aduaneiro diante da crise instaurada pelo Coronav\u00edrus | DBTesser Advogados\" \/>\n<meta property=\"og:description\" content=\"Atrav\u00e9s da Portaria n\u00b0 601, de 27 de mar\u00e7o de 2020 a Receita Federal do Brasil resolveu instituir um Centro Operacional Aduaneiro de Gest\u00e3o da crise gerada pelo coronav\u00edrus (COVID-19), e tem como objetivo gerir de forma mais h\u00e1bil e c\u00e9lere o fluxo do com\u00e9rcio exterior. Como \u00e9 de not\u00f3rio conhecimento, ap\u00f3s a assola\u00e7\u00e3o da [&hellip;]\" \/>\n<meta property=\"og:url\" content=\"https:\/\/dbtesser.com.br\/en\/receita-federal-do-brasil-cria-centro-operacional-especifico-para-agilizar-o-despacho-aduaneiro-diante-da-crise-instaurada-pelo-coronavirus\/\" \/>\n<meta property=\"og:site_name\" content=\"DBTesser Advogados\" \/>\n<meta property=\"article:published_time\" content=\"2020-03-31T17:59:18+00:00\" \/>\n<meta property=\"og:image\" content=\"https:\/\/dbtesser.com.br\/wp-content\/uploads\/2026\/02\/new-db-31.03-1024x683-2.jpg\" \/>\n\t<meta property=\"og:image:width\" content=\"1024\" \/>\n\t<meta property=\"og:image:height\" content=\"683\" \/>\n\t<meta property=\"og:image:type\" content=\"image\/jpeg\" \/>\n<meta name=\"author\" content=\"DB Tesser\" \/>\n<meta name=\"twitter:card\" content=\"summary_large_image\" \/>\n<meta name=\"twitter:label1\" content=\"Written by\" \/>\n\t<meta name=\"twitter:data1\" content=\"DB Tesser\" \/>\n\t<meta name=\"twitter:label2\" content=\"Est. reading time\" \/>\n\t<meta name=\"twitter:data2\" content=\"2 minutes\" \/>\n<script type=\"application\/ld+json\" class=\"yoast-schema-graph\">{\"@context\":\"https:\/\/schema.org\",\"@graph\":[{\"@type\":\"Article\",\"@id\":\"https:\/\/dbtesser.com.br\/receita-federal-do-brasil-cria-centro-operacional-especifico-para-agilizar-o-despacho-aduaneiro-diante-da-crise-instaurada-pelo-coronavirus\/#article\",\"isPartOf\":{\"@id\":\"https:\/\/dbtesser.com.br\/receita-federal-do-brasil-cria-centro-operacional-especifico-para-agilizar-o-despacho-aduaneiro-diante-da-crise-instaurada-pelo-coronavirus\/\"},\"author\":{\"name\":\"DB Tesser\",\"@id\":\"https:\/\/dbtesser.com.br\/#\/schema\/person\/3414c67f51128e3d927f8011ab737728\"},\"headline\":\"Receita Federal do Brasil cria centro operacional espec\u00edfico para agilizar o despacho aduaneiro diante da crise instaurada pelo Coronav\u00edrus\",\"datePublished\":\"2020-03-31T17:59:18+00:00\",\"mainEntityOfPage\":{\"@id\":\"https:\/\/dbtesser.com.br\/receita-federal-do-brasil-cria-centro-operacional-especifico-para-agilizar-o-despacho-aduaneiro-diante-da-crise-instaurada-pelo-coronavirus\/\"},\"wordCount\":328,\"image\":{\"@id\":\"https:\/\/dbtesser.com.br\/receita-federal-do-brasil-cria-centro-operacional-especifico-para-agilizar-o-despacho-aduaneiro-diante-da-crise-instaurada-pelo-coronavirus\/#primaryimage\"},\"thumbnailUrl\":\"https:\/\/dbtesser.com.br\/wp-content\/uploads\/2026\/02\/new-db-31.03-1024x683-2.jpg\",\"keywords\":[\"Administra\u00e7\u00e3o Aduaneira\",\"Aduana\",\"Aduaneira\",\"Aduaneiro\",\"Cogec\",\"Comercial Exportador\",\"Com\u00e9rcio Internacional\",\"Coronav\u00edrus\",\"Covid\",\"COVID-19\",\"Despacho Aduaneiro\",\"Direito Aduaneiro\",\"Direito Tribut\u00e1rio\",\"IMPORTA\u00c7\u00c3O\",\"Pandemia\",\"Receita Federal\"],\"articleSection\":[\"Not\u00edcias\"],\"inLanguage\":\"en-US\"},{\"@type\":\"WebPage\",\"@id\":\"https:\/\/dbtesser.com.br\/receita-federal-do-brasil-cria-centro-operacional-especifico-para-agilizar-o-despacho-aduaneiro-diante-da-crise-instaurada-pelo-coronavirus\/\",\"url\":\"https:\/\/dbtesser.com.br\/receita-federal-do-brasil-cria-centro-operacional-especifico-para-agilizar-o-despacho-aduaneiro-diante-da-crise-instaurada-pelo-coronavirus\/\",\"name\":\"Receita Federal do Brasil cria centro operacional espec\u00edfico para agilizar o despacho aduaneiro diante da crise instaurada pelo Coronav\u00edrus | DBTesser Advogados\",\"isPartOf\":{\"@id\":\"https:\/\/dbtesser.com.br\/#website\"},\"primaryImageOfPage\":{\"@id\":\"https:\/\/dbtesser.com.br\/receita-federal-do-brasil-cria-centro-operacional-especifico-para-agilizar-o-despacho-aduaneiro-diante-da-crise-instaurada-pelo-coronavirus\/#primaryimage\"},\"image\":{\"@id\":\"https:\/\/dbtesser.com.br\/receita-federal-do-brasil-cria-centro-operacional-especifico-para-agilizar-o-despacho-aduaneiro-diante-da-crise-instaurada-pelo-coronavirus\/#primaryimage\"},\"thumbnailUrl\":\"https:\/\/dbtesser.com.br\/wp-content\/uploads\/2026\/02\/new-db-31.03-1024x683-2.jpg\",\"datePublished\":\"2020-03-31T17:59:18+00:00\",\"author\":{\"@id\":\"https:\/\/dbtesser.com.br\/#\/schema\/person\/3414c67f51128e3d927f8011ab737728\"},\"breadcrumb\":{\"@id\":\"https:\/\/dbtesser.com.br\/receita-federal-do-brasil-cria-centro-operacional-especifico-para-agilizar-o-despacho-aduaneiro-diante-da-crise-instaurada-pelo-coronavirus\/#breadcrumb\"},\"inLanguage\":\"en-US\",\"potentialAction\":[{\"@type\":\"ReadAction\",\"target\":[\"https:\/\/dbtesser.com.br\/receita-federal-do-brasil-cria-centro-operacional-especifico-para-agilizar-o-despacho-aduaneiro-diante-da-crise-instaurada-pelo-coronavirus\/\"]}]},{\"@type\":\"ImageObject\",\"inLanguage\":\"en-US\",\"@id\":\"https:\/\/dbtesser.com.br\/receita-federal-do-brasil-cria-centro-operacional-especifico-para-agilizar-o-despacho-aduaneiro-diante-da-crise-instaurada-pelo-coronavirus\/#primaryimage\",\"url\":\"https:\/\/dbtesser.com.br\/wp-content\/uploads\/2026\/02\/new-db-31.03-1024x683-2.jpg\",\"contentUrl\":\"https:\/\/dbtesser.com.br\/wp-content\/uploads\/2026\/02\/new-db-31.03-1024x683-2.jpg\",\"width\":1024,\"height\":683,\"caption\":\"new db x\"},{\"@type\":\"BreadcrumbList\",\"@id\":\"https:\/\/dbtesser.com.br\/receita-federal-do-brasil-cria-centro-operacional-especifico-para-agilizar-o-despacho-aduaneiro-diante-da-crise-instaurada-pelo-coronavirus\/#breadcrumb\",\"itemListElement\":[{\"@type\":\"ListItem\",\"position\":1,\"name\":\"In\u00edcio\",\"item\":\"https:\/\/dbtesser.com.br\/en\/\"},{\"@type\":\"ListItem\",\"position\":2,\"name\":\"Receita Federal do Brasil cria centro operacional espec\u00edfico para agilizar o despacho aduaneiro diante da crise instaurada pelo Coronav\u00edrus\"}]},{\"@type\":\"WebSite\",\"@id\":\"https:\/\/dbtesser.com.br\/#website\",\"url\":\"https:\/\/dbtesser.com.br\/\",\"name\":\"DB Tesser Advogados\",\"description\":\"\",\"potentialAction\":[{\"@type\":\"SearchAction\",\"target\":{\"@type\":\"EntryPoint\",\"urlTemplate\":\"https:\/\/dbtesser.com.br\/?s={search_term_string}\"},\"query-input\":{\"@type\":\"PropertyValueSpecification\",\"valueRequired\":true,\"valueName\":\"search_term_string\"}}],\"inLanguage\":\"en-US\"},{\"@type\":\"Person\",\"@id\":\"https:\/\/dbtesser.com.br\/#\/schema\/person\/3414c67f51128e3d927f8011ab737728\",\"name\":\"DB Tesser\",\"url\":\"https:\/\/dbtesser.com.br\/en\/author\/db-tesser\/\"}]}<\/script>\n<!-- \/ Yoast SEO plugin. -->","yoast_head_json":{"title":"Receita Federal do Brasil cria centro operacional espec\u00edfico para agilizar o despacho aduaneiro diante da crise instaurada pelo Coronav\u00edrus | DBTesser Advogados","robots":{"index":"index","follow":"follow","max-snippet":"max-snippet:-1","max-image-preview":"max-image-preview:large","max-video-preview":"max-video-preview:-1"},"canonical":"https:\/\/dbtesser.com.br\/en\/receita-federal-do-brasil-cria-centro-operacional-especifico-para-agilizar-o-despacho-aduaneiro-diante-da-crise-instaurada-pelo-coronavirus\/","og_locale":"en_US","og_type":"article","og_title":"Receita Federal do Brasil cria centro operacional espec\u00edfico para agilizar o despacho aduaneiro diante da crise instaurada pelo Coronav\u00edrus | DBTesser Advogados","og_description":"Atrav\u00e9s da Portaria n\u00b0 601, de 27 de mar\u00e7o de 2020 a Receita Federal do Brasil resolveu instituir um Centro Operacional Aduaneiro de Gest\u00e3o da crise gerada pelo coronav\u00edrus (COVID-19), e tem como objetivo gerir de forma mais h\u00e1bil e c\u00e9lere o fluxo do com\u00e9rcio exterior. Como \u00e9 de not\u00f3rio conhecimento, ap\u00f3s a assola\u00e7\u00e3o da [&hellip;]","og_url":"https:\/\/dbtesser.com.br\/en\/receita-federal-do-brasil-cria-centro-operacional-especifico-para-agilizar-o-despacho-aduaneiro-diante-da-crise-instaurada-pelo-coronavirus\/","og_site_name":"DBTesser Advogados","article_published_time":"2020-03-31T17:59:18+00:00","og_image":[{"width":1024,"height":683,"url":"https:\/\/dbtesser.com.br\/wp-content\/uploads\/2026\/02\/new-db-31.03-1024x683-2.jpg","type":"image\/jpeg"}],"author":"DB Tesser","twitter_card":"summary_large_image","twitter_misc":{"Written by":"DB Tesser","Est. reading time":"2 minutes"},"schema":{"@context":"https:\/\/schema.org","@graph":[{"@type":"Article","@id":"https:\/\/dbtesser.com.br\/receita-federal-do-brasil-cria-centro-operacional-especifico-para-agilizar-o-despacho-aduaneiro-diante-da-crise-instaurada-pelo-coronavirus\/#article","isPartOf":{"@id":"https:\/\/dbtesser.com.br\/receita-federal-do-brasil-cria-centro-operacional-especifico-para-agilizar-o-despacho-aduaneiro-diante-da-crise-instaurada-pelo-coronavirus\/"},"author":{"name":"DB Tesser","@id":"https:\/\/dbtesser.com.br\/#\/schema\/person\/3414c67f51128e3d927f8011ab737728"},"headline":"Receita Federal do Brasil cria centro operacional espec\u00edfico para agilizar o despacho aduaneiro diante da crise instaurada pelo Coronav\u00edrus","datePublished":"2020-03-31T17:59:18+00:00","mainEntityOfPage":{"@id":"https:\/\/dbtesser.com.br\/receita-federal-do-brasil-cria-centro-operacional-especifico-para-agilizar-o-despacho-aduaneiro-diante-da-crise-instaurada-pelo-coronavirus\/"},"wordCount":328,"image":{"@id":"https:\/\/dbtesser.com.br\/receita-federal-do-brasil-cria-centro-operacional-especifico-para-agilizar-o-despacho-aduaneiro-diante-da-crise-instaurada-pelo-coronavirus\/#primaryimage"},"thumbnailUrl":"https:\/\/dbtesser.com.br\/wp-content\/uploads\/2026\/02\/new-db-31.03-1024x683-2.jpg","keywords":["Administra\u00e7\u00e3o Aduaneira","Aduana","Aduaneira","Aduaneiro","Cogec","Comercial Exportador","Com\u00e9rcio Internacional","Coronav\u00edrus","Covid","COVID-19","Despacho Aduaneiro","Direito Aduaneiro","Direito Tribut\u00e1rio","IMPORTA\u00c7\u00c3O","Pandemia","Receita Federal"],"articleSection":["Not\u00edcias"],"inLanguage":"en-US"},{"@type":"WebPage","@id":"https:\/\/dbtesser.com.br\/receita-federal-do-brasil-cria-centro-operacional-especifico-para-agilizar-o-despacho-aduaneiro-diante-da-crise-instaurada-pelo-coronavirus\/","url":"https:\/\/dbtesser.com.br\/receita-federal-do-brasil-cria-centro-operacional-especifico-para-agilizar-o-despacho-aduaneiro-diante-da-crise-instaurada-pelo-coronavirus\/","name":"Receita Federal do Brasil cria centro operacional espec\u00edfico para agilizar o despacho aduaneiro diante da crise instaurada pelo Coronav\u00edrus | DBTesser Advogados","isPartOf":{"@id":"https:\/\/dbtesser.com.br\/#website"},"primaryImageOfPage":{"@id":"https:\/\/dbtesser.com.br\/receita-federal-do-brasil-cria-centro-operacional-especifico-para-agilizar-o-despacho-aduaneiro-diante-da-crise-instaurada-pelo-coronavirus\/#primaryimage"},"image":{"@id":"https:\/\/dbtesser.com.br\/receita-federal-do-brasil-cria-centro-operacional-especifico-para-agilizar-o-despacho-aduaneiro-diante-da-crise-instaurada-pelo-coronavirus\/#primaryimage"},"thumbnailUrl":"https:\/\/dbtesser.com.br\/wp-content\/uploads\/2026\/02\/new-db-31.03-1024x683-2.jpg","datePublished":"2020-03-31T17:59:18+00:00","author":{"@id":"https:\/\/dbtesser.com.br\/#\/schema\/person\/3414c67f51128e3d927f8011ab737728"},"breadcrumb":{"@id":"https:\/\/dbtesser.com.br\/receita-federal-do-brasil-cria-centro-operacional-especifico-para-agilizar-o-despacho-aduaneiro-diante-da-crise-instaurada-pelo-coronavirus\/#breadcrumb"},"inLanguage":"en-US","potentialAction":[{"@type":"ReadAction","target":["https:\/\/dbtesser.com.br\/receita-federal-do-brasil-cria-centro-operacional-especifico-para-agilizar-o-despacho-aduaneiro-diante-da-crise-instaurada-pelo-coronavirus\/"]}]},{"@type":"ImageObject","inLanguage":"en-US","@id":"https:\/\/dbtesser.com.br\/receita-federal-do-brasil-cria-centro-operacional-especifico-para-agilizar-o-despacho-aduaneiro-diante-da-crise-instaurada-pelo-coronavirus\/#primaryimage","url":"https:\/\/dbtesser.com.br\/wp-content\/uploads\/2026\/02\/new-db-31.03-1024x683-2.jpg","contentUrl":"https:\/\/dbtesser.com.br\/wp-content\/uploads\/2026\/02\/new-db-31.03-1024x683-2.jpg","width":1024,"height":683,"caption":"new db x"},{"@type":"BreadcrumbList","@id":"https:\/\/dbtesser.com.br\/receita-federal-do-brasil-cria-centro-operacional-especifico-para-agilizar-o-despacho-aduaneiro-diante-da-crise-instaurada-pelo-coronavirus\/#breadcrumb","itemListElement":[{"@type":"ListItem","position":1,"name":"In\u00edcio","item":"https:\/\/dbtesser.com.br\/en\/"},{"@type":"ListItem","position":2,"name":"Receita Federal do Brasil cria centro operacional espec\u00edfico para agilizar o despacho aduaneiro diante da crise instaurada pelo Coronav\u00edrus"}]},{"@type":"WebSite","@id":"https:\/\/dbtesser.com.br\/#website","url":"https:\/\/dbtesser.com.br\/","name":"DB Tesser Lawyers","description":"","potentialAction":[{"@type":"SearchAction","target":{"@type":"EntryPoint","urlTemplate":"https:\/\/dbtesser.com.br\/?s={search_term_string}"},"query-input":{"@type":"PropertyValueSpecification","valueRequired":true,"valueName":"search_term_string"}}],"inLanguage":"en-US"},{"@type":"Person","@id":"https:\/\/dbtesser.com.br\/#\/schema\/person\/3414c67f51128e3d927f8011ab737728","name":"DB Tesser","url":"https:\/\/dbtesser.com.br\/en\/author\/db-tesser\/"}]}},"_links":{"self":[{"href":"https:\/\/dbtesser.com.br\/en\/wp-json\/wp\/v2\/posts\/2208","targetHints":{"allow":["GET"]}}],"collection":[{"href":"https:\/\/dbtesser.com.br\/en\/wp-json\/wp\/v2\/posts"}],"about":[{"href":"https:\/\/dbtesser.com.br\/en\/wp-json\/wp\/v2\/types\/post"}],"author":[{"embeddable":true,"href":"https:\/\/dbtesser.com.br\/en\/wp-json\/wp\/v2\/users\/4007"}],"replies":[{"embeddable":true,"href":"https:\/\/dbtesser.com.br\/en\/wp-json\/wp\/v2\/comments?post=2208"}],"version-history":[{"count":0,"href":"https:\/\/dbtesser.com.br\/en\/wp-json\/wp\/v2\/posts\/2208\/revisions"}],"wp:featuredmedia":[{"embeddable":true,"href":"https:\/\/dbtesser.com.br\/en\/wp-json\/wp\/v2\/media\/2207"}],"wp:attachment":[{"href":"https:\/\/dbtesser.com.br\/en\/wp-json\/wp\/v2\/media?parent=2208"}],"wp:term":[{"taxonomy":"category","embeddable":true,"href":"https:\/\/dbtesser.com.br\/en\/wp-json\/wp\/v2\/categories?post=2208"},{"taxonomy":"post_tag","embeddable":true,"href":"https:\/\/dbtesser.com.br\/en\/wp-json\/wp\/v2\/tags?post=2208"}],"curies":[{"name":"wp","href":"https:\/\/api.w.org\/{rel}","templated":true}]}}