{"id":2212,"date":"2020-03-27T09:58:58","date_gmt":"2020-03-27T12:58:58","guid":{"rendered":"https:\/\/dbtesser.siteup.dev\/governo-federal-resolve-zerar-a-tarifa-de-mais-61-produtos-para-tratamento-ou-prevencao-do-coronavirus-covid-19\/"},"modified":"2020-03-27T09:58:58","modified_gmt":"2020-03-27T12:58:58","slug":"governo-federal-resolve-zerar-a-tarifa-de-mais-61-produtos-para-tratamento-ou-prevencao-do-coronavirus-covid-19","status":"publish","type":"post","link":"https:\/\/dbtesser.com.br\/en\/governo-federal-resolve-zerar-a-tarifa-de-mais-61-produtos-para-tratamento-ou-prevencao-do-coronavirus-covid-19\/","title":{"rendered":"Governo Federal resolve zerar a tarifa de mais 61 produtos para tratamento ou preven\u00e7\u00e3o do Coronav\u00edrus (COVID-19)"},"content":{"rendered":"<div class=\"wp-block-image\"><figure class=\"aligncenter\"><img decoding=\"async\" src=\"https:\/\/dbtesser.com.br\/wp-content\/uploads\/2026\/02\/db-27-1.jpg\" alt=\"\" class=\"wp-image-863\"\/><\/figure><\/div>\n\n\n\n<p>As medidas que est\u00e3o sendo tomadas pelo governo v\u00eam se mostrando cada dia mais assertivas no que se refere ao com\u00e9rcio exterior.<\/p>\n\n\n\n<p>Dessa forma, n\u00e3o s\u00f3 decidiu zerar\na al\u00edquota do imposto de importa\u00e7\u00e3o para mais 61 produtos utilizados no\ncombate\/preven\u00e7\u00e3o ao coronav\u00edrus (COVID-19), como tamb\u00e9m houve a suspens\u00e3o\ntempor\u00e1ria de medidas <em>antidumping <\/em>contra seringas descart\u00e1veis e tubos\nde pl\u00e1stico para coletas de sangue.<\/p>\n\n\n\n<p>Logo, em continuidade \u00e0 medida\ntomada na semana passada (19\/03\/2020), que j\u00e1 reduzia e zerava o imposto de\nimporta\u00e7\u00e3o sobre 50 produtos, como luvas, m\u00e1scaras e outros produtos\nm\u00e9dico-hospitalares, o comit\u00ea executivo de gest\u00e3o (Gecex) e a C\u00e2mara de\nCom\u00e9rcio Exterior (Camex), deliberaram pela amplia\u00e7\u00e3o dessas decis\u00f5es, fazendo\nvaler a nova al\u00edquota at\u00e9 pelo menos final de setembro.<\/p>\n\n\n\n<p>Dentre os produtos que entram na\nlista, podem ser citados aqueles que incluem kits de testes de coronav\u00edrus,\ncloroquina, hidroxicloroquina, azitromicina e imunoglobulina.<\/p>\n\n\n\n<p>Assim, juntamente com a Ag\u00eancia\nNacional de Vigil\u00e2ncia Sanit\u00e1ria) os ministros da Economia e da Sa\u00fade delimitaram\nquais ser\u00e3o os produtos que ter\u00e3o uma tarifa zero.<\/p>\n\n\n\n<p>Portanto, diante da pandemia que vem assolando a popula\u00e7\u00e3o mundial, tais atua\u00e7\u00f5es do governo federal v\u00eam ganhando destaque nos \u00faltimos dias, auxiliando n\u00e3o s\u00f3 no combate ao v\u00edrus, como tamb\u00e9m, permitindo a facilita\u00e7\u00e3o das atividades no com\u00e9rcio internacional.<\/p>\n\n\n\n<p>News commented on by\u00a0<strong>Rebeca Ayres, <\/strong><em>Lawyer, graduated in Law in\u00a0<\/em>Graduated in 2017 from the Baiana Faculty of Law\/BA, specializing in Customs Law and Foreign Trade from Univali-Itaja\u00ed.<em>. Areas of Expertise: Customs Law, Tax Law, and Maritime Law. OAB\/BA 57.313 and OAB\/SC 52.845<\/em>.    <\/p>","protected":false},"excerpt":{"rendered":"<p>As medidas que est\u00e3o sendo tomadas pelo governo v\u00eam se mostrando cada dia mais assertivas no que se refere ao com\u00e9rcio exterior. Dessa forma, n\u00e3o s\u00f3 decidiu zerar a al\u00edquota do imposto de importa\u00e7\u00e3o para mais 61 produtos utilizados no combate\/preven\u00e7\u00e3o ao coronav\u00edrus (COVID-19), como tamb\u00e9m houve a suspens\u00e3o tempor\u00e1ria de medidas antidumping contra seringas [&hellip;]<\/p>\n","protected":false},"author":4007,"featured_media":2211,"comment_status":"","ping_status":"open","sticky":false,"template":"","format":"standard","meta":{"footnotes":""},"categories":[23],"tags":[37,39,47,138,140,166,178,183,256,267,271,382,412,413],"class_list":["post-2212","post","type-post","status-publish","format-standard","has-post-thumbnail","hentry","category-noticias","tag-aduana","tag-aduaneiro","tag-aliquota-de-importacao-2","tag-coronavirus-2","tag-covid-19","tag-desembaraco-aduaneiro-2","tag-direito-aduaneiro","tag-direito-tributario-2","tag-importacao-2","tag-importacao-de-produtos-medicos-2","tag-importacao-no-brasil-2","tag-pandemia","tag-produto-medico-2","tag-produto-medico-hospitalar"],"yoast_head":"<!-- This site is optimized with the Yoast SEO plugin v27.2 - https:\/\/yoast.com\/product\/yoast-seo-wordpress\/ -->\n<title>Governo Federal resolve zerar a tarifa de mais 61 produtos para tratamento ou preven\u00e7\u00e3o do Coronav\u00edrus (COVID-19) | DBTesser Advogados<\/title>\n<meta name=\"robots\" content=\"index, follow, max-snippet:-1, max-image-preview:large, max-video-preview:-1\" \/>\n<link rel=\"canonical\" href=\"https:\/\/dbtesser.com.br\/en\/governo-federal-resolve-zerar-a-tarifa-de-mais-61-produtos-para-tratamento-ou-prevencao-do-coronavirus-covid-19\/\" \/>\n<meta property=\"og:locale\" content=\"en_US\" \/>\n<meta property=\"og:type\" content=\"article\" \/>\n<meta property=\"og:title\" content=\"Governo Federal resolve zerar a tarifa de mais 61 produtos para tratamento ou preven\u00e7\u00e3o do Coronav\u00edrus (COVID-19) | DBTesser Advogados\" \/>\n<meta property=\"og:description\" content=\"As medidas que est\u00e3o sendo tomadas pelo governo v\u00eam se mostrando cada dia mais assertivas no que se refere ao com\u00e9rcio exterior. Dessa forma, n\u00e3o s\u00f3 decidiu zerar a al\u00edquota do imposto de importa\u00e7\u00e3o para mais 61 produtos utilizados no combate\/preven\u00e7\u00e3o ao coronav\u00edrus (COVID-19), como tamb\u00e9m houve a suspens\u00e3o tempor\u00e1ria de medidas antidumping contra seringas [&hellip;]\" \/>\n<meta property=\"og:url\" content=\"https:\/\/dbtesser.com.br\/en\/governo-federal-resolve-zerar-a-tarifa-de-mais-61-produtos-para-tratamento-ou-prevencao-do-coronavirus-covid-19\/\" \/>\n<meta property=\"og:site_name\" content=\"DBTesser Advogados\" \/>\n<meta property=\"article:published_time\" content=\"2020-03-27T12:58:58+00:00\" \/>\n<meta property=\"og:image\" content=\"https:\/\/dbtesser.com.br\/wp-content\/uploads\/2026\/02\/db-27-1.jpg\" \/>\n\t<meta property=\"og:image:width\" content=\"800\" \/>\n\t<meta property=\"og:image:height\" content=\"533\" \/>\n\t<meta property=\"og:image:type\" content=\"image\/jpeg\" \/>\n<meta name=\"author\" content=\"DB Tesser\" \/>\n<meta name=\"twitter:card\" content=\"summary_large_image\" \/>\n<meta name=\"twitter:label1\" content=\"Written by\" \/>\n\t<meta name=\"twitter:data1\" content=\"DB Tesser\" \/>\n\t<meta name=\"twitter:label2\" content=\"Est. reading time\" \/>\n\t<meta name=\"twitter:data2\" content=\"1 minute\" \/>\n<script type=\"application\/ld+json\" class=\"yoast-schema-graph\">{\"@context\":\"https:\/\/schema.org\",\"@graph\":[{\"@type\":\"Article\",\"@id\":\"https:\/\/dbtesser.com.br\/governo-federal-resolve-zerar-a-tarifa-de-mais-61-produtos-para-tratamento-ou-prevencao-do-coronavirus-covid-19\/#article\",\"isPartOf\":{\"@id\":\"https:\/\/dbtesser.com.br\/governo-federal-resolve-zerar-a-tarifa-de-mais-61-produtos-para-tratamento-ou-prevencao-do-coronavirus-covid-19\/\"},\"author\":{\"name\":\"DB Tesser\",\"@id\":\"https:\/\/dbtesser.com.br\/#\/schema\/person\/3414c67f51128e3d927f8011ab737728\"},\"headline\":\"Governo Federal resolve zerar a tarifa de mais 61 produtos para tratamento ou preven\u00e7\u00e3o do Coronav\u00edrus (COVID-19)\",\"datePublished\":\"2020-03-27T12:58:58+00:00\",\"mainEntityOfPage\":{\"@id\":\"https:\/\/dbtesser.com.br\/governo-federal-resolve-zerar-a-tarifa-de-mais-61-produtos-para-tratamento-ou-prevencao-do-coronavirus-covid-19\/\"},\"wordCount\":306,\"image\":{\"@id\":\"https:\/\/dbtesser.com.br\/governo-federal-resolve-zerar-a-tarifa-de-mais-61-produtos-para-tratamento-ou-prevencao-do-coronavirus-covid-19\/#primaryimage\"},\"thumbnailUrl\":\"https:\/\/dbtesser.com.br\/wp-content\/uploads\/2026\/02\/db-27-1.jpg\",\"keywords\":[\"Aduana\",\"Aduaneiro\",\"AL\u00cdQUOTA DE IMPORTA\u00c7\u00c3O\",\"CORONAV\u00cdRUS\",\"COVID-19\",\"DESEMBARA\u00c7O ADUANEIRO\",\"Direito Aduaneiro\",\"DIREITO TRIBUT\u00c1RIO\",\"IMPORTA\u00c7\u00c3O\",\"IMPORTA\u00c7\u00c3O DE PRODUTOS M\u00c9DICOS\",\"IMPORTA\u00c7\u00c3O NO BRASIL\",\"Pandemia\",\"PRODUTO M\u00c9DICO\",\"Produto m\u00e9dico hospitalar\"],\"articleSection\":[\"Not\u00edcias\"],\"inLanguage\":\"en-US\"},{\"@type\":\"WebPage\",\"@id\":\"https:\/\/dbtesser.com.br\/governo-federal-resolve-zerar-a-tarifa-de-mais-61-produtos-para-tratamento-ou-prevencao-do-coronavirus-covid-19\/\",\"url\":\"https:\/\/dbtesser.com.br\/governo-federal-resolve-zerar-a-tarifa-de-mais-61-produtos-para-tratamento-ou-prevencao-do-coronavirus-covid-19\/\",\"name\":\"Governo Federal resolve zerar a tarifa de mais 61 produtos para tratamento ou preven\u00e7\u00e3o do Coronav\u00edrus (COVID-19) | DBTesser Advogados\",\"isPartOf\":{\"@id\":\"https:\/\/dbtesser.com.br\/#website\"},\"primaryImageOfPage\":{\"@id\":\"https:\/\/dbtesser.com.br\/governo-federal-resolve-zerar-a-tarifa-de-mais-61-produtos-para-tratamento-ou-prevencao-do-coronavirus-covid-19\/#primaryimage\"},\"image\":{\"@id\":\"https:\/\/dbtesser.com.br\/governo-federal-resolve-zerar-a-tarifa-de-mais-61-produtos-para-tratamento-ou-prevencao-do-coronavirus-covid-19\/#primaryimage\"},\"thumbnailUrl\":\"https:\/\/dbtesser.com.br\/wp-content\/uploads\/2026\/02\/db-27-1.jpg\",\"datePublished\":\"2020-03-27T12:58:58+00:00\",\"author\":{\"@id\":\"https:\/\/dbtesser.com.br\/#\/schema\/person\/3414c67f51128e3d927f8011ab737728\"},\"breadcrumb\":{\"@id\":\"https:\/\/dbtesser.com.br\/governo-federal-resolve-zerar-a-tarifa-de-mais-61-produtos-para-tratamento-ou-prevencao-do-coronavirus-covid-19\/#breadcrumb\"},\"inLanguage\":\"en-US\",\"potentialAction\":[{\"@type\":\"ReadAction\",\"target\":[\"https:\/\/dbtesser.com.br\/governo-federal-resolve-zerar-a-tarifa-de-mais-61-produtos-para-tratamento-ou-prevencao-do-coronavirus-covid-19\/\"]}]},{\"@type\":\"ImageObject\",\"inLanguage\":\"en-US\",\"@id\":\"https:\/\/dbtesser.com.br\/governo-federal-resolve-zerar-a-tarifa-de-mais-61-produtos-para-tratamento-ou-prevencao-do-coronavirus-covid-19\/#primaryimage\",\"url\":\"https:\/\/dbtesser.com.br\/wp-content\/uploads\/2026\/02\/db-27-1.jpg\",\"contentUrl\":\"https:\/\/dbtesser.com.br\/wp-content\/uploads\/2026\/02\/db-27-1.jpg\",\"width\":800,\"height\":533,\"caption\":\"db\"},{\"@type\":\"BreadcrumbList\",\"@id\":\"https:\/\/dbtesser.com.br\/governo-federal-resolve-zerar-a-tarifa-de-mais-61-produtos-para-tratamento-ou-prevencao-do-coronavirus-covid-19\/#breadcrumb\",\"itemListElement\":[{\"@type\":\"ListItem\",\"position\":1,\"name\":\"In\u00edcio\",\"item\":\"https:\/\/dbtesser.com.br\/en\/\"},{\"@type\":\"ListItem\",\"position\":2,\"name\":\"Governo Federal resolve zerar a tarifa de mais 61 produtos para tratamento ou preven\u00e7\u00e3o do Coronav\u00edrus (COVID-19)\"}]},{\"@type\":\"WebSite\",\"@id\":\"https:\/\/dbtesser.com.br\/#website\",\"url\":\"https:\/\/dbtesser.com.br\/\",\"name\":\"DB Tesser Advogados\",\"description\":\"\",\"potentialAction\":[{\"@type\":\"SearchAction\",\"target\":{\"@type\":\"EntryPoint\",\"urlTemplate\":\"https:\/\/dbtesser.com.br\/?s={search_term_string}\"},\"query-input\":{\"@type\":\"PropertyValueSpecification\",\"valueRequired\":true,\"valueName\":\"search_term_string\"}}],\"inLanguage\":\"en-US\"},{\"@type\":\"Person\",\"@id\":\"https:\/\/dbtesser.com.br\/#\/schema\/person\/3414c67f51128e3d927f8011ab737728\",\"name\":\"DB Tesser\",\"url\":\"https:\/\/dbtesser.com.br\/en\/author\/db-tesser\/\"}]}<\/script>\n<!-- \/ Yoast SEO plugin. -->","yoast_head_json":{"title":"Governo Federal resolve zerar a tarifa de mais 61 produtos para tratamento ou preven\u00e7\u00e3o do Coronav\u00edrus (COVID-19) | DBTesser Advogados","robots":{"index":"index","follow":"follow","max-snippet":"max-snippet:-1","max-image-preview":"max-image-preview:large","max-video-preview":"max-video-preview:-1"},"canonical":"https:\/\/dbtesser.com.br\/en\/governo-federal-resolve-zerar-a-tarifa-de-mais-61-produtos-para-tratamento-ou-prevencao-do-coronavirus-covid-19\/","og_locale":"en_US","og_type":"article","og_title":"Governo Federal resolve zerar a tarifa de mais 61 produtos para tratamento ou preven\u00e7\u00e3o do Coronav\u00edrus (COVID-19) | DBTesser Advogados","og_description":"As medidas que est\u00e3o sendo tomadas pelo governo v\u00eam se mostrando cada dia mais assertivas no que se refere ao com\u00e9rcio exterior. Dessa forma, n\u00e3o s\u00f3 decidiu zerar a al\u00edquota do imposto de importa\u00e7\u00e3o para mais 61 produtos utilizados no combate\/preven\u00e7\u00e3o ao coronav\u00edrus (COVID-19), como tamb\u00e9m houve a suspens\u00e3o tempor\u00e1ria de medidas antidumping contra seringas [&hellip;]","og_url":"https:\/\/dbtesser.com.br\/en\/governo-federal-resolve-zerar-a-tarifa-de-mais-61-produtos-para-tratamento-ou-prevencao-do-coronavirus-covid-19\/","og_site_name":"DBTesser Advogados","article_published_time":"2020-03-27T12:58:58+00:00","og_image":[{"width":800,"height":533,"url":"https:\/\/dbtesser.com.br\/wp-content\/uploads\/2026\/02\/db-27-1.jpg","type":"image\/jpeg"}],"author":"DB Tesser","twitter_card":"summary_large_image","twitter_misc":{"Written by":"DB Tesser","Est. reading time":"1 minute"},"schema":{"@context":"https:\/\/schema.org","@graph":[{"@type":"Article","@id":"https:\/\/dbtesser.com.br\/governo-federal-resolve-zerar-a-tarifa-de-mais-61-produtos-para-tratamento-ou-prevencao-do-coronavirus-covid-19\/#article","isPartOf":{"@id":"https:\/\/dbtesser.com.br\/governo-federal-resolve-zerar-a-tarifa-de-mais-61-produtos-para-tratamento-ou-prevencao-do-coronavirus-covid-19\/"},"author":{"name":"DB Tesser","@id":"https:\/\/dbtesser.com.br\/#\/schema\/person\/3414c67f51128e3d927f8011ab737728"},"headline":"Governo Federal resolve zerar a tarifa de mais 61 produtos para tratamento ou preven\u00e7\u00e3o do Coronav\u00edrus (COVID-19)","datePublished":"2020-03-27T12:58:58+00:00","mainEntityOfPage":{"@id":"https:\/\/dbtesser.com.br\/governo-federal-resolve-zerar-a-tarifa-de-mais-61-produtos-para-tratamento-ou-prevencao-do-coronavirus-covid-19\/"},"wordCount":306,"image":{"@id":"https:\/\/dbtesser.com.br\/governo-federal-resolve-zerar-a-tarifa-de-mais-61-produtos-para-tratamento-ou-prevencao-do-coronavirus-covid-19\/#primaryimage"},"thumbnailUrl":"https:\/\/dbtesser.com.br\/wp-content\/uploads\/2026\/02\/db-27-1.jpg","keywords":["Aduana","Aduaneiro","AL\u00cdQUOTA DE IMPORTA\u00c7\u00c3O","CORONAV\u00cdRUS","COVID-19","DESEMBARA\u00c7O ADUANEIRO","Direito Aduaneiro","DIREITO TRIBUT\u00c1RIO","IMPORTA\u00c7\u00c3O","IMPORTA\u00c7\u00c3O DE PRODUTOS M\u00c9DICOS","IMPORTA\u00c7\u00c3O NO BRASIL","Pandemia","PRODUTO M\u00c9DICO","Produto m\u00e9dico hospitalar"],"articleSection":["Not\u00edcias"],"inLanguage":"en-US"},{"@type":"WebPage","@id":"https:\/\/dbtesser.com.br\/governo-federal-resolve-zerar-a-tarifa-de-mais-61-produtos-para-tratamento-ou-prevencao-do-coronavirus-covid-19\/","url":"https:\/\/dbtesser.com.br\/governo-federal-resolve-zerar-a-tarifa-de-mais-61-produtos-para-tratamento-ou-prevencao-do-coronavirus-covid-19\/","name":"Governo Federal resolve zerar a tarifa de mais 61 produtos para tratamento ou preven\u00e7\u00e3o do Coronav\u00edrus (COVID-19) | DBTesser Advogados","isPartOf":{"@id":"https:\/\/dbtesser.com.br\/#website"},"primaryImageOfPage":{"@id":"https:\/\/dbtesser.com.br\/governo-federal-resolve-zerar-a-tarifa-de-mais-61-produtos-para-tratamento-ou-prevencao-do-coronavirus-covid-19\/#primaryimage"},"image":{"@id":"https:\/\/dbtesser.com.br\/governo-federal-resolve-zerar-a-tarifa-de-mais-61-produtos-para-tratamento-ou-prevencao-do-coronavirus-covid-19\/#primaryimage"},"thumbnailUrl":"https:\/\/dbtesser.com.br\/wp-content\/uploads\/2026\/02\/db-27-1.jpg","datePublished":"2020-03-27T12:58:58+00:00","author":{"@id":"https:\/\/dbtesser.com.br\/#\/schema\/person\/3414c67f51128e3d927f8011ab737728"},"breadcrumb":{"@id":"https:\/\/dbtesser.com.br\/governo-federal-resolve-zerar-a-tarifa-de-mais-61-produtos-para-tratamento-ou-prevencao-do-coronavirus-covid-19\/#breadcrumb"},"inLanguage":"en-US","potentialAction":[{"@type":"ReadAction","target":["https:\/\/dbtesser.com.br\/governo-federal-resolve-zerar-a-tarifa-de-mais-61-produtos-para-tratamento-ou-prevencao-do-coronavirus-covid-19\/"]}]},{"@type":"ImageObject","inLanguage":"en-US","@id":"https:\/\/dbtesser.com.br\/governo-federal-resolve-zerar-a-tarifa-de-mais-61-produtos-para-tratamento-ou-prevencao-do-coronavirus-covid-19\/#primaryimage","url":"https:\/\/dbtesser.com.br\/wp-content\/uploads\/2026\/02\/db-27-1.jpg","contentUrl":"https:\/\/dbtesser.com.br\/wp-content\/uploads\/2026\/02\/db-27-1.jpg","width":800,"height":533,"caption":"db"},{"@type":"BreadcrumbList","@id":"https:\/\/dbtesser.com.br\/governo-federal-resolve-zerar-a-tarifa-de-mais-61-produtos-para-tratamento-ou-prevencao-do-coronavirus-covid-19\/#breadcrumb","itemListElement":[{"@type":"ListItem","position":1,"name":"In\u00edcio","item":"https:\/\/dbtesser.com.br\/en\/"},{"@type":"ListItem","position":2,"name":"Governo Federal resolve zerar a tarifa de mais 61 produtos para tratamento ou preven\u00e7\u00e3o do Coronav\u00edrus (COVID-19)"}]},{"@type":"WebSite","@id":"https:\/\/dbtesser.com.br\/#website","url":"https:\/\/dbtesser.com.br\/","name":"DB Tesser Lawyers","description":"","potentialAction":[{"@type":"SearchAction","target":{"@type":"EntryPoint","urlTemplate":"https:\/\/dbtesser.com.br\/?s={search_term_string}"},"query-input":{"@type":"PropertyValueSpecification","valueRequired":true,"valueName":"search_term_string"}}],"inLanguage":"en-US"},{"@type":"Person","@id":"https:\/\/dbtesser.com.br\/#\/schema\/person\/3414c67f51128e3d927f8011ab737728","name":"DB Tesser","url":"https:\/\/dbtesser.com.br\/en\/author\/db-tesser\/"}]}},"_links":{"self":[{"href":"https:\/\/dbtesser.com.br\/en\/wp-json\/wp\/v2\/posts\/2212","targetHints":{"allow":["GET"]}}],"collection":[{"href":"https:\/\/dbtesser.com.br\/en\/wp-json\/wp\/v2\/posts"}],"about":[{"href":"https:\/\/dbtesser.com.br\/en\/wp-json\/wp\/v2\/types\/post"}],"author":[{"embeddable":true,"href":"https:\/\/dbtesser.com.br\/en\/wp-json\/wp\/v2\/users\/4007"}],"replies":[{"embeddable":true,"href":"https:\/\/dbtesser.com.br\/en\/wp-json\/wp\/v2\/comments?post=2212"}],"version-history":[{"count":0,"href":"https:\/\/dbtesser.com.br\/en\/wp-json\/wp\/v2\/posts\/2212\/revisions"}],"wp:featuredmedia":[{"embeddable":true,"href":"https:\/\/dbtesser.com.br\/en\/wp-json\/wp\/v2\/media\/2211"}],"wp:attachment":[{"href":"https:\/\/dbtesser.com.br\/en\/wp-json\/wp\/v2\/media?parent=2212"}],"wp:term":[{"taxonomy":"category","embeddable":true,"href":"https:\/\/dbtesser.com.br\/en\/wp-json\/wp\/v2\/categories?post=2212"},{"taxonomy":"post_tag","embeddable":true,"href":"https:\/\/dbtesser.com.br\/en\/wp-json\/wp\/v2\/tags?post=2212"}],"curies":[{"name":"wp","href":"https:\/\/api.w.org\/{rel}","templated":true}]}}