{"id":2214,"date":"2020-03-25T15:02:34","date_gmt":"2020-03-25T18:02:34","guid":{"rendered":"https:\/\/dbtesser.siteup.dev\/economia-x-coronavirus\/"},"modified":"2020-03-25T15:02:34","modified_gmt":"2020-03-25T18:02:34","slug":"economy-vs-coronavirus","status":"publish","type":"post","link":"https:\/\/dbtesser.com.br\/en\/economia-x-coronavirus\/","title":{"rendered":"Economy vs. Coronavirus"},"content":{"rendered":"<div class=\"wp-block-image\"><figure class=\"aligncenter\"><img decoding=\"async\" src=\"https:\/\/dbtesser.com.br\/wp-content\/uploads\/2026\/02\/artigo-SITE-1024x693-2.jpg\" alt=\"pandemiccoronaviruscovid19economy\" class=\"wp-image-857\"\/><figcaption><br><br><\/figcaption><\/figure><\/div>\n\n\n\n<p>When it comes to Coronavirus, there are many discussions and opinions given about what would be best for Brazil and for the world. In truth, it&#039;s safe to say there is no single answer.<\/p>\n\n\n\n<p>So, let&#039;s draw a parallel between the issues faced. On one hand, we have the so-called &quot;post-apocalyptic economic fear,&quot; and on the other, &quot;family insecurity.&quot;.<\/p>\n\n\n\n<p>The conjectures discussed here could be elaborated upon in countless pages. However, for now, the aim is simply to present, in a concise summary, the superficial situation of the entrepreneur, as well as that of his human capital \u2013 the employees.<\/p>\n\n\n\n<p>This is a major issue to be discussed, given that many companies don&#039;t know the best course of action. Measuring how long they will have to endure losses is the big unknown. If we&#039;re talking about a global lockdown for a period of one month, the business owner could take path &quot;a&quot;. However, if it&#039;s two months, path &quot;b&quot;, or &quot;c&quot;, or &quot;d&quot; will be adopted, respectively for the period.<\/p>\n\n\n\n<p>In truth, even though business owners are already accustomed to legal uncertainty, the fact is that the COVID-19 case has shattered all the paradigms that had been overcome throughout the dark years since the Brazilian regulatory framework was established.<\/p>\n\n\n\n<p>Moving away from the world of ideas and towards practical application, many legal and economic experts, as well as intellectuals and columnists, have commented on the topic of COVID-19. Regarding the topic at hand, tax expert and professor Dr. Fernando Facury Scaff concluded that &quot;(...) industries are slowing down (...). This points to less revenue throughout the economic chain of goods and services. There will be a substantial drop in the national GDP, which will impact public accounts and the whole of society. It will not only affect Brazil, but the entire world. This is a pandemic, which does not respect national borders. Companies will suffer heavily from the effects of the crisis. Unfortunately, with lower revenue, there will be less money to pay current expenses, many of which will be postponed.&quot;\u201c<\/p>\n\n\n\n<p>As it appears, even if the &quot;hit is successful,&quot; it is important for the entrepreneur to establish a good line of commercial communication with their creditors and debtors, whether it be a business partner, supplier, national or international, or even a bank.<\/p>\n\n\n\n<p>Scaff also emphasizes that &quot;The priority should be salaries and preserving the team \u2013 after all, this crisis will pass and business will return to normal, making it necessary to preserve human capital.&quot;\u201c<\/p>\n\n\n\n<p>Therefore, the business owner should adopt measures that allow them to absorb the partial impact of costs throughout this recession period, encouraging employees to strongly adopt teleworking and online sales, reassigning teams previously involved in other activities to this business model.<\/p>\n\n\n\n<p>There are also those who believe that debt restructuring will occur between creditors and debtors in the private sphere, adjusting procedures and payment methods, such as the exclusion of interest. Remember that in many negotiations you will be the creditor, but in others, the debtor. Be flexible with those who also grant you benefits; this will make this period of commercial isolation and post-traumatic recession less painful.<\/p>\n\n\n\n<p>In the tax sphere, albeit timidly, several governments are studying and adopting measures to postpone the collection of certain taxes.<\/p>\n\n\n\n<p>From another perspective, Thomas L. Friedman, an American journalist and current columnist for The New York Times, had an article published on the topic on March 22, 2020: \u201cA Plan to Get America Back to Work\u201d.<\/p>\n\n\n\n<p>Always in a bold and often quite controversial manner, he delivered a raw and unfiltered analysis of the country&#039;s potential economic collapse, as dramatic as that caused to the population by the virus.<\/p>\n\n\n\n<p>Friedman primarily emphasizes the fact that we must be wary of &quot;groupthink&quot; and that even &quot;small wrong choices can have big consequences.&quot;\u201c<\/p>\n\n\n\n<p>The big question he raised is how to be forceful in combating the virus while simultaneously allowing people to return to work safely as soon as possible.<\/p>\n\n\n\n<p>In a quote referring to Dr. John PA Ioannidis, epidemiologist and co-director of the Stanford Center for Innovation in Meta-Research, Friedman highlights the point about the 1% or less case fatality rate for the virus, based on studies conducted to date.<\/p>\n\n\n\n<p>From this perspective, the consequences of a complete shutdown of the economic system would generate not only financial chaos for a long period, but also deaths resulting from other situations that would be left unattended due to the exclusive attention focused on the Coronavirus, such as a person suffering a stroke or having to postpone chemotherapy.<\/p>\n\n\n\n<p>In short, the discussion is valid and very important, but, as we can see, scientific and technical evolution, day after day, will dictate the main rules to be adopted by society in general.<\/p>\n\n\n\n<p>Article by\u00a0<strong>Fabricio Norat, <\/strong><em>Lawyer, graduated in Law in\u00a0<\/em>2014 by FMU\/SP<em>. Area of Expertise: Customs Law, Tax Law. Brazilian Bar Association (OAB): <\/em>431.023.    <\/p>\n\n\n\n<p>Sources for research: <a href=\"https:\/\/www.nytimes.com\/2020\/03\/22\/opinion\/coronavirus-economy.html\">NYTIMES <\/a>; <a href=\"https:\/\/braziljournal.com\/coronavirus-medicos-defendem-abordagem-cirurgica-em-vez-de-lockdown-indefinido\">BRAZIL JOURNAL <\/a>; <a href=\"https:\/\/www.conjur.com.br\/2020-mar-23\/aspectos-economicos-financeiros-tributarios-crise-coronavirus\">CONJUR<\/a><\/p>","protected":false},"excerpt":{"rendered":"<p>Quando o assunto \u00e9 Coronav\u00edrus muitas s\u00e3o as discuss\u00f5es e opini\u00f5es dadas sobre o que seria melhor para o Brasil e para o mundo. Em verdade, adianta-se que resposta n\u00e3o h\u00e1. Pois bem, tra\u00e7a-se o paralelismo enfrentado. De um lado temos o chamado \u201cmedo econ\u00f4mico do p\u00f3s apocalipse\u201d e de outro a \u201cinseguran\u00e7a familiar\u201d. As [&hellip;]<\/p>\n","protected":false},"author":4007,"featured_media":857,"comment_status":"","ping_status":"open","sticky":false,"template":"","format":"standard","meta":{"footnotes":""},"categories":[24,23],"tags":[115,116,118,137,140,178,182,194,195,196,204,235,351,382,493],"class_list":["post-2214","post","type-post","status-publish","format-standard","has-post-thumbnail","hentry","category-artigos","category-noticias","tag-comercio","tag-comercio-exterior","tag-comercio-internacional","tag-coronavirus","tag-covid-19","tag-direito-aduaneiro","tag-direito-tributario","tag-economia","tag-economia-brasileira","tag-economia-no-brasil","tag-empresarial","tag-fiscalizacao","tag-ministerio-da-economia","tag-pandemia","tag-tributario"],"yoast_head":"<!-- This site is optimized with the Yoast SEO plugin v27.2 - https:\/\/yoast.com\/product\/yoast-seo-wordpress\/ -->\n<title>Economia x Coronav\u00edrus | DBTesser Advogados<\/title>\n<meta name=\"robots\" content=\"index, follow, max-snippet:-1, max-image-preview:large, max-video-preview:-1\" \/>\n<link rel=\"canonical\" href=\"https:\/\/dbtesser.com.br\/en\/economy-vs-coronavirus\/\" \/>\n<meta property=\"og:locale\" content=\"en_US\" \/>\n<meta property=\"og:type\" content=\"article\" \/>\n<meta property=\"og:title\" content=\"Economia x Coronav\u00edrus | DBTesser Advogados\" \/>\n<meta property=\"og:description\" content=\"Quando o assunto \u00e9 Coronav\u00edrus muitas s\u00e3o as discuss\u00f5es e opini\u00f5es dadas sobre o que seria melhor para o Brasil e para o mundo. Em verdade, adianta-se que resposta n\u00e3o h\u00e1. Pois bem, tra\u00e7a-se o paralelismo enfrentado. De um lado temos o chamado \u201cmedo econ\u00f4mico do p\u00f3s apocalipse\u201d e de outro a \u201cinseguran\u00e7a familiar\u201d. As [&hellip;]\" \/>\n<meta property=\"og:url\" content=\"https:\/\/dbtesser.com.br\/en\/economy-vs-coronavirus\/\" \/>\n<meta property=\"og:site_name\" content=\"DBTesser Advogados\" \/>\n<meta property=\"article:published_time\" content=\"2020-03-25T18:02:34+00:00\" \/>\n<meta property=\"og:image\" content=\"https:\/\/dbtesser.com.br\/wp-content\/uploads\/2026\/01\/Nossos-Especialistas-2.png\" \/>\n\t<meta property=\"og:image:width\" content=\"402\" \/>\n\t<meta property=\"og:image:height\" content=\"296\" \/>\n\t<meta property=\"og:image:type\" content=\"image\/png\" \/>\n<meta name=\"author\" content=\"DB Tesser\" \/>\n<meta name=\"twitter:card\" content=\"summary_large_image\" \/>\n<meta name=\"twitter:label1\" content=\"Written by\" \/>\n\t<meta name=\"twitter:data1\" content=\"DB Tesser\" \/>\n\t<meta name=\"twitter:label2\" content=\"Est. reading time\" \/>\n\t<meta name=\"twitter:data2\" content=\"4 minutes\" \/>\n<script type=\"application\/ld+json\" class=\"yoast-schema-graph\">{\"@context\":\"https:\/\/schema.org\",\"@graph\":[{\"@type\":\"Article\",\"@id\":\"https:\/\/dbtesser.com.br\/economia-x-coronavirus\/#article\",\"isPartOf\":{\"@id\":\"https:\/\/dbtesser.com.br\/economia-x-coronavirus\/\"},\"author\":{\"name\":\"DB Tesser\",\"@id\":\"https:\/\/dbtesser.com.br\/#\/schema\/person\/3414c67f51128e3d927f8011ab737728\"},\"headline\":\"Economia x Coronav\u00edrus\",\"datePublished\":\"2020-03-25T18:02:34+00:00\",\"mainEntityOfPage\":{\"@id\":\"https:\/\/dbtesser.com.br\/economia-x-coronavirus\/\"},\"wordCount\":891,\"image\":{\"@id\":\"https:\/\/dbtesser.com.br\/economia-x-coronavirus\/#primaryimage\"},\"thumbnailUrl\":\"https:\/\/dbtesser.com.br\/wp-content\/uploads\/2026\/01\/Nossos-Especialistas-2.png\",\"keywords\":[\"Com\u00e9rcio\",\"Com\u00e9rcio Exterior\",\"Com\u00e9rcio Internacional\",\"Coronav\u00edrus\",\"COVID-19\",\"Direito Aduaneiro\",\"Direito Tribut\u00e1rio\",\"Economia\",\"Economia Brasileira\",\"Economia no Brasil\",\"Empresarial\",\"Fiscaliza\u00e7\u00e3o\",\"Minist\u00e9rio da economia\",\"Pandemia\",\"Tribut\u00e1rio\"],\"articleSection\":[\"Artigos\",\"Not\u00edcias\"],\"inLanguage\":\"en-US\"},{\"@type\":\"WebPage\",\"@id\":\"https:\/\/dbtesser.com.br\/economia-x-coronavirus\/\",\"url\":\"https:\/\/dbtesser.com.br\/economia-x-coronavirus\/\",\"name\":\"Economia x Coronav\u00edrus | DBTesser Advogados\",\"isPartOf\":{\"@id\":\"https:\/\/dbtesser.com.br\/#website\"},\"primaryImageOfPage\":{\"@id\":\"https:\/\/dbtesser.com.br\/economia-x-coronavirus\/#primaryimage\"},\"image\":{\"@id\":\"https:\/\/dbtesser.com.br\/economia-x-coronavirus\/#primaryimage\"},\"thumbnailUrl\":\"https:\/\/dbtesser.com.br\/wp-content\/uploads\/2026\/01\/Nossos-Especialistas-2.png\",\"datePublished\":\"2020-03-25T18:02:34+00:00\",\"author\":{\"@id\":\"https:\/\/dbtesser.com.br\/#\/schema\/person\/3414c67f51128e3d927f8011ab737728\"},\"breadcrumb\":{\"@id\":\"https:\/\/dbtesser.com.br\/economia-x-coronavirus\/#breadcrumb\"},\"inLanguage\":\"en-US\",\"potentialAction\":[{\"@type\":\"ReadAction\",\"target\":[\"https:\/\/dbtesser.com.br\/economia-x-coronavirus\/\"]}]},{\"@type\":\"ImageObject\",\"inLanguage\":\"en-US\",\"@id\":\"https:\/\/dbtesser.com.br\/economia-x-coronavirus\/#primaryimage\",\"url\":\"https:\/\/dbtesser.com.br\/wp-content\/uploads\/2026\/01\/Nossos-Especialistas-2.png\",\"contentUrl\":\"https:\/\/dbtesser.com.br\/wp-content\/uploads\/2026\/01\/Nossos-Especialistas-2.png\",\"width\":402,\"height\":296,\"caption\":\"Nossos Especialistas\"},{\"@type\":\"BreadcrumbList\",\"@id\":\"https:\/\/dbtesser.com.br\/economia-x-coronavirus\/#breadcrumb\",\"itemListElement\":[{\"@type\":\"ListItem\",\"position\":1,\"name\":\"In\u00edcio\",\"item\":\"https:\/\/dbtesser.com.br\/en\/\"},{\"@type\":\"ListItem\",\"position\":2,\"name\":\"Economia x Coronav\u00edrus\"}]},{\"@type\":\"WebSite\",\"@id\":\"https:\/\/dbtesser.com.br\/#website\",\"url\":\"https:\/\/dbtesser.com.br\/\",\"name\":\"DB Tesser Advogados\",\"description\":\"\",\"potentialAction\":[{\"@type\":\"SearchAction\",\"target\":{\"@type\":\"EntryPoint\",\"urlTemplate\":\"https:\/\/dbtesser.com.br\/?s={search_term_string}\"},\"query-input\":{\"@type\":\"PropertyValueSpecification\",\"valueRequired\":true,\"valueName\":\"search_term_string\"}}],\"inLanguage\":\"en-US\"},{\"@type\":\"Person\",\"@id\":\"https:\/\/dbtesser.com.br\/#\/schema\/person\/3414c67f51128e3d927f8011ab737728\",\"name\":\"DB Tesser\",\"url\":\"https:\/\/dbtesser.com.br\/en\/author\/db-tesser\/\"}]}<\/script>\n<!-- \/ Yoast SEO plugin. -->","yoast_head_json":{"title":"Economy vs. Coronavirus | DBTesser Lawyers","robots":{"index":"index","follow":"follow","max-snippet":"max-snippet:-1","max-image-preview":"max-image-preview:large","max-video-preview":"max-video-preview:-1"},"canonical":"https:\/\/dbtesser.com.br\/en\/economy-vs-coronavirus\/","og_locale":"en_US","og_type":"article","og_title":"Economia x Coronav\u00edrus | DBTesser Advogados","og_description":"Quando o assunto \u00e9 Coronav\u00edrus muitas s\u00e3o as discuss\u00f5es e opini\u00f5es dadas sobre o que seria melhor para o Brasil e para o mundo. Em verdade, adianta-se que resposta n\u00e3o h\u00e1. Pois bem, tra\u00e7a-se o paralelismo enfrentado. De um lado temos o chamado \u201cmedo econ\u00f4mico do p\u00f3s apocalipse\u201d e de outro a \u201cinseguran\u00e7a familiar\u201d. As [&hellip;]","og_url":"https:\/\/dbtesser.com.br\/en\/economy-vs-coronavirus\/","og_site_name":"DBTesser Advogados","article_published_time":"2020-03-25T18:02:34+00:00","og_image":[{"width":402,"height":296,"url":"https:\/\/dbtesser.com.br\/wp-content\/uploads\/2026\/01\/Nossos-Especialistas-2.png","type":"image\/png"}],"author":"DB Tesser","twitter_card":"summary_large_image","twitter_misc":{"Written by":"DB Tesser","Est. reading time":"4 minutes"},"schema":{"@context":"https:\/\/schema.org","@graph":[{"@type":"Article","@id":"https:\/\/dbtesser.com.br\/economia-x-coronavirus\/#article","isPartOf":{"@id":"https:\/\/dbtesser.com.br\/economia-x-coronavirus\/"},"author":{"name":"DB Tesser","@id":"https:\/\/dbtesser.com.br\/#\/schema\/person\/3414c67f51128e3d927f8011ab737728"},"headline":"Economia x Coronav\u00edrus","datePublished":"2020-03-25T18:02:34+00:00","mainEntityOfPage":{"@id":"https:\/\/dbtesser.com.br\/economia-x-coronavirus\/"},"wordCount":891,"image":{"@id":"https:\/\/dbtesser.com.br\/economia-x-coronavirus\/#primaryimage"},"thumbnailUrl":"https:\/\/dbtesser.com.br\/wp-content\/uploads\/2026\/01\/Nossos-Especialistas-2.png","keywords":["Com\u00e9rcio","Com\u00e9rcio Exterior","Com\u00e9rcio Internacional","Coronav\u00edrus","COVID-19","Direito Aduaneiro","Direito Tribut\u00e1rio","Economia","Economia Brasileira","Economia no Brasil","Empresarial","Fiscaliza\u00e7\u00e3o","Minist\u00e9rio da economia","Pandemia","Tribut\u00e1rio"],"articleSection":["Artigos","Not\u00edcias"],"inLanguage":"en-US"},{"@type":"WebPage","@id":"https:\/\/dbtesser.com.br\/economia-x-coronavirus\/","url":"https:\/\/dbtesser.com.br\/economia-x-coronavirus\/","name":"Economy vs. Coronavirus | DBTesser Lawyers","isPartOf":{"@id":"https:\/\/dbtesser.com.br\/#website"},"primaryImageOfPage":{"@id":"https:\/\/dbtesser.com.br\/economia-x-coronavirus\/#primaryimage"},"image":{"@id":"https:\/\/dbtesser.com.br\/economia-x-coronavirus\/#primaryimage"},"thumbnailUrl":"https:\/\/dbtesser.com.br\/wp-content\/uploads\/2026\/01\/Nossos-Especialistas-2.png","datePublished":"2020-03-25T18:02:34+00:00","author":{"@id":"https:\/\/dbtesser.com.br\/#\/schema\/person\/3414c67f51128e3d927f8011ab737728"},"breadcrumb":{"@id":"https:\/\/dbtesser.com.br\/economia-x-coronavirus\/#breadcrumb"},"inLanguage":"en-US","potentialAction":[{"@type":"ReadAction","target":["https:\/\/dbtesser.com.br\/economia-x-coronavirus\/"]}]},{"@type":"ImageObject","inLanguage":"en-US","@id":"https:\/\/dbtesser.com.br\/economia-x-coronavirus\/#primaryimage","url":"https:\/\/dbtesser.com.br\/wp-content\/uploads\/2026\/01\/Nossos-Especialistas-2.png","contentUrl":"https:\/\/dbtesser.com.br\/wp-content\/uploads\/2026\/01\/Nossos-Especialistas-2.png","width":402,"height":296,"caption":"Nossos Especialistas"},{"@type":"BreadcrumbList","@id":"https:\/\/dbtesser.com.br\/economia-x-coronavirus\/#breadcrumb","itemListElement":[{"@type":"ListItem","position":1,"name":"In\u00edcio","item":"https:\/\/dbtesser.com.br\/en\/"},{"@type":"ListItem","position":2,"name":"Economia x Coronav\u00edrus"}]},{"@type":"WebSite","@id":"https:\/\/dbtesser.com.br\/#website","url":"https:\/\/dbtesser.com.br\/","name":"DB Tesser Lawyers","description":"","potentialAction":[{"@type":"SearchAction","target":{"@type":"EntryPoint","urlTemplate":"https:\/\/dbtesser.com.br\/?s={search_term_string}"},"query-input":{"@type":"PropertyValueSpecification","valueRequired":true,"valueName":"search_term_string"}}],"inLanguage":"en-US"},{"@type":"Person","@id":"https:\/\/dbtesser.com.br\/#\/schema\/person\/3414c67f51128e3d927f8011ab737728","name":"DB Tesser","url":"https:\/\/dbtesser.com.br\/en\/author\/db-tesser\/"}]}},"_links":{"self":[{"href":"https:\/\/dbtesser.com.br\/en\/wp-json\/wp\/v2\/posts\/2214","targetHints":{"allow":["GET"]}}],"collection":[{"href":"https:\/\/dbtesser.com.br\/en\/wp-json\/wp\/v2\/posts"}],"about":[{"href":"https:\/\/dbtesser.com.br\/en\/wp-json\/wp\/v2\/types\/post"}],"author":[{"embeddable":true,"href":"https:\/\/dbtesser.com.br\/en\/wp-json\/wp\/v2\/users\/4007"}],"replies":[{"embeddable":true,"href":"https:\/\/dbtesser.com.br\/en\/wp-json\/wp\/v2\/comments?post=2214"}],"version-history":[{"count":0,"href":"https:\/\/dbtesser.com.br\/en\/wp-json\/wp\/v2\/posts\/2214\/revisions"}],"wp:featuredmedia":[{"embeddable":true,"href":"https:\/\/dbtesser.com.br\/en\/wp-json\/wp\/v2\/media\/857"}],"wp:attachment":[{"href":"https:\/\/dbtesser.com.br\/en\/wp-json\/wp\/v2\/media?parent=2214"}],"wp:term":[{"taxonomy":"category","embeddable":true,"href":"https:\/\/dbtesser.com.br\/en\/wp-json\/wp\/v2\/categories?post=2214"},{"taxonomy":"post_tag","embeddable":true,"href":"https:\/\/dbtesser.com.br\/en\/wp-json\/wp\/v2\/tags?post=2214"}],"curies":[{"name":"wp","href":"https:\/\/api.w.org\/{rel}","templated":true}]}}