{"id":2216,"date":"2020-03-25T12:55:11","date_gmt":"2020-03-25T15:55:11","guid":{"rendered":"https:\/\/dbtesser.siteup.dev\/terminal-portuario-e-impedido-de-protestar-titulos-de-credito-por-armazenagem-indevida\/"},"modified":"2020-03-25T12:55:11","modified_gmt":"2020-03-25T15:55:11","slug":"terminal-portuario-e-impedido-de-protestar-titulos-de-credito-por-armazenagem-indevida","status":"publish","type":"post","link":"https:\/\/dbtesser.com.br\/en\/terminal-portuario-e-impedido-de-protestar-titulos-de-credito-por-armazenagem-indevida\/","title":{"rendered":"Decis\u00e3o Favor\u00e1vel: Terminal Portu\u00e1rio \u00e9 impedido de protestar t\u00edtulos de cr\u00e9dito por armazenagem indevida"},"content":{"rendered":"<div class=\"wp-block-image\"><figure class=\"aligncenter\"><img decoding=\"async\" src=\"https:\/\/dbtesser.com.br\/wp-content\/uploads\/2026\/02\/SITE-1024x683-2.jpg\" alt=\"Terminal Portu\u00e1rioarmazenagem importa\u00e7\u00e3o\" class=\"wp-image-850\"\/><\/figure><\/div>\n\n\n\n<p>Em decis\u00e3o favor\u00e1vel, a Justi\u00e7a Federal de Itaja\u00ed\/SC entendeu que n\u00e3o pode o Terminal Portu\u00e1rio protestar t\u00edtulos de cr\u00e9dito referente a cobran\u00e7a de armazenagem indevida.<\/p>\n\n\n\n<p>Ocorre que, as cobran\u00e7as\nrealizadas ultrapassam, e muito, o valor das mercadorias ao tempo da\nimporta\u00e7\u00e3o, violando-se nitidamente os princ\u00edpios da proporcionalidade e\nrazoabilidade dos atos da administra\u00e7\u00e3o p\u00fablica, que devem ser seguidos em sua totalidade\npor empresas que atuam mediante a concess\u00e3o dos servi\u00e7os p\u00fablicos.<\/p>\n\n\n\n<p>Em a\u00e7\u00e3o patrocinada pelo\nescrit\u00f3rio de advocacia DB TESSER Sociedade de Advogados, em 24\/03\/2020, o\nju\u00edzo da 2\u00aa Vara Federal da Comarca de Itaja\u00ed\/SC decidiu pela concess\u00e3o de tutela\nde urg\u00eancia para impedir o Terminal Portu\u00e1rio de realizar o protesto dos\nt\u00edtulos de cr\u00e9ditos constantes das Notas Fiscais emitidas pela empresa R\u00e9,\nmediante o dep\u00f3sito em ju\u00edzo do valor que a Autora entende ser devido, de modo\na afastar a abusividade perpetrada pelo Terminal.<\/p>\n\n\n\n<p>A cobran\u00e7a da armazenagem j\u00e1\nultrapassava o valor de R$ 698.069,20, e, em que pese esfor\u00e7os para demonstrar\nque os valores ali cobrados v\u00e3o muito al\u00e9m do efetivamente devido, n\u00e3o teve\noutra alternativa o escrit\u00f3rio, sen\u00e3o, ingressar com medida judicial cab\u00edvel em\nnome da empresa importadora, ainda requerendo a consigna\u00e7\u00e3o do pagamento de\nvalor devido, evidenciando-se a sua boa-f\u00e9 enquanto operadora de vasta\nexperi\u00eancia no com\u00e9rcio exterior.<\/p>\n\n\n\n<p>Tal decis\u00e3o \u00e9 de suma import\u00e2ncia\nno que se refere ao combate das pr\u00e1ticas abusivas dos operadores portu\u00e1rios ao\nimportador\/exportador. <\/p>\n\n\n\n<p>Portanto, indispens\u00e1vel a assist\u00eancia e aux\u00edlio jur\u00eddico quanto ao cuidado e aten\u00e7\u00e3o \u00e0s quest\u00f5es vivenciadas diariamente no com\u00e9rcio internacional, evitando eventuais surpresas que ocasionem em paralisa\u00e7\u00e3o ou prov\u00e1vel suspens\u00e3o das atividades comerciais dessas empresas atuantes na \u00e1rea. <\/p>\n\n\n\n<p><strong>Decis\u00e3o Liminar:<a href=\"https:\/\/documentcloud.adobe.com\/link\/track?uri=urn:aaid:scds:US:c72e91ab-03e7-4270-bfba-c0ca575e7c24\"> PROCEDIMENTO COMUM N\u00ba 5002958-28.2020.4.04.7208\/SC<\/a><\/strong><\/p>\n\n\n\n<p>Decision commented by\u00a0<strong>Rebeca Ayres, <\/strong><em>Lawyer, graduated in Law in\u00a0<\/em>Graduated in 2017 from the Baiana Faculty of Law\/BA, specializing in Customs Law and Foreign Trade from Univali-Itaja\u00ed.<em>. Areas of Expertise: Customs Law, Tax Law, and Maritime Law. OAB\/BA 57.313 and OAB\/SC 52.845<\/em>.   <\/p>","protected":false},"excerpt":{"rendered":"<p>Em decis\u00e3o favor\u00e1vel, a Justi\u00e7a Federal de Itaja\u00ed\/SC entendeu que n\u00e3o pode o Terminal Portu\u00e1rio protestar t\u00edtulos de cr\u00e9dito referente a cobran\u00e7a de armazenagem indevida. Ocorre que, as cobran\u00e7as realizadas ultrapassam, e muito, o valor das mercadorias ao tempo da importa\u00e7\u00e3o, violando-se nitidamente os princ\u00edpios da proporcionalidade e razoabilidade dos atos da administra\u00e7\u00e3o p\u00fablica, que [&hellip;]<\/p>\n","protected":false},"author":4007,"featured_media":2215,"comment_status":"","ping_status":"open","sticky":false,"template":"","format":"standard","meta":{"footnotes":""},"categories":[25],"tags":[54,178,182,220,256,269,340,343,344,402,403,480],"class_list":["post-2216","post","type-post","status-publish","format-standard","has-post-thumbnail","hentry","category-decisoes","tag-armazenagem","tag-direito-aduaneiro","tag-direito-tributario","tag-exportacao","tag-importacao-2","tag-importacao-e-exportacao-no-brasil","tag-mercado-internacional","tag-mercadoria-importada","tag-mercadorias","tag-portos","tag-portuario","tag-terminal-portuario"],"yoast_head":"<!-- This site is optimized with the Yoast SEO plugin v27.2 - https:\/\/yoast.com\/product\/yoast-seo-wordpress\/ -->\n<title>Decis\u00e3o Favor\u00e1vel: Terminal Portu\u00e1rio \u00e9 impedido de protestar t\u00edtulos de cr\u00e9dito por armazenagem indevida | DBTesser Advogados<\/title>\n<meta name=\"robots\" content=\"index, follow, max-snippet:-1, max-image-preview:large, max-video-preview:-1\" \/>\n<link rel=\"canonical\" href=\"https:\/\/dbtesser.com.br\/en\/terminal-portuario-e-impedido-de-protestar-titulos-de-credito-por-armazenagem-indevida\/\" \/>\n<meta property=\"og:locale\" content=\"en_US\" \/>\n<meta property=\"og:type\" content=\"article\" \/>\n<meta property=\"og:title\" content=\"Decis\u00e3o Favor\u00e1vel: Terminal Portu\u00e1rio \u00e9 impedido de protestar t\u00edtulos de cr\u00e9dito por armazenagem indevida | DBTesser Advogados\" \/>\n<meta property=\"og:description\" content=\"Em decis\u00e3o favor\u00e1vel, a Justi\u00e7a Federal de Itaja\u00ed\/SC entendeu que n\u00e3o pode o Terminal Portu\u00e1rio protestar t\u00edtulos de cr\u00e9dito referente a cobran\u00e7a de armazenagem indevida. Ocorre que, as cobran\u00e7as realizadas ultrapassam, e muito, o valor das mercadorias ao tempo da importa\u00e7\u00e3o, violando-se nitidamente os princ\u00edpios da proporcionalidade e razoabilidade dos atos da administra\u00e7\u00e3o p\u00fablica, que [&hellip;]\" \/>\n<meta property=\"og:url\" content=\"https:\/\/dbtesser.com.br\/en\/terminal-portuario-e-impedido-de-protestar-titulos-de-credito-por-armazenagem-indevida\/\" \/>\n<meta property=\"og:site_name\" content=\"DBTesser Advogados\" \/>\n<meta property=\"article:published_time\" content=\"2020-03-25T15:55:11+00:00\" \/>\n<meta property=\"og:image\" content=\"https:\/\/dbtesser.com.br\/wp-content\/uploads\/2026\/02\/SITE-1024x683-2.jpg\" \/>\n\t<meta property=\"og:image:width\" content=\"1024\" \/>\n\t<meta property=\"og:image:height\" content=\"683\" \/>\n\t<meta property=\"og:image:type\" content=\"image\/jpeg\" \/>\n<meta name=\"author\" content=\"DB Tesser\" \/>\n<meta name=\"twitter:card\" content=\"summary_large_image\" \/>\n<meta name=\"twitter:label1\" content=\"Written by\" \/>\n\t<meta name=\"twitter:data1\" content=\"DB Tesser\" \/>\n\t<meta name=\"twitter:label2\" content=\"Est. reading time\" \/>\n\t<meta name=\"twitter:data2\" content=\"2 minutes\" \/>\n<script type=\"application\/ld+json\" class=\"yoast-schema-graph\">{\"@context\":\"https:\/\/schema.org\",\"@graph\":[{\"@type\":\"Article\",\"@id\":\"https:\/\/dbtesser.com.br\/en\/terminal-portuario-e-impedido-de-protestar-titulos-de-credito-por-armazenagem-indevida\/#article\",\"isPartOf\":{\"@id\":\"https:\/\/dbtesser.com.br\/en\/terminal-portuario-e-impedido-de-protestar-titulos-de-credito-por-armazenagem-indevida\/\"},\"author\":{\"name\":\"DB Tesser\",\"@id\":\"https:\/\/dbtesser.com.br\/#\/schema\/person\/3414c67f51128e3d927f8011ab737728\"},\"headline\":\"Decis\u00e3o Favor\u00e1vel: Terminal Portu\u00e1rio \u00e9 impedido de protestar t\u00edtulos de cr\u00e9dito por armazenagem indevida\",\"datePublished\":\"2020-03-25T15:55:11+00:00\",\"mainEntityOfPage\":{\"@id\":\"https:\/\/dbtesser.com.br\/en\/terminal-portuario-e-impedido-de-protestar-titulos-de-credito-por-armazenagem-indevida\/\"},\"wordCount\":390,\"image\":{\"@id\":\"https:\/\/dbtesser.com.br\/en\/terminal-portuario-e-impedido-de-protestar-titulos-de-credito-por-armazenagem-indevida\/#primaryimage\"},\"thumbnailUrl\":\"https:\/\/dbtesser.com.br\/wp-content\/uploads\/2026\/02\/SITE-1024x683-2.jpg\",\"keywords\":[\"Armazenagem\",\"Direito Aduaneiro\",\"Direito Tribut\u00e1rio\",\"Exporta\u00e7\u00e3o\",\"IMPORTA\u00c7\u00c3O\",\"Importa\u00e7\u00e3o e Exporta\u00e7\u00e3o no Brasil\",\"Mercado internacional\",\"Mercadoria Importada\",\"Mercadorias\",\"Portos\",\"Portu\u00e1rio\",\"Terminal Portu\u00e1rio\"],\"articleSection\":[\"Decis\u00f5es\"],\"inLanguage\":\"en-US\"},{\"@type\":\"WebPage\",\"@id\":\"https:\/\/dbtesser.com.br\/en\/terminal-portuario-e-impedido-de-protestar-titulos-de-credito-por-armazenagem-indevida\/\",\"url\":\"https:\/\/dbtesser.com.br\/en\/terminal-portuario-e-impedido-de-protestar-titulos-de-credito-por-armazenagem-indevida\/\",\"name\":\"Decis\u00e3o Favor\u00e1vel: Terminal Portu\u00e1rio \u00e9 impedido de protestar t\u00edtulos de cr\u00e9dito por armazenagem indevida | DBTesser Advogados\",\"isPartOf\":{\"@id\":\"https:\/\/dbtesser.com.br\/#website\"},\"primaryImageOfPage\":{\"@id\":\"https:\/\/dbtesser.com.br\/en\/terminal-portuario-e-impedido-de-protestar-titulos-de-credito-por-armazenagem-indevida\/#primaryimage\"},\"image\":{\"@id\":\"https:\/\/dbtesser.com.br\/en\/terminal-portuario-e-impedido-de-protestar-titulos-de-credito-por-armazenagem-indevida\/#primaryimage\"},\"thumbnailUrl\":\"https:\/\/dbtesser.com.br\/wp-content\/uploads\/2026\/02\/SITE-1024x683-2.jpg\",\"datePublished\":\"2020-03-25T15:55:11+00:00\",\"author\":{\"@id\":\"https:\/\/dbtesser.com.br\/#\/schema\/person\/3414c67f51128e3d927f8011ab737728\"},\"breadcrumb\":{\"@id\":\"https:\/\/dbtesser.com.br\/en\/terminal-portuario-e-impedido-de-protestar-titulos-de-credito-por-armazenagem-indevida\/#breadcrumb\"},\"inLanguage\":\"en-US\",\"potentialAction\":[{\"@type\":\"ReadAction\",\"target\":[\"https:\/\/dbtesser.com.br\/en\/terminal-portuario-e-impedido-de-protestar-titulos-de-credito-por-armazenagem-indevida\/\"]}]},{\"@type\":\"ImageObject\",\"inLanguage\":\"en-US\",\"@id\":\"https:\/\/dbtesser.com.br\/en\/terminal-portuario-e-impedido-de-protestar-titulos-de-credito-por-armazenagem-indevida\/#primaryimage\",\"url\":\"https:\/\/dbtesser.com.br\/wp-content\/uploads\/2026\/02\/SITE-1024x683-2.jpg\",\"contentUrl\":\"https:\/\/dbtesser.com.br\/wp-content\/uploads\/2026\/02\/SITE-1024x683-2.jpg\",\"width\":1024,\"height\":683,\"caption\":\"SITE x\"},{\"@type\":\"BreadcrumbList\",\"@id\":\"https:\/\/dbtesser.com.br\/en\/terminal-portuario-e-impedido-de-protestar-titulos-de-credito-por-armazenagem-indevida\/#breadcrumb\",\"itemListElement\":[{\"@type\":\"ListItem\",\"position\":1,\"name\":\"In\u00edcio\",\"item\":\"https:\/\/dbtesser.com.br\/en\/\"},{\"@type\":\"ListItem\",\"position\":2,\"name\":\"Decis\u00e3o Favor\u00e1vel: Terminal Portu\u00e1rio \u00e9 impedido de protestar t\u00edtulos de cr\u00e9dito por armazenagem indevida\"}]},{\"@type\":\"WebSite\",\"@id\":\"https:\/\/dbtesser.com.br\/#website\",\"url\":\"https:\/\/dbtesser.com.br\/\",\"name\":\"DB Tesser Advogados\",\"description\":\"\",\"potentialAction\":[{\"@type\":\"SearchAction\",\"target\":{\"@type\":\"EntryPoint\",\"urlTemplate\":\"https:\/\/dbtesser.com.br\/?s={search_term_string}\"},\"query-input\":{\"@type\":\"PropertyValueSpecification\",\"valueRequired\":true,\"valueName\":\"search_term_string\"}}],\"inLanguage\":\"en-US\"},{\"@type\":\"Person\",\"@id\":\"https:\/\/dbtesser.com.br\/#\/schema\/person\/3414c67f51128e3d927f8011ab737728\",\"name\":\"DB Tesser\",\"url\":\"https:\/\/dbtesser.com.br\/en\/author\/db-tesser\/\"}]}<\/script>\n<!-- \/ Yoast SEO plugin. -->","yoast_head_json":{"title":"Decis\u00e3o Favor\u00e1vel: Terminal Portu\u00e1rio \u00e9 impedido de protestar t\u00edtulos de cr\u00e9dito por armazenagem indevida | DBTesser Advogados","robots":{"index":"index","follow":"follow","max-snippet":"max-snippet:-1","max-image-preview":"max-image-preview:large","max-video-preview":"max-video-preview:-1"},"canonical":"https:\/\/dbtesser.com.br\/en\/terminal-portuario-e-impedido-de-protestar-titulos-de-credito-por-armazenagem-indevida\/","og_locale":"en_US","og_type":"article","og_title":"Decis\u00e3o Favor\u00e1vel: Terminal Portu\u00e1rio \u00e9 impedido de protestar t\u00edtulos de cr\u00e9dito por armazenagem indevida | DBTesser Advogados","og_description":"Em decis\u00e3o favor\u00e1vel, a Justi\u00e7a Federal de Itaja\u00ed\/SC entendeu que n\u00e3o pode o Terminal Portu\u00e1rio protestar t\u00edtulos de cr\u00e9dito referente a cobran\u00e7a de armazenagem indevida. Ocorre que, as cobran\u00e7as realizadas ultrapassam, e muito, o valor das mercadorias ao tempo da importa\u00e7\u00e3o, violando-se nitidamente os princ\u00edpios da proporcionalidade e razoabilidade dos atos da administra\u00e7\u00e3o p\u00fablica, que [&hellip;]","og_url":"https:\/\/dbtesser.com.br\/en\/terminal-portuario-e-impedido-de-protestar-titulos-de-credito-por-armazenagem-indevida\/","og_site_name":"DBTesser Advogados","article_published_time":"2020-03-25T15:55:11+00:00","og_image":[{"width":1024,"height":683,"url":"https:\/\/dbtesser.com.br\/wp-content\/uploads\/2026\/02\/SITE-1024x683-2.jpg","type":"image\/jpeg"}],"author":"DB Tesser","twitter_card":"summary_large_image","twitter_misc":{"Written by":"DB Tesser","Est. reading time":"2 minutes"},"schema":{"@context":"https:\/\/schema.org","@graph":[{"@type":"Article","@id":"https:\/\/dbtesser.com.br\/en\/terminal-portuario-e-impedido-de-protestar-titulos-de-credito-por-armazenagem-indevida\/#article","isPartOf":{"@id":"https:\/\/dbtesser.com.br\/en\/terminal-portuario-e-impedido-de-protestar-titulos-de-credito-por-armazenagem-indevida\/"},"author":{"name":"DB Tesser","@id":"https:\/\/dbtesser.com.br\/#\/schema\/person\/3414c67f51128e3d927f8011ab737728"},"headline":"Decis\u00e3o Favor\u00e1vel: Terminal Portu\u00e1rio \u00e9 impedido de protestar t\u00edtulos de cr\u00e9dito por armazenagem indevida","datePublished":"2020-03-25T15:55:11+00:00","mainEntityOfPage":{"@id":"https:\/\/dbtesser.com.br\/en\/terminal-portuario-e-impedido-de-protestar-titulos-de-credito-por-armazenagem-indevida\/"},"wordCount":390,"image":{"@id":"https:\/\/dbtesser.com.br\/en\/terminal-portuario-e-impedido-de-protestar-titulos-de-credito-por-armazenagem-indevida\/#primaryimage"},"thumbnailUrl":"https:\/\/dbtesser.com.br\/wp-content\/uploads\/2026\/02\/SITE-1024x683-2.jpg","keywords":["Armazenagem","Direito Aduaneiro","Direito Tribut\u00e1rio","Exporta\u00e7\u00e3o","IMPORTA\u00c7\u00c3O","Importa\u00e7\u00e3o e Exporta\u00e7\u00e3o no Brasil","Mercado internacional","Mercadoria Importada","Mercadorias","Portos","Portu\u00e1rio","Terminal Portu\u00e1rio"],"articleSection":["Decis\u00f5es"],"inLanguage":"en-US"},{"@type":"WebPage","@id":"https:\/\/dbtesser.com.br\/en\/terminal-portuario-e-impedido-de-protestar-titulos-de-credito-por-armazenagem-indevida\/","url":"https:\/\/dbtesser.com.br\/en\/terminal-portuario-e-impedido-de-protestar-titulos-de-credito-por-armazenagem-indevida\/","name":"Decis\u00e3o Favor\u00e1vel: Terminal Portu\u00e1rio \u00e9 impedido de protestar t\u00edtulos de cr\u00e9dito por armazenagem indevida | DBTesser Advogados","isPartOf":{"@id":"https:\/\/dbtesser.com.br\/#website"},"primaryImageOfPage":{"@id":"https:\/\/dbtesser.com.br\/en\/terminal-portuario-e-impedido-de-protestar-titulos-de-credito-por-armazenagem-indevida\/#primaryimage"},"image":{"@id":"https:\/\/dbtesser.com.br\/en\/terminal-portuario-e-impedido-de-protestar-titulos-de-credito-por-armazenagem-indevida\/#primaryimage"},"thumbnailUrl":"https:\/\/dbtesser.com.br\/wp-content\/uploads\/2026\/02\/SITE-1024x683-2.jpg","datePublished":"2020-03-25T15:55:11+00:00","author":{"@id":"https:\/\/dbtesser.com.br\/#\/schema\/person\/3414c67f51128e3d927f8011ab737728"},"breadcrumb":{"@id":"https:\/\/dbtesser.com.br\/en\/terminal-portuario-e-impedido-de-protestar-titulos-de-credito-por-armazenagem-indevida\/#breadcrumb"},"inLanguage":"en-US","potentialAction":[{"@type":"ReadAction","target":["https:\/\/dbtesser.com.br\/en\/terminal-portuario-e-impedido-de-protestar-titulos-de-credito-por-armazenagem-indevida\/"]}]},{"@type":"ImageObject","inLanguage":"en-US","@id":"https:\/\/dbtesser.com.br\/en\/terminal-portuario-e-impedido-de-protestar-titulos-de-credito-por-armazenagem-indevida\/#primaryimage","url":"https:\/\/dbtesser.com.br\/wp-content\/uploads\/2026\/02\/SITE-1024x683-2.jpg","contentUrl":"https:\/\/dbtesser.com.br\/wp-content\/uploads\/2026\/02\/SITE-1024x683-2.jpg","width":1024,"height":683,"caption":"SITE x"},{"@type":"BreadcrumbList","@id":"https:\/\/dbtesser.com.br\/en\/terminal-portuario-e-impedido-de-protestar-titulos-de-credito-por-armazenagem-indevida\/#breadcrumb","itemListElement":[{"@type":"ListItem","position":1,"name":"In\u00edcio","item":"https:\/\/dbtesser.com.br\/en\/"},{"@type":"ListItem","position":2,"name":"Decis\u00e3o Favor\u00e1vel: Terminal Portu\u00e1rio \u00e9 impedido de protestar t\u00edtulos de cr\u00e9dito por armazenagem indevida"}]},{"@type":"WebSite","@id":"https:\/\/dbtesser.com.br\/#website","url":"https:\/\/dbtesser.com.br\/","name":"DB Tesser Lawyers","description":"","potentialAction":[{"@type":"SearchAction","target":{"@type":"EntryPoint","urlTemplate":"https:\/\/dbtesser.com.br\/?s={search_term_string}"},"query-input":{"@type":"PropertyValueSpecification","valueRequired":true,"valueName":"search_term_string"}}],"inLanguage":"en-US"},{"@type":"Person","@id":"https:\/\/dbtesser.com.br\/#\/schema\/person\/3414c67f51128e3d927f8011ab737728","name":"DB Tesser","url":"https:\/\/dbtesser.com.br\/en\/author\/db-tesser\/"}]}},"_links":{"self":[{"href":"https:\/\/dbtesser.com.br\/en\/wp-json\/wp\/v2\/posts\/2216","targetHints":{"allow":["GET"]}}],"collection":[{"href":"https:\/\/dbtesser.com.br\/en\/wp-json\/wp\/v2\/posts"}],"about":[{"href":"https:\/\/dbtesser.com.br\/en\/wp-json\/wp\/v2\/types\/post"}],"author":[{"embeddable":true,"href":"https:\/\/dbtesser.com.br\/en\/wp-json\/wp\/v2\/users\/4007"}],"replies":[{"embeddable":true,"href":"https:\/\/dbtesser.com.br\/en\/wp-json\/wp\/v2\/comments?post=2216"}],"version-history":[{"count":0,"href":"https:\/\/dbtesser.com.br\/en\/wp-json\/wp\/v2\/posts\/2216\/revisions"}],"wp:featuredmedia":[{"embeddable":true,"href":"https:\/\/dbtesser.com.br\/en\/wp-json\/wp\/v2\/media\/2215"}],"wp:attachment":[{"href":"https:\/\/dbtesser.com.br\/en\/wp-json\/wp\/v2\/media?parent=2216"}],"wp:term":[{"taxonomy":"category","embeddable":true,"href":"https:\/\/dbtesser.com.br\/en\/wp-json\/wp\/v2\/categories?post=2216"},{"taxonomy":"post_tag","embeddable":true,"href":"https:\/\/dbtesser.com.br\/en\/wp-json\/wp\/v2\/tags?post=2216"}],"curies":[{"name":"wp","href":"https:\/\/api.w.org\/{rel}","templated":true}]}}