{"id":2218,"date":"2020-03-24T15:00:42","date_gmt":"2020-03-24T18:00:42","guid":{"rendered":"https:\/\/dbtesser.siteup.dev\/publicada-norma-que-favorece-a-venda-praticada-no-comercio-internacional\/"},"modified":"2020-03-24T15:00:42","modified_gmt":"2020-03-24T18:00:42","slug":"publicada-norma-que-favorece-a-venda-praticada-no-comercio-internacional","status":"publish","type":"post","link":"https:\/\/dbtesser.com.br\/en\/publicada-norma-que-favorece-a-venda-praticada-no-comercio-internacional\/","title":{"rendered":"Publicada Norma que favorece a venda praticada no Com\u00e9rcio Internacional"},"content":{"rendered":"<div class=\"wp-block-image\"><figure class=\"aligncenter\"><img decoding=\"async\" src=\"https:\/\/dbtesser.com.br\/wp-content\/uploads\/2026\/02\/24.03-1.jpg\" alt=\"com\u00e9rcio internacionalimportacaoimporta\u00e7\u00e3ocovid 19\" class=\"wp-image-842\"\/><\/figure><\/div>\n\n\n\n<p>Resolu\u00e7\u00e3o n\u00ba 16 disp\u00f5e sobre INCOTERMS e estabelece diretrizes para as condi\u00e7\u00f5es de venda em importa\u00e7\u00e3o e exporta\u00e7\u00e3o.<\/p>\n\n\n\n<p>A\nnova Resolu\u00e7\u00e3o de n\u00ba 16 que revoga a CAMEX n\u00ba 21 entrar\u00e1 em vigor a partir de 3\nde Agosto de 2020.<\/p>\n\n\n\n<p>Disp\u00f5e\nsobre Incoterms e estabelece novas diretrizes nas exporta\u00e7\u00f5es e importa\u00e7\u00f5es\nbrasileiras, estas que poder\u00e3o aceitar quaisquer condi\u00e7\u00f5es de venda praticadas\nno com\u00e9rcio internacional, desde que compat\u00edveis com o ordenamento jur\u00eddico.<\/p>\n\n\n\n<p>Dentre\nos termos internacionais de com\u00e9rcio (Incoterms) discriminados pela International\nChamber of Commerce (ICC) destacam-se alguns c\u00f3digos que dever\u00e3o ser adotados\npara fins de identifica\u00e7\u00e3o da condi\u00e7\u00e3o de venda praticada:<\/p>\n\n\n\n<p><strong>FCA \u2013 FREE CARRIER<\/strong><\/p>\n\n\n\n<p><strong>LIVRE NO TRANSPORTADOR<\/strong>\n<\/p>\n\n\n\n<p>Aqui,\no vendedor completa suas obriga\u00e7\u00f5es e encerra sua responsabilidade quando\nentrega a mercadoria, desembara\u00e7ada para exporta\u00e7\u00e3o, ao transportador ou outra\npessoa indicada pelo comprador, no local nomeado do pa\u00eds de origem.<\/p>\n\n\n\n<p>Determina\nque, al\u00e9m de ser utiliz\u00e1vel em qualquer modalidade de transporte, comprador e\nvendedor poder\u00e3o utilizar transporte pr\u00f3prio em trechos do deslocamento.<\/p>\n\n\n\n<p><strong>FAS \u2013 FREE ALONGSIDE SHIP<\/strong><\/p>\n\n\n\n<p><strong>LIVRE AO LADO DO NAVIO<\/strong><\/p>\n\n\n\n<p>O\nvendedor encerra suas obriga\u00e7\u00f5es no momento em que a mercadoria \u00e9 colocada,\ndesembara\u00e7ada para exporta\u00e7\u00e3o, ao longo do costado do navio transportador\nindicado pelo comprador, no cais ou em embarca\u00e7\u00f5es utilizadas para carregamento\nda mercadorias, no porto de embarque nomeado pelo comprador, limitando-se ao\ntransporte aquavi\u00e1rio.<\/p>\n\n\n\n<p><strong>CIF &#8211; COST, INSURANCE AND FREIGHT<\/strong><\/p>\n\n\n\n<p><strong>CUSTO, SEGURO E FRETE<\/strong><\/p>\n\n\n\n<p>Al\u00e9m\nde arcar com obriga\u00e7\u00f5es e riscos previstos para o termo FOB, o vendedor\ncontrata e paga frete, custos e seguro relativos ao transporte da mercadoria\nat\u00e9 o porto de destino combinado.<\/p>\n\n\n\n<p>Para saber mais sobre a Resolu\u00e7\u00e3o n\u00ba 16 e poder realizar as opera\u00e7\u00f5es de com\u00e9rcio internacional sem quaisquer \u00f3bices, \u00e9 imprescind\u00edvel aos importadores o suporte jur\u00eddico para esclarecimento de mais questionamentos.<\/p>\n\n\n\n<p>Put <strong>Gian Lucca Jorri,<\/strong><em>Advogado, Formado em Direito em 2016&nbsp;pela Universidade Cat\u00f3lica de Santos. \u00c1rea de Atua\u00e7\u00e3o: Direito Aduaneiro e Direito Tribut\u00e1rio,                 OAB: 404.759.<\/em><\/p>\n\n\n\n<p>News source: <a href=\"http:\/\/www.camex.gov.br\/resolucoes-camex-e-outros-normativos\/58-resolucoes-da-camex\/2669-resolucao-n-16-de-2-de-marco-de-2020\">COMEX<\/a><\/p>","protected":false},"excerpt":{"rendered":"<p>Resolu\u00e7\u00e3o n\u00ba 16 disp\u00f5e sobre INCOTERMS e estabelece diretrizes para as condi\u00e7\u00f5es de venda em importa\u00e7\u00e3o e exporta\u00e7\u00e3o. A nova Resolu\u00e7\u00e3o de n\u00ba 16 que revoga a CAMEX n\u00ba 21 entrar\u00e1 em vigor a partir de 3 de Agosto de 2020. Disp\u00f5e sobre Incoterms e estabelece novas diretrizes nas exporta\u00e7\u00f5es e importa\u00e7\u00f5es brasileiras, estas que [&hellip;]<\/p>\n","protected":false},"author":4007,"featured_media":2217,"comment_status":"","ping_status":"open","sticky":false,"template":"","format":"standard","meta":{"footnotes":""},"categories":[23],"tags":[85,116,118,178,182,220,256,258,269,297],"class_list":["post-2218","post","type-post","status-publish","format-standard","has-post-thumbnail","hentry","category-noticias","tag-camex","tag-comercio-exterior","tag-comercio-internacional","tag-direito-aduaneiro","tag-direito-tributario","tag-exportacao","tag-importacao-2","tag-importacao-brasileira","tag-importacao-e-exportacao-no-brasil","tag-incoterms"],"yoast_head":"<!-- This site is optimized with the Yoast SEO plugin v27.2 - https:\/\/yoast.com\/product\/yoast-seo-wordpress\/ -->\n<title>Publicada Norma que favorece a venda praticada no Com\u00e9rcio Internacional | DBTesser Advogados<\/title>\n<meta name=\"robots\" content=\"index, follow, max-snippet:-1, max-image-preview:large, max-video-preview:-1\" \/>\n<link rel=\"canonical\" href=\"https:\/\/dbtesser.com.br\/en\/publicada-norma-que-favorece-a-venda-praticada-no-comercio-internacional\/\" \/>\n<meta property=\"og:locale\" content=\"en_US\" \/>\n<meta property=\"og:type\" content=\"article\" \/>\n<meta property=\"og:title\" content=\"Publicada Norma que favorece a venda praticada no Com\u00e9rcio Internacional | DBTesser Advogados\" \/>\n<meta property=\"og:description\" content=\"Resolu\u00e7\u00e3o n\u00ba 16 disp\u00f5e sobre INCOTERMS e estabelece diretrizes para as condi\u00e7\u00f5es de venda em importa\u00e7\u00e3o e exporta\u00e7\u00e3o. A nova Resolu\u00e7\u00e3o de n\u00ba 16 que revoga a CAMEX n\u00ba 21 entrar\u00e1 em vigor a partir de 3 de Agosto de 2020. Disp\u00f5e sobre Incoterms e estabelece novas diretrizes nas exporta\u00e7\u00f5es e importa\u00e7\u00f5es brasileiras, estas que [&hellip;]\" \/>\n<meta property=\"og:url\" content=\"https:\/\/dbtesser.com.br\/en\/publicada-norma-que-favorece-a-venda-praticada-no-comercio-internacional\/\" \/>\n<meta property=\"og:site_name\" content=\"DBTesser Advogados\" \/>\n<meta property=\"article:published_time\" content=\"2020-03-24T18:00:42+00:00\" \/>\n<meta property=\"og:image\" content=\"https:\/\/dbtesser.com.br\/wp-content\/uploads\/2026\/02\/24.03-1.jpg\" \/>\n\t<meta property=\"og:image:width\" content=\"800\" \/>\n\t<meta property=\"og:image:height\" content=\"533\" \/>\n\t<meta property=\"og:image:type\" content=\"image\/jpeg\" \/>\n<meta name=\"author\" content=\"DB Tesser\" \/>\n<meta name=\"twitter:card\" content=\"summary_large_image\" \/>\n<meta name=\"twitter:label1\" content=\"Written by\" \/>\n\t<meta name=\"twitter:data1\" content=\"DB Tesser\" \/>\n\t<meta name=\"twitter:label2\" content=\"Est. reading time\" \/>\n\t<meta name=\"twitter:data2\" content=\"2 minutes\" \/>\n<script type=\"application\/ld+json\" class=\"yoast-schema-graph\">{\"@context\":\"https:\/\/schema.org\",\"@graph\":[{\"@type\":\"Article\",\"@id\":\"https:\/\/dbtesser.com.br\/en\/publicada-norma-que-favorece-a-venda-praticada-no-comercio-internacional\/#article\",\"isPartOf\":{\"@id\":\"https:\/\/dbtesser.com.br\/en\/publicada-norma-que-favorece-a-venda-praticada-no-comercio-internacional\/\"},\"author\":{\"name\":\"DB Tesser\",\"@id\":\"https:\/\/dbtesser.com.br\/#\/schema\/person\/3414c67f51128e3d927f8011ab737728\"},\"headline\":\"Publicada Norma que favorece a venda praticada no Com\u00e9rcio Internacional\",\"datePublished\":\"2020-03-24T18:00:42+00:00\",\"mainEntityOfPage\":{\"@id\":\"https:\/\/dbtesser.com.br\/en\/publicada-norma-que-favorece-a-venda-praticada-no-comercio-internacional\/\"},\"wordCount\":365,\"image\":{\"@id\":\"https:\/\/dbtesser.com.br\/en\/publicada-norma-que-favorece-a-venda-praticada-no-comercio-internacional\/#primaryimage\"},\"thumbnailUrl\":\"https:\/\/dbtesser.com.br\/wp-content\/uploads\/2026\/02\/24.03-1.jpg\",\"keywords\":[\"Camex\",\"Com\u00e9rcio Exterior\",\"Com\u00e9rcio Internacional\",\"Direito Aduaneiro\",\"Direito Tribut\u00e1rio\",\"Exporta\u00e7\u00e3o\",\"IMPORTA\u00c7\u00c3O\",\"Importa\u00e7\u00e3o brasileira\",\"Importa\u00e7\u00e3o e Exporta\u00e7\u00e3o no Brasil\",\"Incoterms\"],\"articleSection\":[\"Not\u00edcias\"],\"inLanguage\":\"en-US\"},{\"@type\":\"WebPage\",\"@id\":\"https:\/\/dbtesser.com.br\/en\/publicada-norma-que-favorece-a-venda-praticada-no-comercio-internacional\/\",\"url\":\"https:\/\/dbtesser.com.br\/en\/publicada-norma-que-favorece-a-venda-praticada-no-comercio-internacional\/\",\"name\":\"Publicada Norma que favorece a venda praticada no Com\u00e9rcio Internacional | DBTesser Advogados\",\"isPartOf\":{\"@id\":\"https:\/\/dbtesser.com.br\/#website\"},\"primaryImageOfPage\":{\"@id\":\"https:\/\/dbtesser.com.br\/en\/publicada-norma-que-favorece-a-venda-praticada-no-comercio-internacional\/#primaryimage\"},\"image\":{\"@id\":\"https:\/\/dbtesser.com.br\/en\/publicada-norma-que-favorece-a-venda-praticada-no-comercio-internacional\/#primaryimage\"},\"thumbnailUrl\":\"https:\/\/dbtesser.com.br\/wp-content\/uploads\/2026\/02\/24.03-1.jpg\",\"datePublished\":\"2020-03-24T18:00:42+00:00\",\"author\":{\"@id\":\"https:\/\/dbtesser.com.br\/#\/schema\/person\/3414c67f51128e3d927f8011ab737728\"},\"breadcrumb\":{\"@id\":\"https:\/\/dbtesser.com.br\/en\/publicada-norma-que-favorece-a-venda-praticada-no-comercio-internacional\/#breadcrumb\"},\"inLanguage\":\"en-US\",\"potentialAction\":[{\"@type\":\"ReadAction\",\"target\":[\"https:\/\/dbtesser.com.br\/en\/publicada-norma-que-favorece-a-venda-praticada-no-comercio-internacional\/\"]}]},{\"@type\":\"ImageObject\",\"inLanguage\":\"en-US\",\"@id\":\"https:\/\/dbtesser.com.br\/en\/publicada-norma-que-favorece-a-venda-praticada-no-comercio-internacional\/#primaryimage\",\"url\":\"https:\/\/dbtesser.com.br\/wp-content\/uploads\/2026\/02\/24.03-1.jpg\",\"contentUrl\":\"https:\/\/dbtesser.com.br\/wp-content\/uploads\/2026\/02\/24.03-1.jpg\",\"width\":800,\"height\":533},{\"@type\":\"BreadcrumbList\",\"@id\":\"https:\/\/dbtesser.com.br\/en\/publicada-norma-que-favorece-a-venda-praticada-no-comercio-internacional\/#breadcrumb\",\"itemListElement\":[{\"@type\":\"ListItem\",\"position\":1,\"name\":\"In\u00edcio\",\"item\":\"https:\/\/dbtesser.com.br\/en\/\"},{\"@type\":\"ListItem\",\"position\":2,\"name\":\"Publicada Norma que favorece a venda praticada no Com\u00e9rcio Internacional\"}]},{\"@type\":\"WebSite\",\"@id\":\"https:\/\/dbtesser.com.br\/#website\",\"url\":\"https:\/\/dbtesser.com.br\/\",\"name\":\"DB Tesser Advogados\",\"description\":\"\",\"potentialAction\":[{\"@type\":\"SearchAction\",\"target\":{\"@type\":\"EntryPoint\",\"urlTemplate\":\"https:\/\/dbtesser.com.br\/?s={search_term_string}\"},\"query-input\":{\"@type\":\"PropertyValueSpecification\",\"valueRequired\":true,\"valueName\":\"search_term_string\"}}],\"inLanguage\":\"en-US\"},{\"@type\":\"Person\",\"@id\":\"https:\/\/dbtesser.com.br\/#\/schema\/person\/3414c67f51128e3d927f8011ab737728\",\"name\":\"DB Tesser\",\"url\":\"https:\/\/dbtesser.com.br\/en\/author\/db-tesser\/\"}]}<\/script>\n<!-- \/ Yoast SEO plugin. -->","yoast_head_json":{"title":"Publicada Norma que favorece a venda praticada no Com\u00e9rcio Internacional | DBTesser Advogados","robots":{"index":"index","follow":"follow","max-snippet":"max-snippet:-1","max-image-preview":"max-image-preview:large","max-video-preview":"max-video-preview:-1"},"canonical":"https:\/\/dbtesser.com.br\/en\/publicada-norma-que-favorece-a-venda-praticada-no-comercio-internacional\/","og_locale":"en_US","og_type":"article","og_title":"Publicada Norma que favorece a venda praticada no Com\u00e9rcio Internacional | DBTesser Advogados","og_description":"Resolu\u00e7\u00e3o n\u00ba 16 disp\u00f5e sobre INCOTERMS e estabelece diretrizes para as condi\u00e7\u00f5es de venda em importa\u00e7\u00e3o e exporta\u00e7\u00e3o. A nova Resolu\u00e7\u00e3o de n\u00ba 16 que revoga a CAMEX n\u00ba 21 entrar\u00e1 em vigor a partir de 3 de Agosto de 2020. Disp\u00f5e sobre Incoterms e estabelece novas diretrizes nas exporta\u00e7\u00f5es e importa\u00e7\u00f5es brasileiras, estas que [&hellip;]","og_url":"https:\/\/dbtesser.com.br\/en\/publicada-norma-que-favorece-a-venda-praticada-no-comercio-internacional\/","og_site_name":"DBTesser Advogados","article_published_time":"2020-03-24T18:00:42+00:00","og_image":[{"width":800,"height":533,"url":"https:\/\/dbtesser.com.br\/wp-content\/uploads\/2026\/02\/24.03-1.jpg","type":"image\/jpeg"}],"author":"DB Tesser","twitter_card":"summary_large_image","twitter_misc":{"Written by":"DB Tesser","Est. reading time":"2 minutes"},"schema":{"@context":"https:\/\/schema.org","@graph":[{"@type":"Article","@id":"https:\/\/dbtesser.com.br\/en\/publicada-norma-que-favorece-a-venda-praticada-no-comercio-internacional\/#article","isPartOf":{"@id":"https:\/\/dbtesser.com.br\/en\/publicada-norma-que-favorece-a-venda-praticada-no-comercio-internacional\/"},"author":{"name":"DB Tesser","@id":"https:\/\/dbtesser.com.br\/#\/schema\/person\/3414c67f51128e3d927f8011ab737728"},"headline":"Publicada Norma que favorece a venda praticada no Com\u00e9rcio Internacional","datePublished":"2020-03-24T18:00:42+00:00","mainEntityOfPage":{"@id":"https:\/\/dbtesser.com.br\/en\/publicada-norma-que-favorece-a-venda-praticada-no-comercio-internacional\/"},"wordCount":365,"image":{"@id":"https:\/\/dbtesser.com.br\/en\/publicada-norma-que-favorece-a-venda-praticada-no-comercio-internacional\/#primaryimage"},"thumbnailUrl":"https:\/\/dbtesser.com.br\/wp-content\/uploads\/2026\/02\/24.03-1.jpg","keywords":["Camex","Com\u00e9rcio Exterior","Com\u00e9rcio Internacional","Direito Aduaneiro","Direito Tribut\u00e1rio","Exporta\u00e7\u00e3o","IMPORTA\u00c7\u00c3O","Importa\u00e7\u00e3o brasileira","Importa\u00e7\u00e3o e Exporta\u00e7\u00e3o no Brasil","Incoterms"],"articleSection":["Not\u00edcias"],"inLanguage":"en-US"},{"@type":"WebPage","@id":"https:\/\/dbtesser.com.br\/en\/publicada-norma-que-favorece-a-venda-praticada-no-comercio-internacional\/","url":"https:\/\/dbtesser.com.br\/en\/publicada-norma-que-favorece-a-venda-praticada-no-comercio-internacional\/","name":"Publicada Norma que favorece a venda praticada no Com\u00e9rcio Internacional | DBTesser Advogados","isPartOf":{"@id":"https:\/\/dbtesser.com.br\/#website"},"primaryImageOfPage":{"@id":"https:\/\/dbtesser.com.br\/en\/publicada-norma-que-favorece-a-venda-praticada-no-comercio-internacional\/#primaryimage"},"image":{"@id":"https:\/\/dbtesser.com.br\/en\/publicada-norma-que-favorece-a-venda-praticada-no-comercio-internacional\/#primaryimage"},"thumbnailUrl":"https:\/\/dbtesser.com.br\/wp-content\/uploads\/2026\/02\/24.03-1.jpg","datePublished":"2020-03-24T18:00:42+00:00","author":{"@id":"https:\/\/dbtesser.com.br\/#\/schema\/person\/3414c67f51128e3d927f8011ab737728"},"breadcrumb":{"@id":"https:\/\/dbtesser.com.br\/en\/publicada-norma-que-favorece-a-venda-praticada-no-comercio-internacional\/#breadcrumb"},"inLanguage":"en-US","potentialAction":[{"@type":"ReadAction","target":["https:\/\/dbtesser.com.br\/en\/publicada-norma-que-favorece-a-venda-praticada-no-comercio-internacional\/"]}]},{"@type":"ImageObject","inLanguage":"en-US","@id":"https:\/\/dbtesser.com.br\/en\/publicada-norma-que-favorece-a-venda-praticada-no-comercio-internacional\/#primaryimage","url":"https:\/\/dbtesser.com.br\/wp-content\/uploads\/2026\/02\/24.03-1.jpg","contentUrl":"https:\/\/dbtesser.com.br\/wp-content\/uploads\/2026\/02\/24.03-1.jpg","width":800,"height":533},{"@type":"BreadcrumbList","@id":"https:\/\/dbtesser.com.br\/en\/publicada-norma-que-favorece-a-venda-praticada-no-comercio-internacional\/#breadcrumb","itemListElement":[{"@type":"ListItem","position":1,"name":"In\u00edcio","item":"https:\/\/dbtesser.com.br\/en\/"},{"@type":"ListItem","position":2,"name":"Publicada Norma que favorece a venda praticada no Com\u00e9rcio Internacional"}]},{"@type":"WebSite","@id":"https:\/\/dbtesser.com.br\/#website","url":"https:\/\/dbtesser.com.br\/","name":"DB Tesser Lawyers","description":"","potentialAction":[{"@type":"SearchAction","target":{"@type":"EntryPoint","urlTemplate":"https:\/\/dbtesser.com.br\/?s={search_term_string}"},"query-input":{"@type":"PropertyValueSpecification","valueRequired":true,"valueName":"search_term_string"}}],"inLanguage":"en-US"},{"@type":"Person","@id":"https:\/\/dbtesser.com.br\/#\/schema\/person\/3414c67f51128e3d927f8011ab737728","name":"DB Tesser","url":"https:\/\/dbtesser.com.br\/en\/author\/db-tesser\/"}]}},"_links":{"self":[{"href":"https:\/\/dbtesser.com.br\/en\/wp-json\/wp\/v2\/posts\/2218","targetHints":{"allow":["GET"]}}],"collection":[{"href":"https:\/\/dbtesser.com.br\/en\/wp-json\/wp\/v2\/posts"}],"about":[{"href":"https:\/\/dbtesser.com.br\/en\/wp-json\/wp\/v2\/types\/post"}],"author":[{"embeddable":true,"href":"https:\/\/dbtesser.com.br\/en\/wp-json\/wp\/v2\/users\/4007"}],"replies":[{"embeddable":true,"href":"https:\/\/dbtesser.com.br\/en\/wp-json\/wp\/v2\/comments?post=2218"}],"version-history":[{"count":0,"href":"https:\/\/dbtesser.com.br\/en\/wp-json\/wp\/v2\/posts\/2218\/revisions"}],"wp:featuredmedia":[{"embeddable":true,"href":"https:\/\/dbtesser.com.br\/en\/wp-json\/wp\/v2\/media\/2217"}],"wp:attachment":[{"href":"https:\/\/dbtesser.com.br\/en\/wp-json\/wp\/v2\/media?parent=2218"}],"wp:term":[{"taxonomy":"category","embeddable":true,"href":"https:\/\/dbtesser.com.br\/en\/wp-json\/wp\/v2\/categories?post=2218"},{"taxonomy":"post_tag","embeddable":true,"href":"https:\/\/dbtesser.com.br\/en\/wp-json\/wp\/v2\/tags?post=2218"}],"curies":[{"name":"wp","href":"https:\/\/api.w.org\/{rel}","templated":true}]}}