{"id":2222,"date":"2020-03-23T16:01:58","date_gmt":"2020-03-23T19:01:58","guid":{"rendered":"https:\/\/dbtesser.siteup.dev\/receita-federal-suspende-prazos-de-atos-processuais-e-administrativos-portaria-n-543-de-20-de-marco-de-2020\/"},"modified":"2020-03-23T16:01:58","modified_gmt":"2020-03-23T19:01:58","slug":"receita-federal-suspende-prazos-de-atos-processuais-e-administrativos-portaria-n-543-de-20-de-marco-de-2020","status":"publish","type":"post","link":"https:\/\/dbtesser.com.br\/en\/receita-federal-suspende-prazos-de-atos-processuais-e-administrativos-portaria-n-543-de-20-de-marco-de-2020\/","title":{"rendered":"Receita Federal Suspende Prazos de Atos Processuais e Administrativos \u2013 Portaria n. 543, de 20 de Mar\u00e7o de 2020"},"content":{"rendered":"<figure class=\"wp-block-image\"><img decoding=\"async\" src=\"https:\/\/dbtesser.com.br\/wp-content\/uploads\/2026\/02\/23-1024x683-2.jpg\" alt=\"\" class=\"wp-image-830\"\/><\/figure>\n\n\n\n<p>A Receita\nFederal do Brasil suspendeu temporariamente os prazos para realiza\u00e7\u00e3o de atos\nprocessuais e procedimentos administrativos. A medida foi adotada como forma de\nreduzir os impactos da pandemia do novo coronav\u00edrus e de enfrentar a emerg\u00eancia\nde sa\u00fade p\u00fablica de forma eficaz.<\/p>\n\n\n\n<p>Com tal postura,\nficam suspensos diversos atos, dentre eles a intima\u00e7\u00e3o para pagamento de\ntributos e exclus\u00e3o do contribuinte em parcelamento por inadimpl\u00eancia de\nparcelas.<\/p>\n\n\n\n<p>Al\u00e9m disso, o\natendimento presencial nas unidades ficar\u00e1 restrito at\u00e9 o dia 29 de maio, cuja\nsolu\u00e7\u00e3o ser\u00e1 realiz\u00e1-lo obrigatoriamente por meio de agendamento pr\u00e9vio.<\/p>\n\n\n\n<p>Alguns servi\u00e7os\nimprescind\u00edveis ao deslinde de determinadas atividades continuar\u00e3o em\nfuncionamento normalmente mediante \u00e0s novas diretrizes da Portaria, como a\nregulariza\u00e7\u00e3o de Cadastro de Pessoa F\u00edsica, declara\u00e7\u00e3o de algumas obriga\u00e7\u00f5es\nacess\u00f3rias e realiza\u00e7\u00e3o de investiga\u00e7\u00e3o pelos Auditores Fiscais sem v\u00ednculo com\no local de despacho aduaneiro, no intuito de haver colabora\u00e7\u00e3o entre os membros\nda Administra\u00e7\u00e3o, estes que se encontram em n\u00famero reduzido devido \u00e0 Covid-19.<\/p>\n\n\n\n<p>O operador de\ncom\u00e9rcio internacional deve se manter atento \u00e0s mudan\u00e7as e se adaptar \u00e0 atual\ncrise, sendo importante o aux\u00edlio de equipe jur\u00eddica para se antecipar frente\n\u00e0s eventuais necessidades.<\/p>\n\n\n\n<p>\u00c9 importante\ndestacar que procedimentos fiscais visando \u00e0 apura\u00e7\u00e3o de origem,\ndisponibilidade e transfer\u00eancia seguem normalmente, sendo imprescind\u00edvel obter\nmais informa\u00e7\u00f5es sobre quais prazos ser\u00e3o interrompidos temporariamente e quais\ncontinuar\u00e3o transcorrendo.<\/p>\n\n\n\n<p>Source: <a href=\"https:\/\/www.conjur.com.br\/dl\/receita-federal-suspende-prazos-atos.pdf\">Conjur<\/a><\/p>\n\n\n\n<p>Put <strong>Gian Lucca Jorri,<\/strong><em>Advogado, Formado em Direito em 2016&nbsp;pela Universidade Cat\u00f3lica de Santos. \u00c1rea de Atua\u00e7\u00e3o: Direito Aduaneiro e Direito Tribut\u00e1rio,                 OAB: 404.759.<\/em><\/p>","protected":false},"excerpt":{"rendered":"<p>A Receita Federal do Brasil suspendeu temporariamente os prazos para realiza\u00e7\u00e3o de atos processuais e procedimentos administrativos. A medida foi adotada como forma de reduzir os impactos da pandemia do novo coronav\u00edrus e de enfrentar a emerg\u00eancia de sa\u00fade p\u00fablica de forma eficaz. Com tal postura, ficam suspensos diversos atos, dentre eles a intima\u00e7\u00e3o para [&hellip;]<\/p>\n","protected":false},"author":4007,"featured_media":2221,"comment_status":"","ping_status":"open","sticky":false,"template":"","format":"standard","meta":{"footnotes":""},"categories":[23],"tags":[35,37,39,60,118,178,182,397,405,409,428],"class_list":["post-2222","post","type-post","status-publish","format-standard","has-post-thumbnail","hentry","category-noticias","tag-administrativos","tag-aduana","tag-aduaneiro","tag-auditor-fiscal","tag-comercio-internacional","tag-direito-aduaneiro","tag-direito-tributario","tag-portaria-543","tag-prazos","tag-processuais","tag-receita-federal"],"yoast_head":"<!-- This site is optimized with the Yoast SEO plugin v27.2 - https:\/\/yoast.com\/product\/yoast-seo-wordpress\/ -->\n<title>Receita Federal Suspende Prazos de Atos Processuais e Administrativos \u2013 Portaria n. 543, de 20 de Mar\u00e7o de 2020 | DBTesser Advogados<\/title>\n<meta name=\"robots\" content=\"index, follow, max-snippet:-1, max-image-preview:large, max-video-preview:-1\" \/>\n<link rel=\"canonical\" href=\"https:\/\/dbtesser.com.br\/en\/receita-federal-suspende-prazos-de-atos-processuais-e-administrativos-portaria-n-543-de-20-de-marco-de-2020\/\" \/>\n<meta property=\"og:locale\" content=\"en_US\" \/>\n<meta property=\"og:type\" content=\"article\" \/>\n<meta property=\"og:title\" content=\"Receita Federal Suspende Prazos de Atos Processuais e Administrativos \u2013 Portaria n. 543, de 20 de Mar\u00e7o de 2020 | DBTesser Advogados\" \/>\n<meta property=\"og:description\" content=\"A Receita Federal do Brasil suspendeu temporariamente os prazos para realiza\u00e7\u00e3o de atos processuais e procedimentos administrativos. A medida foi adotada como forma de reduzir os impactos da pandemia do novo coronav\u00edrus e de enfrentar a emerg\u00eancia de sa\u00fade p\u00fablica de forma eficaz. Com tal postura, ficam suspensos diversos atos, dentre eles a intima\u00e7\u00e3o para [&hellip;]\" \/>\n<meta property=\"og:url\" content=\"https:\/\/dbtesser.com.br\/en\/receita-federal-suspende-prazos-de-atos-processuais-e-administrativos-portaria-n-543-de-20-de-marco-de-2020\/\" \/>\n<meta property=\"og:site_name\" content=\"DBTesser Advogados\" \/>\n<meta property=\"article:published_time\" content=\"2020-03-23T19:01:58+00:00\" \/>\n<meta property=\"og:image\" content=\"https:\/\/dbtesser.com.br\/wp-content\/uploads\/2026\/02\/23-1024x683-2.jpg\" \/>\n\t<meta property=\"og:image:width\" content=\"1024\" \/>\n\t<meta property=\"og:image:height\" content=\"683\" \/>\n\t<meta property=\"og:image:type\" content=\"image\/jpeg\" \/>\n<meta name=\"author\" content=\"DB Tesser\" \/>\n<meta name=\"twitter:card\" content=\"summary_large_image\" \/>\n<meta name=\"twitter:label1\" content=\"Written by\" \/>\n\t<meta name=\"twitter:data1\" content=\"DB Tesser\" \/>\n\t<meta name=\"twitter:label2\" content=\"Est. reading time\" \/>\n\t<meta name=\"twitter:data2\" content=\"1 minute\" \/>\n<script type=\"application\/ld+json\" class=\"yoast-schema-graph\">{\"@context\":\"https:\/\/schema.org\",\"@graph\":[{\"@type\":\"Article\",\"@id\":\"https:\/\/dbtesser.com.br\/receita-federal-suspende-prazos-de-atos-processuais-e-administrativos-portaria-n-543-de-20-de-marco-de-2020\/#article\",\"isPartOf\":{\"@id\":\"https:\/\/dbtesser.com.br\/receita-federal-suspende-prazos-de-atos-processuais-e-administrativos-portaria-n-543-de-20-de-marco-de-2020\/\"},\"author\":{\"name\":\"DB Tesser\",\"@id\":\"https:\/\/dbtesser.com.br\/#\/schema\/person\/3414c67f51128e3d927f8011ab737728\"},\"headline\":\"Receita Federal Suspende Prazos de Atos Processuais e Administrativos \u2013 Portaria n. 543, de 20 de Mar\u00e7o de 2020\",\"datePublished\":\"2020-03-23T19:01:58+00:00\",\"mainEntityOfPage\":{\"@id\":\"https:\/\/dbtesser.com.br\/receita-federal-suspende-prazos-de-atos-processuais-e-administrativos-portaria-n-543-de-20-de-marco-de-2020\/\"},\"wordCount\":297,\"image\":{\"@id\":\"https:\/\/dbtesser.com.br\/receita-federal-suspende-prazos-de-atos-processuais-e-administrativos-portaria-n-543-de-20-de-marco-de-2020\/#primaryimage\"},\"thumbnailUrl\":\"https:\/\/dbtesser.com.br\/wp-content\/uploads\/2026\/02\/23-1024x683-2.jpg\",\"keywords\":[\"Administrativos\",\"Aduana\",\"Aduaneiro\",\"Auditor Fiscal\",\"Com\u00e9rcio Internacional\",\"Direito Aduaneiro\",\"Direito Tribut\u00e1rio\",\"Portaria 543\",\"Prazos\",\"Processuais\",\"Receita Federal\"],\"articleSection\":[\"Not\u00edcias\"],\"inLanguage\":\"en-US\"},{\"@type\":\"WebPage\",\"@id\":\"https:\/\/dbtesser.com.br\/receita-federal-suspende-prazos-de-atos-processuais-e-administrativos-portaria-n-543-de-20-de-marco-de-2020\/\",\"url\":\"https:\/\/dbtesser.com.br\/receita-federal-suspende-prazos-de-atos-processuais-e-administrativos-portaria-n-543-de-20-de-marco-de-2020\/\",\"name\":\"Receita Federal Suspende Prazos de Atos Processuais e Administrativos \u2013 Portaria n. 543, de 20 de Mar\u00e7o de 2020 | DBTesser Advogados\",\"isPartOf\":{\"@id\":\"https:\/\/dbtesser.com.br\/#website\"},\"primaryImageOfPage\":{\"@id\":\"https:\/\/dbtesser.com.br\/receita-federal-suspende-prazos-de-atos-processuais-e-administrativos-portaria-n-543-de-20-de-marco-de-2020\/#primaryimage\"},\"image\":{\"@id\":\"https:\/\/dbtesser.com.br\/receita-federal-suspende-prazos-de-atos-processuais-e-administrativos-portaria-n-543-de-20-de-marco-de-2020\/#primaryimage\"},\"thumbnailUrl\":\"https:\/\/dbtesser.com.br\/wp-content\/uploads\/2026\/02\/23-1024x683-2.jpg\",\"datePublished\":\"2020-03-23T19:01:58+00:00\",\"author\":{\"@id\":\"https:\/\/dbtesser.com.br\/#\/schema\/person\/3414c67f51128e3d927f8011ab737728\"},\"breadcrumb\":{\"@id\":\"https:\/\/dbtesser.com.br\/receita-federal-suspende-prazos-de-atos-processuais-e-administrativos-portaria-n-543-de-20-de-marco-de-2020\/#breadcrumb\"},\"inLanguage\":\"en-US\",\"potentialAction\":[{\"@type\":\"ReadAction\",\"target\":[\"https:\/\/dbtesser.com.br\/receita-federal-suspende-prazos-de-atos-processuais-e-administrativos-portaria-n-543-de-20-de-marco-de-2020\/\"]}]},{\"@type\":\"ImageObject\",\"inLanguage\":\"en-US\",\"@id\":\"https:\/\/dbtesser.com.br\/receita-federal-suspende-prazos-de-atos-processuais-e-administrativos-portaria-n-543-de-20-de-marco-de-2020\/#primaryimage\",\"url\":\"https:\/\/dbtesser.com.br\/wp-content\/uploads\/2026\/02\/23-1024x683-2.jpg\",\"contentUrl\":\"https:\/\/dbtesser.com.br\/wp-content\/uploads\/2026\/02\/23-1024x683-2.jpg\",\"width\":1024,\"height\":683,\"caption\":\"x\"},{\"@type\":\"BreadcrumbList\",\"@id\":\"https:\/\/dbtesser.com.br\/receita-federal-suspende-prazos-de-atos-processuais-e-administrativos-portaria-n-543-de-20-de-marco-de-2020\/#breadcrumb\",\"itemListElement\":[{\"@type\":\"ListItem\",\"position\":1,\"name\":\"In\u00edcio\",\"item\":\"https:\/\/dbtesser.com.br\/en\/\"},{\"@type\":\"ListItem\",\"position\":2,\"name\":\"Receita Federal Suspende Prazos de Atos Processuais e Administrativos \u2013 Portaria n. 543, de 20 de Mar\u00e7o de 2020\"}]},{\"@type\":\"WebSite\",\"@id\":\"https:\/\/dbtesser.com.br\/#website\",\"url\":\"https:\/\/dbtesser.com.br\/\",\"name\":\"DB Tesser Advogados\",\"description\":\"\",\"potentialAction\":[{\"@type\":\"SearchAction\",\"target\":{\"@type\":\"EntryPoint\",\"urlTemplate\":\"https:\/\/dbtesser.com.br\/?s={search_term_string}\"},\"query-input\":{\"@type\":\"PropertyValueSpecification\",\"valueRequired\":true,\"valueName\":\"search_term_string\"}}],\"inLanguage\":\"en-US\"},{\"@type\":\"Person\",\"@id\":\"https:\/\/dbtesser.com.br\/#\/schema\/person\/3414c67f51128e3d927f8011ab737728\",\"name\":\"DB Tesser\",\"url\":\"https:\/\/dbtesser.com.br\/en\/author\/db-tesser\/\"}]}<\/script>\n<!-- \/ Yoast SEO plugin. -->","yoast_head_json":{"title":"Receita Federal Suspende Prazos de Atos Processuais e Administrativos \u2013 Portaria n. 543, de 20 de Mar\u00e7o de 2020 | DBTesser Advogados","robots":{"index":"index","follow":"follow","max-snippet":"max-snippet:-1","max-image-preview":"max-image-preview:large","max-video-preview":"max-video-preview:-1"},"canonical":"https:\/\/dbtesser.com.br\/en\/receita-federal-suspende-prazos-de-atos-processuais-e-administrativos-portaria-n-543-de-20-de-marco-de-2020\/","og_locale":"en_US","og_type":"article","og_title":"Receita Federal Suspende Prazos de Atos Processuais e Administrativos \u2013 Portaria n. 543, de 20 de Mar\u00e7o de 2020 | DBTesser Advogados","og_description":"A Receita Federal do Brasil suspendeu temporariamente os prazos para realiza\u00e7\u00e3o de atos processuais e procedimentos administrativos. A medida foi adotada como forma de reduzir os impactos da pandemia do novo coronav\u00edrus e de enfrentar a emerg\u00eancia de sa\u00fade p\u00fablica de forma eficaz. Com tal postura, ficam suspensos diversos atos, dentre eles a intima\u00e7\u00e3o para [&hellip;]","og_url":"https:\/\/dbtesser.com.br\/en\/receita-federal-suspende-prazos-de-atos-processuais-e-administrativos-portaria-n-543-de-20-de-marco-de-2020\/","og_site_name":"DBTesser Advogados","article_published_time":"2020-03-23T19:01:58+00:00","og_image":[{"width":1024,"height":683,"url":"https:\/\/dbtesser.com.br\/wp-content\/uploads\/2026\/02\/23-1024x683-2.jpg","type":"image\/jpeg"}],"author":"DB Tesser","twitter_card":"summary_large_image","twitter_misc":{"Written by":"DB Tesser","Est. reading time":"1 minute"},"schema":{"@context":"https:\/\/schema.org","@graph":[{"@type":"Article","@id":"https:\/\/dbtesser.com.br\/receita-federal-suspende-prazos-de-atos-processuais-e-administrativos-portaria-n-543-de-20-de-marco-de-2020\/#article","isPartOf":{"@id":"https:\/\/dbtesser.com.br\/receita-federal-suspende-prazos-de-atos-processuais-e-administrativos-portaria-n-543-de-20-de-marco-de-2020\/"},"author":{"name":"DB Tesser","@id":"https:\/\/dbtesser.com.br\/#\/schema\/person\/3414c67f51128e3d927f8011ab737728"},"headline":"Receita Federal Suspende Prazos de Atos Processuais e Administrativos \u2013 Portaria n. 543, de 20 de Mar\u00e7o de 2020","datePublished":"2020-03-23T19:01:58+00:00","mainEntityOfPage":{"@id":"https:\/\/dbtesser.com.br\/receita-federal-suspende-prazos-de-atos-processuais-e-administrativos-portaria-n-543-de-20-de-marco-de-2020\/"},"wordCount":297,"image":{"@id":"https:\/\/dbtesser.com.br\/receita-federal-suspende-prazos-de-atos-processuais-e-administrativos-portaria-n-543-de-20-de-marco-de-2020\/#primaryimage"},"thumbnailUrl":"https:\/\/dbtesser.com.br\/wp-content\/uploads\/2026\/02\/23-1024x683-2.jpg","keywords":["Administrativos","Aduana","Aduaneiro","Auditor Fiscal","Com\u00e9rcio Internacional","Direito Aduaneiro","Direito Tribut\u00e1rio","Portaria 543","Prazos","Processuais","Receita Federal"],"articleSection":["Not\u00edcias"],"inLanguage":"en-US"},{"@type":"WebPage","@id":"https:\/\/dbtesser.com.br\/receita-federal-suspende-prazos-de-atos-processuais-e-administrativos-portaria-n-543-de-20-de-marco-de-2020\/","url":"https:\/\/dbtesser.com.br\/receita-federal-suspende-prazos-de-atos-processuais-e-administrativos-portaria-n-543-de-20-de-marco-de-2020\/","name":"Receita Federal Suspende Prazos de Atos Processuais e Administrativos \u2013 Portaria n. 543, de 20 de Mar\u00e7o de 2020 | DBTesser Advogados","isPartOf":{"@id":"https:\/\/dbtesser.com.br\/#website"},"primaryImageOfPage":{"@id":"https:\/\/dbtesser.com.br\/receita-federal-suspende-prazos-de-atos-processuais-e-administrativos-portaria-n-543-de-20-de-marco-de-2020\/#primaryimage"},"image":{"@id":"https:\/\/dbtesser.com.br\/receita-federal-suspende-prazos-de-atos-processuais-e-administrativos-portaria-n-543-de-20-de-marco-de-2020\/#primaryimage"},"thumbnailUrl":"https:\/\/dbtesser.com.br\/wp-content\/uploads\/2026\/02\/23-1024x683-2.jpg","datePublished":"2020-03-23T19:01:58+00:00","author":{"@id":"https:\/\/dbtesser.com.br\/#\/schema\/person\/3414c67f51128e3d927f8011ab737728"},"breadcrumb":{"@id":"https:\/\/dbtesser.com.br\/receita-federal-suspende-prazos-de-atos-processuais-e-administrativos-portaria-n-543-de-20-de-marco-de-2020\/#breadcrumb"},"inLanguage":"en-US","potentialAction":[{"@type":"ReadAction","target":["https:\/\/dbtesser.com.br\/receita-federal-suspende-prazos-de-atos-processuais-e-administrativos-portaria-n-543-de-20-de-marco-de-2020\/"]}]},{"@type":"ImageObject","inLanguage":"en-US","@id":"https:\/\/dbtesser.com.br\/receita-federal-suspende-prazos-de-atos-processuais-e-administrativos-portaria-n-543-de-20-de-marco-de-2020\/#primaryimage","url":"https:\/\/dbtesser.com.br\/wp-content\/uploads\/2026\/02\/23-1024x683-2.jpg","contentUrl":"https:\/\/dbtesser.com.br\/wp-content\/uploads\/2026\/02\/23-1024x683-2.jpg","width":1024,"height":683,"caption":"x"},{"@type":"BreadcrumbList","@id":"https:\/\/dbtesser.com.br\/receita-federal-suspende-prazos-de-atos-processuais-e-administrativos-portaria-n-543-de-20-de-marco-de-2020\/#breadcrumb","itemListElement":[{"@type":"ListItem","position":1,"name":"In\u00edcio","item":"https:\/\/dbtesser.com.br\/en\/"},{"@type":"ListItem","position":2,"name":"Receita Federal Suspende Prazos de Atos Processuais e Administrativos \u2013 Portaria n. 543, de 20 de Mar\u00e7o de 2020"}]},{"@type":"WebSite","@id":"https:\/\/dbtesser.com.br\/#website","url":"https:\/\/dbtesser.com.br\/","name":"DB Tesser Lawyers","description":"","potentialAction":[{"@type":"SearchAction","target":{"@type":"EntryPoint","urlTemplate":"https:\/\/dbtesser.com.br\/?s={search_term_string}"},"query-input":{"@type":"PropertyValueSpecification","valueRequired":true,"valueName":"search_term_string"}}],"inLanguage":"en-US"},{"@type":"Person","@id":"https:\/\/dbtesser.com.br\/#\/schema\/person\/3414c67f51128e3d927f8011ab737728","name":"DB Tesser","url":"https:\/\/dbtesser.com.br\/en\/author\/db-tesser\/"}]}},"_links":{"self":[{"href":"https:\/\/dbtesser.com.br\/en\/wp-json\/wp\/v2\/posts\/2222","targetHints":{"allow":["GET"]}}],"collection":[{"href":"https:\/\/dbtesser.com.br\/en\/wp-json\/wp\/v2\/posts"}],"about":[{"href":"https:\/\/dbtesser.com.br\/en\/wp-json\/wp\/v2\/types\/post"}],"author":[{"embeddable":true,"href":"https:\/\/dbtesser.com.br\/en\/wp-json\/wp\/v2\/users\/4007"}],"replies":[{"embeddable":true,"href":"https:\/\/dbtesser.com.br\/en\/wp-json\/wp\/v2\/comments?post=2222"}],"version-history":[{"count":0,"href":"https:\/\/dbtesser.com.br\/en\/wp-json\/wp\/v2\/posts\/2222\/revisions"}],"wp:featuredmedia":[{"embeddable":true,"href":"https:\/\/dbtesser.com.br\/en\/wp-json\/wp\/v2\/media\/2221"}],"wp:attachment":[{"href":"https:\/\/dbtesser.com.br\/en\/wp-json\/wp\/v2\/media?parent=2222"}],"wp:term":[{"taxonomy":"category","embeddable":true,"href":"https:\/\/dbtesser.com.br\/en\/wp-json\/wp\/v2\/categories?post=2222"},{"taxonomy":"post_tag","embeddable":true,"href":"https:\/\/dbtesser.com.br\/en\/wp-json\/wp\/v2\/tags?post=2222"}],"curies":[{"name":"wp","href":"https:\/\/api.w.org\/{rel}","templated":true}]}}