{"id":2224,"date":"2020-03-23T09:16:07","date_gmt":"2020-03-23T12:16:07","guid":{"rendered":"https:\/\/dbtesser.siteup.dev\/determinacao-medida-provisoria-permite-suspensao-de-contrato-de-trabalho-por-4-meses\/"},"modified":"2020-03-23T09:16:07","modified_gmt":"2020-03-23T12:16:07","slug":"determinacao-medida-provisoria-permite-suspensao-de-contrato-de-trabalho-por-4-meses","status":"publish","type":"post","link":"https:\/\/dbtesser.com.br\/en\/determinacao-medida-provisoria-permite-suspensao-de-contrato-de-trabalho-por-4-meses\/","title":{"rendered":"Jair Bolsonaro determinou a revoga\u00e7\u00e3o do trecho da medida provis\u00f3ria que previa a suspens\u00e3o dos contratos de trabalho por 4 meses"},"content":{"rendered":"<figure class=\"wp-block-image\"><img decoding=\"async\" src=\"https:\/\/dbtesser.com.br\/wp-content\/uploads\/2026\/02\/sign-pen-business-document-48148-1024x681-2.jpg\" alt=\"pandemiacoronav\u00edrus\" class=\"wp-image-826\"\/><\/figure>\n\n\n\n<p>Em recente not\u00edcia publicada, o presidente Jair Bolsonaro determinou a revoga\u00e7\u00e3o do trecho da medida provis\u00f3ria 927 que previa a suspens\u00e3o dos contratos de trabalho por 4 meses.<\/p>\n\n\n\n<p>A medida foi publicada pelo governo federal com a\u00e7\u00f5es para  para combater os efeitos econ\u00f4micos por conta da pandemia do novo coronav\u00edrus.<\/p>\n\n\n\n<p>Como se trata de uma medida provis\u00f3ria, o texto passa a valer imediatamente, mas ainda precisa ser aprovado pelo Congresso Nacional no prazo de at\u00e9 120 dias para n\u00e3o perder a validade. <\/p>\n\n\n\n<p>Outros pontos que n\u00e3o foram revogados pelo presidente seguir\u00e3o para a an\u00e1lise de deputados e senadores.<\/p>\n\n\n\n<p>Sendo eles:<\/p>\n\n\n\n<ul class=\"wp-block-list\"><li><strong>teletrabalho (trabalho a dist\u00e2ncia, como home office)<\/strong><\/li><li><strong>regime especial de compensa\u00e7\u00e3o de horas no futuro em caso de eventual interrup\u00e7\u00e3o da jornada de trabalho durante calamidade p\u00fablica<\/strong><\/li><li><strong>suspens\u00e3o de f\u00e9rias para trabalhadores da \u00e1rea de sa\u00fade e de servi\u00e7os considerados essenciais<\/strong><\/li><li><strong>antecipa\u00e7\u00e3o de f\u00e9rias individuais, com aviso ao trabalhador at\u00e9 48 horas antes<\/strong><\/li><li><strong>concess\u00e3o de f\u00e9rias coletivas<\/strong><\/li><li><strong>aproveitamento e antecipa\u00e7\u00e3o de feriados<\/strong><\/li><li><strong>suspens\u00e3o de exig\u00eancias administrativas em seguran\u00e7a e sa\u00fade no trabalho<\/strong><\/li><li><strong>adiamento do recolhimento do Fundo de Garantia do Tempo de Servi\u00e7o (FGTS)<\/strong><\/li><\/ul>\n\n\n\n<p>Veja mais informa\u00e7\u00f5es em: <a href=\"https:\/\/g1.globo.com\/politica\/noticia\/2020\/03\/23\/bolsonaro-diz-que-revogou-trecho-de-mp-que-previa-suspensao-de-contratos-de-trabalho-por-4-meses.ghtml\">G1<\/a><\/p>","protected":false},"excerpt":{"rendered":"<p>Em recente not\u00edcia publicada, o presidente Jair Bolsonaro determinou a revoga\u00e7\u00e3o do trecho da medida provis\u00f3ria 927 que previa a suspens\u00e3o dos contratos de trabalho por 4 meses. A medida foi publicada pelo governo federal com a\u00e7\u00f5es para para combater os efeitos econ\u00f4micos por conta da pandemia do novo coronav\u00edrus. Como se trata de uma [&hellip;]<\/p>\n","protected":false},"author":4007,"featured_media":2223,"comment_status":"","ping_status":"open","sticky":false,"template":"","format":"standard","meta":{"footnotes":""},"categories":[23],"tags":[83,131,137,140,173,178,182,335,382],"class_list":["post-2224","post","type-post","status-publish","format-standard","has-post-thumbnail","hentry","category-noticias","tag-calamidade-publica","tag-contrato-de-trabalho","tag-coronavirus","tag-covid-19","tag-diario-oficial-da-uniao","tag-direito-aduaneiro","tag-direito-tributario","tag-medida-provisoria","tag-pandemia"],"yoast_head":"<!-- This site is optimized with the Yoast SEO plugin v27.2 - https:\/\/yoast.com\/product\/yoast-seo-wordpress\/ -->\n<title>Jair Bolsonaro determinou a revoga\u00e7\u00e3o do trecho da medida provis\u00f3ria que previa a suspens\u00e3o dos contratos de trabalho por 4 meses | DBTesser Advogados<\/title>\n<meta name=\"robots\" content=\"index, follow, max-snippet:-1, max-image-preview:large, max-video-preview:-1\" \/>\n<link rel=\"canonical\" href=\"https:\/\/dbtesser.com.br\/en\/determinacao-medida-provisoria-permite-suspensao-de-contrato-de-trabalho-por-4-meses\/\" \/>\n<meta property=\"og:locale\" content=\"en_US\" \/>\n<meta property=\"og:type\" content=\"article\" \/>\n<meta property=\"og:title\" content=\"Jair Bolsonaro determinou a revoga\u00e7\u00e3o do trecho da medida provis\u00f3ria que previa a suspens\u00e3o dos contratos de trabalho por 4 meses | DBTesser Advogados\" \/>\n<meta property=\"og:description\" content=\"Em recente not\u00edcia publicada, o presidente Jair Bolsonaro determinou a revoga\u00e7\u00e3o do trecho da medida provis\u00f3ria 927 que previa a suspens\u00e3o dos contratos de trabalho por 4 meses. A medida foi publicada pelo governo federal com a\u00e7\u00f5es para para combater os efeitos econ\u00f4micos por conta da pandemia do novo coronav\u00edrus. Como se trata de uma [&hellip;]\" \/>\n<meta property=\"og:url\" content=\"https:\/\/dbtesser.com.br\/en\/determinacao-medida-provisoria-permite-suspensao-de-contrato-de-trabalho-por-4-meses\/\" \/>\n<meta property=\"og:site_name\" content=\"DBTesser Advogados\" \/>\n<meta property=\"article:published_time\" content=\"2020-03-23T12:16:07+00:00\" \/>\n<meta property=\"og:image\" content=\"https:\/\/dbtesser.com.br\/wp-content\/uploads\/2026\/02\/sign-pen-business-document-48148-1024x681-2.jpg\" \/>\n\t<meta property=\"og:image:width\" content=\"1024\" \/>\n\t<meta property=\"og:image:height\" content=\"681\" \/>\n\t<meta property=\"og:image:type\" content=\"image\/jpeg\" \/>\n<meta name=\"author\" content=\"DB Tesser\" \/>\n<meta name=\"twitter:card\" content=\"summary_large_image\" \/>\n<meta name=\"twitter:label1\" content=\"Written by\" \/>\n\t<meta name=\"twitter:data1\" content=\"DB Tesser\" \/>\n\t<meta name=\"twitter:label2\" content=\"Est. reading time\" \/>\n\t<meta name=\"twitter:data2\" content=\"1 minute\" \/>\n<script type=\"application\/ld+json\" class=\"yoast-schema-graph\">{\"@context\":\"https:\/\/schema.org\",\"@graph\":[{\"@type\":\"Article\",\"@id\":\"https:\/\/dbtesser.com.br\/determinacao-medida-provisoria-permite-suspensao-de-contrato-de-trabalho-por-4-meses\/#article\",\"isPartOf\":{\"@id\":\"https:\/\/dbtesser.com.br\/determinacao-medida-provisoria-permite-suspensao-de-contrato-de-trabalho-por-4-meses\/\"},\"author\":{\"name\":\"DB Tesser\",\"@id\":\"https:\/\/dbtesser.com.br\/#\/schema\/person\/3414c67f51128e3d927f8011ab737728\"},\"headline\":\"Jair Bolsonaro determinou a revoga\u00e7\u00e3o do trecho da medida provis\u00f3ria que previa a suspens\u00e3o dos contratos de trabalho por 4 meses\",\"datePublished\":\"2020-03-23T12:16:07+00:00\",\"mainEntityOfPage\":{\"@id\":\"https:\/\/dbtesser.com.br\/determinacao-medida-provisoria-permite-suspensao-de-contrato-de-trabalho-por-4-meses\/\"},\"wordCount\":239,\"image\":{\"@id\":\"https:\/\/dbtesser.com.br\/determinacao-medida-provisoria-permite-suspensao-de-contrato-de-trabalho-por-4-meses\/#primaryimage\"},\"thumbnailUrl\":\"https:\/\/dbtesser.com.br\/wp-content\/uploads\/2026\/02\/sign-pen-business-document-48148-1024x681-2.jpg\",\"keywords\":[\"Calamidade P\u00fablica\",\"Contrato de trabalho\",\"Coronav\u00edrus\",\"COVID-19\",\"Di\u00e1rio Oficial da Uni\u00e3o\",\"Direito Aduaneiro\",\"Direito Tribut\u00e1rio\",\"Medida Provis\u00f3ria\",\"Pandemia\"],\"articleSection\":[\"Not\u00edcias\"],\"inLanguage\":\"en-US\"},{\"@type\":\"WebPage\",\"@id\":\"https:\/\/dbtesser.com.br\/determinacao-medida-provisoria-permite-suspensao-de-contrato-de-trabalho-por-4-meses\/\",\"url\":\"https:\/\/dbtesser.com.br\/determinacao-medida-provisoria-permite-suspensao-de-contrato-de-trabalho-por-4-meses\/\",\"name\":\"Jair Bolsonaro determinou a revoga\u00e7\u00e3o do trecho da medida provis\u00f3ria que previa a suspens\u00e3o dos contratos de trabalho por 4 meses | DBTesser Advogados\",\"isPartOf\":{\"@id\":\"https:\/\/dbtesser.com.br\/#website\"},\"primaryImageOfPage\":{\"@id\":\"https:\/\/dbtesser.com.br\/determinacao-medida-provisoria-permite-suspensao-de-contrato-de-trabalho-por-4-meses\/#primaryimage\"},\"image\":{\"@id\":\"https:\/\/dbtesser.com.br\/determinacao-medida-provisoria-permite-suspensao-de-contrato-de-trabalho-por-4-meses\/#primaryimage\"},\"thumbnailUrl\":\"https:\/\/dbtesser.com.br\/wp-content\/uploads\/2026\/02\/sign-pen-business-document-48148-1024x681-2.jpg\",\"datePublished\":\"2020-03-23T12:16:07+00:00\",\"author\":{\"@id\":\"https:\/\/dbtesser.com.br\/#\/schema\/person\/3414c67f51128e3d927f8011ab737728\"},\"breadcrumb\":{\"@id\":\"https:\/\/dbtesser.com.br\/determinacao-medida-provisoria-permite-suspensao-de-contrato-de-trabalho-por-4-meses\/#breadcrumb\"},\"inLanguage\":\"en-US\",\"potentialAction\":[{\"@type\":\"ReadAction\",\"target\":[\"https:\/\/dbtesser.com.br\/determinacao-medida-provisoria-permite-suspensao-de-contrato-de-trabalho-por-4-meses\/\"]}]},{\"@type\":\"ImageObject\",\"inLanguage\":\"en-US\",\"@id\":\"https:\/\/dbtesser.com.br\/determinacao-medida-provisoria-permite-suspensao-de-contrato-de-trabalho-por-4-meses\/#primaryimage\",\"url\":\"https:\/\/dbtesser.com.br\/wp-content\/uploads\/2026\/02\/sign-pen-business-document-48148-1024x681-2.jpg\",\"contentUrl\":\"https:\/\/dbtesser.com.br\/wp-content\/uploads\/2026\/02\/sign-pen-business-document-48148-1024x681-2.jpg\",\"width\":1024,\"height\":681,\"caption\":\"sign pen business document x\"},{\"@type\":\"BreadcrumbList\",\"@id\":\"https:\/\/dbtesser.com.br\/determinacao-medida-provisoria-permite-suspensao-de-contrato-de-trabalho-por-4-meses\/#breadcrumb\",\"itemListElement\":[{\"@type\":\"ListItem\",\"position\":1,\"name\":\"In\u00edcio\",\"item\":\"https:\/\/dbtesser.com.br\/en\/\"},{\"@type\":\"ListItem\",\"position\":2,\"name\":\"Jair Bolsonaro determinou a revoga\u00e7\u00e3o do trecho da medida provis\u00f3ria que previa a suspens\u00e3o dos contratos de trabalho por 4 meses\"}]},{\"@type\":\"WebSite\",\"@id\":\"https:\/\/dbtesser.com.br\/#website\",\"url\":\"https:\/\/dbtesser.com.br\/\",\"name\":\"DB Tesser Advogados\",\"description\":\"\",\"potentialAction\":[{\"@type\":\"SearchAction\",\"target\":{\"@type\":\"EntryPoint\",\"urlTemplate\":\"https:\/\/dbtesser.com.br\/?s={search_term_string}\"},\"query-input\":{\"@type\":\"PropertyValueSpecification\",\"valueRequired\":true,\"valueName\":\"search_term_string\"}}],\"inLanguage\":\"en-US\"},{\"@type\":\"Person\",\"@id\":\"https:\/\/dbtesser.com.br\/#\/schema\/person\/3414c67f51128e3d927f8011ab737728\",\"name\":\"DB Tesser\",\"url\":\"https:\/\/dbtesser.com.br\/en\/author\/db-tesser\/\"}]}<\/script>\n<!-- \/ Yoast SEO plugin. -->","yoast_head_json":{"title":"Jair Bolsonaro determinou a revoga\u00e7\u00e3o do trecho da medida provis\u00f3ria que previa a suspens\u00e3o dos contratos de trabalho por 4 meses | DBTesser Advogados","robots":{"index":"index","follow":"follow","max-snippet":"max-snippet:-1","max-image-preview":"max-image-preview:large","max-video-preview":"max-video-preview:-1"},"canonical":"https:\/\/dbtesser.com.br\/en\/determinacao-medida-provisoria-permite-suspensao-de-contrato-de-trabalho-por-4-meses\/","og_locale":"en_US","og_type":"article","og_title":"Jair Bolsonaro determinou a revoga\u00e7\u00e3o do trecho da medida provis\u00f3ria que previa a suspens\u00e3o dos contratos de trabalho por 4 meses | DBTesser Advogados","og_description":"Em recente not\u00edcia publicada, o presidente Jair Bolsonaro determinou a revoga\u00e7\u00e3o do trecho da medida provis\u00f3ria 927 que previa a suspens\u00e3o dos contratos de trabalho por 4 meses. A medida foi publicada pelo governo federal com a\u00e7\u00f5es para para combater os efeitos econ\u00f4micos por conta da pandemia do novo coronav\u00edrus. Como se trata de uma [&hellip;]","og_url":"https:\/\/dbtesser.com.br\/en\/determinacao-medida-provisoria-permite-suspensao-de-contrato-de-trabalho-por-4-meses\/","og_site_name":"DBTesser Advogados","article_published_time":"2020-03-23T12:16:07+00:00","og_image":[{"width":1024,"height":681,"url":"https:\/\/dbtesser.com.br\/wp-content\/uploads\/2026\/02\/sign-pen-business-document-48148-1024x681-2.jpg","type":"image\/jpeg"}],"author":"DB Tesser","twitter_card":"summary_large_image","twitter_misc":{"Written by":"DB Tesser","Est. reading time":"1 minute"},"schema":{"@context":"https:\/\/schema.org","@graph":[{"@type":"Article","@id":"https:\/\/dbtesser.com.br\/determinacao-medida-provisoria-permite-suspensao-de-contrato-de-trabalho-por-4-meses\/#article","isPartOf":{"@id":"https:\/\/dbtesser.com.br\/determinacao-medida-provisoria-permite-suspensao-de-contrato-de-trabalho-por-4-meses\/"},"author":{"name":"DB Tesser","@id":"https:\/\/dbtesser.com.br\/#\/schema\/person\/3414c67f51128e3d927f8011ab737728"},"headline":"Jair Bolsonaro determinou a revoga\u00e7\u00e3o do trecho da medida provis\u00f3ria que previa a suspens\u00e3o dos contratos de trabalho por 4 meses","datePublished":"2020-03-23T12:16:07+00:00","mainEntityOfPage":{"@id":"https:\/\/dbtesser.com.br\/determinacao-medida-provisoria-permite-suspensao-de-contrato-de-trabalho-por-4-meses\/"},"wordCount":239,"image":{"@id":"https:\/\/dbtesser.com.br\/determinacao-medida-provisoria-permite-suspensao-de-contrato-de-trabalho-por-4-meses\/#primaryimage"},"thumbnailUrl":"https:\/\/dbtesser.com.br\/wp-content\/uploads\/2026\/02\/sign-pen-business-document-48148-1024x681-2.jpg","keywords":["Calamidade P\u00fablica","Contrato de trabalho","Coronav\u00edrus","COVID-19","Di\u00e1rio Oficial da Uni\u00e3o","Direito Aduaneiro","Direito Tribut\u00e1rio","Medida Provis\u00f3ria","Pandemia"],"articleSection":["Not\u00edcias"],"inLanguage":"en-US"},{"@type":"WebPage","@id":"https:\/\/dbtesser.com.br\/determinacao-medida-provisoria-permite-suspensao-de-contrato-de-trabalho-por-4-meses\/","url":"https:\/\/dbtesser.com.br\/determinacao-medida-provisoria-permite-suspensao-de-contrato-de-trabalho-por-4-meses\/","name":"Jair Bolsonaro determinou a revoga\u00e7\u00e3o do trecho da medida provis\u00f3ria que previa a suspens\u00e3o dos contratos de trabalho por 4 meses | DBTesser Advogados","isPartOf":{"@id":"https:\/\/dbtesser.com.br\/#website"},"primaryImageOfPage":{"@id":"https:\/\/dbtesser.com.br\/determinacao-medida-provisoria-permite-suspensao-de-contrato-de-trabalho-por-4-meses\/#primaryimage"},"image":{"@id":"https:\/\/dbtesser.com.br\/determinacao-medida-provisoria-permite-suspensao-de-contrato-de-trabalho-por-4-meses\/#primaryimage"},"thumbnailUrl":"https:\/\/dbtesser.com.br\/wp-content\/uploads\/2026\/02\/sign-pen-business-document-48148-1024x681-2.jpg","datePublished":"2020-03-23T12:16:07+00:00","author":{"@id":"https:\/\/dbtesser.com.br\/#\/schema\/person\/3414c67f51128e3d927f8011ab737728"},"breadcrumb":{"@id":"https:\/\/dbtesser.com.br\/determinacao-medida-provisoria-permite-suspensao-de-contrato-de-trabalho-por-4-meses\/#breadcrumb"},"inLanguage":"en-US","potentialAction":[{"@type":"ReadAction","target":["https:\/\/dbtesser.com.br\/determinacao-medida-provisoria-permite-suspensao-de-contrato-de-trabalho-por-4-meses\/"]}]},{"@type":"ImageObject","inLanguage":"en-US","@id":"https:\/\/dbtesser.com.br\/determinacao-medida-provisoria-permite-suspensao-de-contrato-de-trabalho-por-4-meses\/#primaryimage","url":"https:\/\/dbtesser.com.br\/wp-content\/uploads\/2026\/02\/sign-pen-business-document-48148-1024x681-2.jpg","contentUrl":"https:\/\/dbtesser.com.br\/wp-content\/uploads\/2026\/02\/sign-pen-business-document-48148-1024x681-2.jpg","width":1024,"height":681,"caption":"sign pen business document x"},{"@type":"BreadcrumbList","@id":"https:\/\/dbtesser.com.br\/determinacao-medida-provisoria-permite-suspensao-de-contrato-de-trabalho-por-4-meses\/#breadcrumb","itemListElement":[{"@type":"ListItem","position":1,"name":"In\u00edcio","item":"https:\/\/dbtesser.com.br\/en\/"},{"@type":"ListItem","position":2,"name":"Jair Bolsonaro determinou a revoga\u00e7\u00e3o do trecho da medida provis\u00f3ria que previa a suspens\u00e3o dos contratos de trabalho por 4 meses"}]},{"@type":"WebSite","@id":"https:\/\/dbtesser.com.br\/#website","url":"https:\/\/dbtesser.com.br\/","name":"DB Tesser Lawyers","description":"","potentialAction":[{"@type":"SearchAction","target":{"@type":"EntryPoint","urlTemplate":"https:\/\/dbtesser.com.br\/?s={search_term_string}"},"query-input":{"@type":"PropertyValueSpecification","valueRequired":true,"valueName":"search_term_string"}}],"inLanguage":"en-US"},{"@type":"Person","@id":"https:\/\/dbtesser.com.br\/#\/schema\/person\/3414c67f51128e3d927f8011ab737728","name":"DB Tesser","url":"https:\/\/dbtesser.com.br\/en\/author\/db-tesser\/"}]}},"_links":{"self":[{"href":"https:\/\/dbtesser.com.br\/en\/wp-json\/wp\/v2\/posts\/2224","targetHints":{"allow":["GET"]}}],"collection":[{"href":"https:\/\/dbtesser.com.br\/en\/wp-json\/wp\/v2\/posts"}],"about":[{"href":"https:\/\/dbtesser.com.br\/en\/wp-json\/wp\/v2\/types\/post"}],"author":[{"embeddable":true,"href":"https:\/\/dbtesser.com.br\/en\/wp-json\/wp\/v2\/users\/4007"}],"replies":[{"embeddable":true,"href":"https:\/\/dbtesser.com.br\/en\/wp-json\/wp\/v2\/comments?post=2224"}],"version-history":[{"count":0,"href":"https:\/\/dbtesser.com.br\/en\/wp-json\/wp\/v2\/posts\/2224\/revisions"}],"wp:featuredmedia":[{"embeddable":true,"href":"https:\/\/dbtesser.com.br\/en\/wp-json\/wp\/v2\/media\/2223"}],"wp:attachment":[{"href":"https:\/\/dbtesser.com.br\/en\/wp-json\/wp\/v2\/media?parent=2224"}],"wp:term":[{"taxonomy":"category","embeddable":true,"href":"https:\/\/dbtesser.com.br\/en\/wp-json\/wp\/v2\/categories?post=2224"},{"taxonomy":"post_tag","embeddable":true,"href":"https:\/\/dbtesser.com.br\/en\/wp-json\/wp\/v2\/tags?post=2224"}],"curies":[{"name":"wp","href":"https:\/\/api.w.org\/{rel}","templated":true}]}}