{"id":2226,"date":"2020-03-20T13:51:25","date_gmt":"2020-03-20T16:51:25","guid":{"rendered":"https:\/\/dbtesser.siteup.dev\/covid19-coronavirus-prorrogado-prazo-para-pagamento-dos-tributos-federais-no-ambito-do-simples-nacional\/"},"modified":"2020-03-20T13:51:25","modified_gmt":"2020-03-20T16:51:25","slug":"covid19-coronavirus-prorrogado-prazo-para-pagamento-dos-tributos-federais-no-ambito-do-simples-nacional","status":"publish","type":"post","link":"https:\/\/dbtesser.com.br\/en\/covid19-coronavirus-prorrogado-prazo-para-pagamento-dos-tributos-federais-no-ambito-do-simples-nacional\/","title":{"rendered":"Prorrogado prazo para pagamento dos tributos federais no \u00e2mbito do simples nacional"},"content":{"rendered":"<figure class=\"wp-block-image\"><img decoding=\"async\" src=\"https:\/\/dbtesser.com.br\/wp-content\/uploads\/2026\/02\/db-6.jpg\" alt=\"pandemiacoronav\u00edruscovid19importa\u00e7\u00e3ocom\u00e9rcio exterior\" class=\"wp-image-821\"\/><\/figure>\n\n\n\n<p>Em recente not\u00edcia divulgada pela Receita Federal informa que o Comit\u00ea Gestor do Simples Nacional (CGSN) aprovou a Resolu\u00e7\u00e3o CGSN n\u00ba 152, de 18 de mar\u00e7o de 2020, que prorroga o prazo para pagamento dos tributos federais no \u00e2mbito do Simples Nacional. <\/p>\n\n\n\n<p><strong>Essa medida se aplica tamb\u00e9m aos Microempreendedores Individuais (MEI), faz parte do pacote para minimizar os impactos econ\u00f4micos da pandemia do coronav\u00edrus.<\/strong><\/p>\n\n\n\n<p>Diante disso, os tributos\nfederais apurados no Programa Gerador do Documento de Arrecada\u00e7\u00e3o do Simples\nNacional \u2013 Declarat\u00f3rio (PGDAS-D) e Programa Gerador do DAS para o MEI (PGMEI)\nforam prorrogados da seguinte forma:<\/p>\n\n\n\n<p><strong>I \u2013<\/strong> o Per\u00edodo de Apura\u00e7\u00e3o Mar\u00e7o de 2020, com vencimento original em 20 de abril de 2020, fica com vencimento para 20 de outubro de 2020;<\/p>\n\n\n\n<p><strong>II \u2013<\/strong> o Per\u00edodo de Apura\u00e7\u00e3o Abril de 2020, com vencimento original em 20 de maio de 2020, fica com vencimento para 20 de novembro de 2020; e<\/p>\n\n\n\n<p><strong>III\u2013<\/strong> o Per\u00edodo de Apura\u00e7\u00e3o Maio de 2020, com vencimento original em 22 de junho de 2020, fica com vencimento para 21 de dezembro de 2020.<\/p>\n\n\n\n<p>O per\u00edodo de apura\u00e7\u00e3o\nFevereiro de 2020, com vencimento em 20 de mar\u00e7o de 2020, est\u00e1 com a data de\nvencimento mantida.<\/p>\n\n\n\n<p>Ato Declarat\u00f3rio Executivo\nda Secretaria Especial da Receita Federal do Brasil orientar\u00e1 os procedimentos\noperacionais a serem adotados pelos contribuintes para cumprimento dos efeitos\nda Resolu\u00e7\u00e3o.<\/p>\n\n\n\n<p>A Resolu\u00e7\u00e3o CGSN n\u00ba 152,\nde 18 de mar\u00e7o de 2020, foi encaminhada para publica\u00e7\u00e3o no Di\u00e1rio Of\u00edcial da\nUni\u00e3o.<\/p>\n\n\n\n<p>News source: <a href=\"https:\/\/receita.economia.gov.br\/noticias\/ascom\/2020\/marco\/aprovada-resolucao-no-152-2020-que-prorroga-o-prazo-para-pagamento-dos-tributos-federais-no-ambito-do-simples-nacional\">Federal Revenue Service<\/a><\/p>","protected":false},"excerpt":{"rendered":"<p>Em recente not\u00edcia divulgada pela Receita Federal informa que o Comit\u00ea Gestor do Simples Nacional (CGSN) aprovou a Resolu\u00e7\u00e3o CGSN n\u00ba 152, de 18 de mar\u00e7o de 2020, que prorroga o prazo para pagamento dos tributos federais no \u00e2mbito do Simples Nacional. Essa medida se aplica tamb\u00e9m aos Microempreendedores Individuais (MEI), faz parte do pacote [&hellip;]<\/p>\n","protected":false},"author":4007,"featured_media":2225,"comment_status":"","ping_status":"open","sticky":false,"template":"","format":"standard","meta":{"footnotes":""},"categories":[23],"tags":[39,116,137,140,178,182,256,380,382,428,459,493,496],"class_list":["post-2226","post","type-post","status-publish","format-standard","has-post-thumbnail","hentry","category-noticias","tag-aduaneiro","tag-comercio-exterior","tag-coronavirus","tag-covid-19","tag-direito-aduaneiro","tag-direito-tributario","tag-importacao-2","tag-pagamento-de-impostos","tag-pandemia","tag-receita-federal","tag-simples-nacional","tag-tributario","tag-tributos"],"yoast_head":"<!-- This site is optimized with the Yoast SEO plugin v27.2 - https:\/\/yoast.com\/product\/yoast-seo-wordpress\/ -->\n<title>Prorrogado prazo para pagamento dos tributos federais no \u00e2mbito do simples nacional | DBTesser Advogados<\/title>\n<meta name=\"robots\" content=\"index, follow, max-snippet:-1, max-image-preview:large, max-video-preview:-1\" \/>\n<link rel=\"canonical\" href=\"https:\/\/dbtesser.com.br\/en\/covid19-coronavirus-prorrogado-prazo-para-pagamento-dos-tributos-federais-no-ambito-do-simples-nacional\/\" \/>\n<meta property=\"og:locale\" content=\"en_US\" \/>\n<meta property=\"og:type\" content=\"article\" \/>\n<meta property=\"og:title\" content=\"Prorrogado prazo para pagamento dos tributos federais no \u00e2mbito do simples nacional | DBTesser Advogados\" \/>\n<meta property=\"og:description\" content=\"Em recente not\u00edcia divulgada pela Receita Federal informa que o Comit\u00ea Gestor do Simples Nacional (CGSN) aprovou a Resolu\u00e7\u00e3o CGSN n\u00ba 152, de 18 de mar\u00e7o de 2020, que prorroga o prazo para pagamento dos tributos federais no \u00e2mbito do Simples Nacional. Essa medida se aplica tamb\u00e9m aos Microempreendedores Individuais (MEI), faz parte do pacote [&hellip;]\" \/>\n<meta property=\"og:url\" content=\"https:\/\/dbtesser.com.br\/en\/covid19-coronavirus-prorrogado-prazo-para-pagamento-dos-tributos-federais-no-ambito-do-simples-nacional\/\" \/>\n<meta property=\"og:site_name\" content=\"DBTesser Advogados\" \/>\n<meta property=\"article:published_time\" content=\"2020-03-20T16:51:25+00:00\" \/>\n<meta property=\"og:image\" content=\"https:\/\/dbtesser.com.br\/wp-content\/uploads\/2026\/02\/db-6.jpg\" \/>\n\t<meta property=\"og:image:width\" content=\"800\" \/>\n\t<meta property=\"og:image:height\" content=\"533\" \/>\n\t<meta property=\"og:image:type\" content=\"image\/jpeg\" \/>\n<meta name=\"author\" content=\"DB Tesser\" \/>\n<meta name=\"twitter:card\" content=\"summary_large_image\" \/>\n<meta name=\"twitter:label1\" content=\"Written by\" \/>\n\t<meta name=\"twitter:data1\" content=\"DB Tesser\" \/>\n\t<meta name=\"twitter:label2\" content=\"Est. reading time\" \/>\n\t<meta name=\"twitter:data2\" content=\"1 minute\" \/>\n<script type=\"application\/ld+json\" class=\"yoast-schema-graph\">{\"@context\":\"https:\/\/schema.org\",\"@graph\":[{\"@type\":\"Article\",\"@id\":\"https:\/\/dbtesser.com.br\/covid19-coronavirus-prorrogado-prazo-para-pagamento-dos-tributos-federais-no-ambito-do-simples-nacional\/#article\",\"isPartOf\":{\"@id\":\"https:\/\/dbtesser.com.br\/covid19-coronavirus-prorrogado-prazo-para-pagamento-dos-tributos-federais-no-ambito-do-simples-nacional\/\"},\"author\":{\"name\":\"DB Tesser\",\"@id\":\"https:\/\/dbtesser.com.br\/#\/schema\/person\/3414c67f51128e3d927f8011ab737728\"},\"headline\":\"Prorrogado prazo para pagamento dos tributos federais no \u00e2mbito do simples nacional\",\"datePublished\":\"2020-03-20T16:51:25+00:00\",\"mainEntityOfPage\":{\"@id\":\"https:\/\/dbtesser.com.br\/covid19-coronavirus-prorrogado-prazo-para-pagamento-dos-tributos-federais-no-ambito-do-simples-nacional\/\"},\"wordCount\":263,\"image\":{\"@id\":\"https:\/\/dbtesser.com.br\/covid19-coronavirus-prorrogado-prazo-para-pagamento-dos-tributos-federais-no-ambito-do-simples-nacional\/#primaryimage\"},\"thumbnailUrl\":\"https:\/\/dbtesser.com.br\/wp-content\/uploads\/2026\/02\/db-6.jpg\",\"keywords\":[\"Aduaneiro\",\"Com\u00e9rcio Exterior\",\"Coronav\u00edrus\",\"COVID-19\",\"Direito Aduaneiro\",\"Direito Tribut\u00e1rio\",\"IMPORTA\u00c7\u00c3O\",\"Pagamento de impostos\",\"Pandemia\",\"Receita Federal\",\"Simples nacional\",\"Tribut\u00e1rio\",\"Tributos\"],\"articleSection\":[\"Not\u00edcias\"],\"inLanguage\":\"en-US\"},{\"@type\":\"WebPage\",\"@id\":\"https:\/\/dbtesser.com.br\/covid19-coronavirus-prorrogado-prazo-para-pagamento-dos-tributos-federais-no-ambito-do-simples-nacional\/\",\"url\":\"https:\/\/dbtesser.com.br\/covid19-coronavirus-prorrogado-prazo-para-pagamento-dos-tributos-federais-no-ambito-do-simples-nacional\/\",\"name\":\"Prorrogado prazo para pagamento dos tributos federais no \u00e2mbito do simples nacional | DBTesser Advogados\",\"isPartOf\":{\"@id\":\"https:\/\/dbtesser.com.br\/#website\"},\"primaryImageOfPage\":{\"@id\":\"https:\/\/dbtesser.com.br\/covid19-coronavirus-prorrogado-prazo-para-pagamento-dos-tributos-federais-no-ambito-do-simples-nacional\/#primaryimage\"},\"image\":{\"@id\":\"https:\/\/dbtesser.com.br\/covid19-coronavirus-prorrogado-prazo-para-pagamento-dos-tributos-federais-no-ambito-do-simples-nacional\/#primaryimage\"},\"thumbnailUrl\":\"https:\/\/dbtesser.com.br\/wp-content\/uploads\/2026\/02\/db-6.jpg\",\"datePublished\":\"2020-03-20T16:51:25+00:00\",\"author\":{\"@id\":\"https:\/\/dbtesser.com.br\/#\/schema\/person\/3414c67f51128e3d927f8011ab737728\"},\"breadcrumb\":{\"@id\":\"https:\/\/dbtesser.com.br\/covid19-coronavirus-prorrogado-prazo-para-pagamento-dos-tributos-federais-no-ambito-do-simples-nacional\/#breadcrumb\"},\"inLanguage\":\"en-US\",\"potentialAction\":[{\"@type\":\"ReadAction\",\"target\":[\"https:\/\/dbtesser.com.br\/covid19-coronavirus-prorrogado-prazo-para-pagamento-dos-tributos-federais-no-ambito-do-simples-nacional\/\"]}]},{\"@type\":\"ImageObject\",\"inLanguage\":\"en-US\",\"@id\":\"https:\/\/dbtesser.com.br\/covid19-coronavirus-prorrogado-prazo-para-pagamento-dos-tributos-federais-no-ambito-do-simples-nacional\/#primaryimage\",\"url\":\"https:\/\/dbtesser.com.br\/wp-content\/uploads\/2026\/02\/db-6.jpg\",\"contentUrl\":\"https:\/\/dbtesser.com.br\/wp-content\/uploads\/2026\/02\/db-6.jpg\",\"width\":800,\"height\":533,\"caption\":\"db\"},{\"@type\":\"BreadcrumbList\",\"@id\":\"https:\/\/dbtesser.com.br\/covid19-coronavirus-prorrogado-prazo-para-pagamento-dos-tributos-federais-no-ambito-do-simples-nacional\/#breadcrumb\",\"itemListElement\":[{\"@type\":\"ListItem\",\"position\":1,\"name\":\"In\u00edcio\",\"item\":\"https:\/\/dbtesser.com.br\/en\/\"},{\"@type\":\"ListItem\",\"position\":2,\"name\":\"Prorrogado prazo para pagamento dos tributos federais no \u00e2mbito do simples nacional\"}]},{\"@type\":\"WebSite\",\"@id\":\"https:\/\/dbtesser.com.br\/#website\",\"url\":\"https:\/\/dbtesser.com.br\/\",\"name\":\"DB Tesser Advogados\",\"description\":\"\",\"potentialAction\":[{\"@type\":\"SearchAction\",\"target\":{\"@type\":\"EntryPoint\",\"urlTemplate\":\"https:\/\/dbtesser.com.br\/?s={search_term_string}\"},\"query-input\":{\"@type\":\"PropertyValueSpecification\",\"valueRequired\":true,\"valueName\":\"search_term_string\"}}],\"inLanguage\":\"en-US\"},{\"@type\":\"Person\",\"@id\":\"https:\/\/dbtesser.com.br\/#\/schema\/person\/3414c67f51128e3d927f8011ab737728\",\"name\":\"DB Tesser\",\"url\":\"https:\/\/dbtesser.com.br\/en\/author\/db-tesser\/\"}]}<\/script>\n<!-- \/ Yoast SEO plugin. -->","yoast_head_json":{"title":"Prorrogado prazo para pagamento dos tributos federais no \u00e2mbito do simples nacional | DBTesser Advogados","robots":{"index":"index","follow":"follow","max-snippet":"max-snippet:-1","max-image-preview":"max-image-preview:large","max-video-preview":"max-video-preview:-1"},"canonical":"https:\/\/dbtesser.com.br\/en\/covid19-coronavirus-prorrogado-prazo-para-pagamento-dos-tributos-federais-no-ambito-do-simples-nacional\/","og_locale":"en_US","og_type":"article","og_title":"Prorrogado prazo para pagamento dos tributos federais no \u00e2mbito do simples nacional | DBTesser Advogados","og_description":"Em recente not\u00edcia divulgada pela Receita Federal informa que o Comit\u00ea Gestor do Simples Nacional (CGSN) aprovou a Resolu\u00e7\u00e3o CGSN n\u00ba 152, de 18 de mar\u00e7o de 2020, que prorroga o prazo para pagamento dos tributos federais no \u00e2mbito do Simples Nacional. Essa medida se aplica tamb\u00e9m aos Microempreendedores Individuais (MEI), faz parte do pacote [&hellip;]","og_url":"https:\/\/dbtesser.com.br\/en\/covid19-coronavirus-prorrogado-prazo-para-pagamento-dos-tributos-federais-no-ambito-do-simples-nacional\/","og_site_name":"DBTesser Advogados","article_published_time":"2020-03-20T16:51:25+00:00","og_image":[{"width":800,"height":533,"url":"https:\/\/dbtesser.com.br\/wp-content\/uploads\/2026\/02\/db-6.jpg","type":"image\/jpeg"}],"author":"DB Tesser","twitter_card":"summary_large_image","twitter_misc":{"Written by":"DB Tesser","Est. reading time":"1 minute"},"schema":{"@context":"https:\/\/schema.org","@graph":[{"@type":"Article","@id":"https:\/\/dbtesser.com.br\/covid19-coronavirus-prorrogado-prazo-para-pagamento-dos-tributos-federais-no-ambito-do-simples-nacional\/#article","isPartOf":{"@id":"https:\/\/dbtesser.com.br\/covid19-coronavirus-prorrogado-prazo-para-pagamento-dos-tributos-federais-no-ambito-do-simples-nacional\/"},"author":{"name":"DB Tesser","@id":"https:\/\/dbtesser.com.br\/#\/schema\/person\/3414c67f51128e3d927f8011ab737728"},"headline":"Prorrogado prazo para pagamento dos tributos federais no \u00e2mbito do simples nacional","datePublished":"2020-03-20T16:51:25+00:00","mainEntityOfPage":{"@id":"https:\/\/dbtesser.com.br\/covid19-coronavirus-prorrogado-prazo-para-pagamento-dos-tributos-federais-no-ambito-do-simples-nacional\/"},"wordCount":263,"image":{"@id":"https:\/\/dbtesser.com.br\/covid19-coronavirus-prorrogado-prazo-para-pagamento-dos-tributos-federais-no-ambito-do-simples-nacional\/#primaryimage"},"thumbnailUrl":"https:\/\/dbtesser.com.br\/wp-content\/uploads\/2026\/02\/db-6.jpg","keywords":["Aduaneiro","Com\u00e9rcio Exterior","Coronav\u00edrus","COVID-19","Direito Aduaneiro","Direito Tribut\u00e1rio","IMPORTA\u00c7\u00c3O","Pagamento de impostos","Pandemia","Receita Federal","Simples nacional","Tribut\u00e1rio","Tributos"],"articleSection":["Not\u00edcias"],"inLanguage":"en-US"},{"@type":"WebPage","@id":"https:\/\/dbtesser.com.br\/covid19-coronavirus-prorrogado-prazo-para-pagamento-dos-tributos-federais-no-ambito-do-simples-nacional\/","url":"https:\/\/dbtesser.com.br\/covid19-coronavirus-prorrogado-prazo-para-pagamento-dos-tributos-federais-no-ambito-do-simples-nacional\/","name":"Prorrogado prazo para pagamento dos tributos federais no \u00e2mbito do simples nacional | DBTesser Advogados","isPartOf":{"@id":"https:\/\/dbtesser.com.br\/#website"},"primaryImageOfPage":{"@id":"https:\/\/dbtesser.com.br\/covid19-coronavirus-prorrogado-prazo-para-pagamento-dos-tributos-federais-no-ambito-do-simples-nacional\/#primaryimage"},"image":{"@id":"https:\/\/dbtesser.com.br\/covid19-coronavirus-prorrogado-prazo-para-pagamento-dos-tributos-federais-no-ambito-do-simples-nacional\/#primaryimage"},"thumbnailUrl":"https:\/\/dbtesser.com.br\/wp-content\/uploads\/2026\/02\/db-6.jpg","datePublished":"2020-03-20T16:51:25+00:00","author":{"@id":"https:\/\/dbtesser.com.br\/#\/schema\/person\/3414c67f51128e3d927f8011ab737728"},"breadcrumb":{"@id":"https:\/\/dbtesser.com.br\/covid19-coronavirus-prorrogado-prazo-para-pagamento-dos-tributos-federais-no-ambito-do-simples-nacional\/#breadcrumb"},"inLanguage":"en-US","potentialAction":[{"@type":"ReadAction","target":["https:\/\/dbtesser.com.br\/covid19-coronavirus-prorrogado-prazo-para-pagamento-dos-tributos-federais-no-ambito-do-simples-nacional\/"]}]},{"@type":"ImageObject","inLanguage":"en-US","@id":"https:\/\/dbtesser.com.br\/covid19-coronavirus-prorrogado-prazo-para-pagamento-dos-tributos-federais-no-ambito-do-simples-nacional\/#primaryimage","url":"https:\/\/dbtesser.com.br\/wp-content\/uploads\/2026\/02\/db-6.jpg","contentUrl":"https:\/\/dbtesser.com.br\/wp-content\/uploads\/2026\/02\/db-6.jpg","width":800,"height":533,"caption":"db"},{"@type":"BreadcrumbList","@id":"https:\/\/dbtesser.com.br\/covid19-coronavirus-prorrogado-prazo-para-pagamento-dos-tributos-federais-no-ambito-do-simples-nacional\/#breadcrumb","itemListElement":[{"@type":"ListItem","position":1,"name":"In\u00edcio","item":"https:\/\/dbtesser.com.br\/en\/"},{"@type":"ListItem","position":2,"name":"Prorrogado prazo para pagamento dos tributos federais no \u00e2mbito do simples nacional"}]},{"@type":"WebSite","@id":"https:\/\/dbtesser.com.br\/#website","url":"https:\/\/dbtesser.com.br\/","name":"DB Tesser Lawyers","description":"","potentialAction":[{"@type":"SearchAction","target":{"@type":"EntryPoint","urlTemplate":"https:\/\/dbtesser.com.br\/?s={search_term_string}"},"query-input":{"@type":"PropertyValueSpecification","valueRequired":true,"valueName":"search_term_string"}}],"inLanguage":"en-US"},{"@type":"Person","@id":"https:\/\/dbtesser.com.br\/#\/schema\/person\/3414c67f51128e3d927f8011ab737728","name":"DB Tesser","url":"https:\/\/dbtesser.com.br\/en\/author\/db-tesser\/"}]}},"_links":{"self":[{"href":"https:\/\/dbtesser.com.br\/en\/wp-json\/wp\/v2\/posts\/2226","targetHints":{"allow":["GET"]}}],"collection":[{"href":"https:\/\/dbtesser.com.br\/en\/wp-json\/wp\/v2\/posts"}],"about":[{"href":"https:\/\/dbtesser.com.br\/en\/wp-json\/wp\/v2\/types\/post"}],"author":[{"embeddable":true,"href":"https:\/\/dbtesser.com.br\/en\/wp-json\/wp\/v2\/users\/4007"}],"replies":[{"embeddable":true,"href":"https:\/\/dbtesser.com.br\/en\/wp-json\/wp\/v2\/comments?post=2226"}],"version-history":[{"count":0,"href":"https:\/\/dbtesser.com.br\/en\/wp-json\/wp\/v2\/posts\/2226\/revisions"}],"wp:featuredmedia":[{"embeddable":true,"href":"https:\/\/dbtesser.com.br\/en\/wp-json\/wp\/v2\/media\/2225"}],"wp:attachment":[{"href":"https:\/\/dbtesser.com.br\/en\/wp-json\/wp\/v2\/media?parent=2226"}],"wp:term":[{"taxonomy":"category","embeddable":true,"href":"https:\/\/dbtesser.com.br\/en\/wp-json\/wp\/v2\/categories?post=2226"},{"taxonomy":"post_tag","embeddable":true,"href":"https:\/\/dbtesser.com.br\/en\/wp-json\/wp\/v2\/tags?post=2226"}],"curies":[{"name":"wp","href":"https:\/\/api.w.org\/{rel}","templated":true}]}}