{"id":2228,"date":"2020-03-20T09:23:45","date_gmt":"2020-03-20T12:23:45","guid":{"rendered":"https:\/\/dbtesser.siteup.dev\/coronavirus-covid-19-governo-federal-zera-aliquota-do-imposto-de-importacao-para-produtos-medico-hospitalares\/"},"modified":"2020-03-20T09:23:45","modified_gmt":"2020-03-20T12:23:45","slug":"coronavirus-covid-19-governo-federal-zera-aliquota-do-imposto-de-importacao-para-produtos-medico-hospitalares","status":"publish","type":"post","link":"https:\/\/dbtesser.com.br\/en\/coronavirus-covid-19-governo-federal-zera-aliquota-do-imposto-de-importacao-para-produtos-medico-hospitalares\/","title":{"rendered":"CORONAV\u00cdRUS (COVID-19)  &#8211; Governo Federal zera al\u00edquota do Imposto de Importa\u00e7\u00e3o para produtos m\u00e9dico-hospitalares"},"content":{"rendered":"<div class=\"wp-block-image\"><figure class=\"aligncenter\"><img decoding=\"async\" src=\"https:\/\/dbtesser.com.br\/wp-content\/uploads\/2026\/02\/20.03-db-1024x536-2.jpg\" alt=\"coronaviruscoronav\u00edruscovidcovid19importacaoimporta\u00e7\u00e3o\" class=\"wp-image-817\"\/><\/figure><\/div>\n\n\n\n<p>\u00c9 de not\u00f3rio conhecimento que a popula\u00e7\u00e3o mundial vem enfrentando s\u00e9rias consequ\u00eancias diante da rapidez da dissemina\u00e7\u00e3o do v\u00edrus Covid-19, sendo de extrema import\u00e2ncia a tomada de algumas medidas governamentais para auxiliar no combate \u00e0 nova doen\u00e7a.<\/p>\n\n\n\n<p>Dessa forma, o<strong> Governo Federal decidiu zerar as al\u00edquotas do imposto de importa\u00e7\u00e3o de v\u00e1rios produtos de uso m\u00e9dico-hospitalar, pelo menos at\u00e9 o final do ano de 2020. <\/strong><\/p>\n\n\n\n<p>Al\u00e9m\ndisso, tamb\u00e9m visando ao enfrentamento do v\u00edrus instaurado, pretende-se\nfacilitar o desembara\u00e7o aduaneiro desses bens, dentre eles, \u00e1lcool em gel,\nluvas e m\u00e1scaras. Como se sabe, esses produtos v\u00eam tomando uma import\u00e2ncia\nimensur\u00e1vel no pa\u00eds, n\u00e3o podendo faltar de forma alguma no mercado interno,\nsendo de grande import\u00e2ncia a colabora\u00e7\u00e3o na conclus\u00e3o do despacho aduaneiro.<\/p>\n\n\n\n<p>Tamb\u00e9m importa destacar que as<strong> medidas tribut\u00e1rias<\/strong> devem ser tomadas n\u00e3o s\u00f3 para produtos m\u00e9dico-hospitalares, pois todas as empresas no mercado nacional e internacional est\u00e3o sofrendo com o v\u00edrus instalado, devendo-se haver uma revis\u00e3o e rean\u00e1lise do tributos que s\u00e3o impostos aos brasileiros, verificando a possibilidade de postergar os seus pagamentos sem quaisquer penalidades, tendo em vista que a crise \u00e9 inevit\u00e1vel e j\u00e1 est\u00e1 sendo diariamente vivenciada por todos.<\/p>\n\n\n\n<p><strong>? \u00c9 importante para os importadores e exportadores manter-se bem assessorado e bem informado para dar continuidade com suas opera\u00e7\u00f5es no com\u00e9rcio internacional.<\/strong><\/p>\n\n\n\n<p>News commented on by\u00a0<strong>Rebeca Ayres, <\/strong><em>Lawyer, graduated in Law in\u00a0<\/em>Graduated in 2017 from the Baiana Faculty of Law\/BA, specializing in Customs Law and Foreign Trade from Univali-Itaja\u00ed.<em>. Areas of Expertise: Customs Law, Tax Law, and Maritime Law. OAB\/BA 57.313 and OAB\/SC 52.845<\/em>.   <\/p>","protected":false},"excerpt":{"rendered":"<p>\u00c9 de not\u00f3rio conhecimento que a popula\u00e7\u00e3o mundial vem enfrentando s\u00e9rias consequ\u00eancias diante da rapidez da dissemina\u00e7\u00e3o do v\u00edrus Covid-19, sendo de extrema import\u00e2ncia a tomada de algumas medidas governamentais para auxiliar no combate \u00e0 nova doen\u00e7a. Dessa forma, o Governo Federal decidiu zerar as al\u00edquotas do imposto de importa\u00e7\u00e3o de v\u00e1rios produtos de uso [&hellip;]<\/p>\n","protected":false},"author":4007,"featured_media":2227,"comment_status":"","ping_status":"open","sticky":false,"template":"","format":"standard","meta":{"footnotes":""},"categories":[23],"tags":[37,39,46,137,140,165,178,182,256,266,270,382,411,413],"class_list":["post-2228","post","type-post","status-publish","format-standard","has-post-thumbnail","hentry","category-noticias","tag-aduana","tag-aduaneiro","tag-aliquota-de-importacao","tag-coronavirus","tag-covid-19","tag-desembaraco-aduaneiro","tag-direito-aduaneiro","tag-direito-tributario","tag-importacao-2","tag-importacao-de-produtos-medicos","tag-importacao-no-brasil","tag-pandemia","tag-produto-medico","tag-produto-medico-hospitalar"],"yoast_head":"<!-- This site is optimized with the Yoast SEO plugin v27.2 - https:\/\/yoast.com\/product\/yoast-seo-wordpress\/ -->\n<title>CORONAV\u00cdRUS (COVID-19) - Governo Federal zera al\u00edquota do Imposto de Importa\u00e7\u00e3o para produtos m\u00e9dico-hospitalares | DBTesser Advogados<\/title>\n<meta name=\"robots\" content=\"index, follow, max-snippet:-1, max-image-preview:large, max-video-preview:-1\" \/>\n<link rel=\"canonical\" href=\"https:\/\/dbtesser.com.br\/en\/coronavirus-covid-19-governo-federal-zera-aliquota-do-imposto-de-importacao-para-produtos-medico-hospitalares\/\" \/>\n<meta property=\"og:locale\" content=\"en_US\" \/>\n<meta property=\"og:type\" content=\"article\" \/>\n<meta property=\"og:title\" content=\"CORONAV\u00cdRUS (COVID-19) - Governo Federal zera al\u00edquota do Imposto de Importa\u00e7\u00e3o para produtos m\u00e9dico-hospitalares | DBTesser Advogados\" \/>\n<meta property=\"og:description\" content=\"\u00c9 de not\u00f3rio conhecimento que a popula\u00e7\u00e3o mundial vem enfrentando s\u00e9rias consequ\u00eancias diante da rapidez da dissemina\u00e7\u00e3o do v\u00edrus Covid-19, sendo de extrema import\u00e2ncia a tomada de algumas medidas governamentais para auxiliar no combate \u00e0 nova doen\u00e7a. Dessa forma, o Governo Federal decidiu zerar as al\u00edquotas do imposto de importa\u00e7\u00e3o de v\u00e1rios produtos de uso [&hellip;]\" \/>\n<meta property=\"og:url\" content=\"https:\/\/dbtesser.com.br\/en\/coronavirus-covid-19-governo-federal-zera-aliquota-do-imposto-de-importacao-para-produtos-medico-hospitalares\/\" \/>\n<meta property=\"og:site_name\" content=\"DBTesser Advogados\" \/>\n<meta property=\"article:published_time\" content=\"2020-03-20T12:23:45+00:00\" \/>\n<meta property=\"og:image\" content=\"https:\/\/dbtesser.com.br\/wp-content\/uploads\/2026\/02\/20.03-db-1024x536-2.jpg\" \/>\n\t<meta property=\"og:image:width\" content=\"1024\" \/>\n\t<meta property=\"og:image:height\" content=\"536\" \/>\n\t<meta property=\"og:image:type\" content=\"image\/jpeg\" \/>\n<meta name=\"author\" content=\"DB Tesser\" \/>\n<meta name=\"twitter:card\" content=\"summary_large_image\" \/>\n<meta name=\"twitter:label1\" content=\"Written by\" \/>\n\t<meta name=\"twitter:data1\" content=\"DB Tesser\" \/>\n\t<meta name=\"twitter:label2\" content=\"Est. reading time\" \/>\n\t<meta name=\"twitter:data2\" content=\"1 minute\" \/>\n<script type=\"application\/ld+json\" class=\"yoast-schema-graph\">{\"@context\":\"https:\/\/schema.org\",\"@graph\":[{\"@type\":\"Article\",\"@id\":\"https:\/\/dbtesser.com.br\/coronavirus-covid-19-governo-federal-zera-aliquota-do-imposto-de-importacao-para-produtos-medico-hospitalares\/#article\",\"isPartOf\":{\"@id\":\"https:\/\/dbtesser.com.br\/coronavirus-covid-19-governo-federal-zera-aliquota-do-imposto-de-importacao-para-produtos-medico-hospitalares\/\"},\"author\":{\"name\":\"DB Tesser\",\"@id\":\"https:\/\/dbtesser.com.br\/#\/schema\/person\/3414c67f51128e3d927f8011ab737728\"},\"headline\":\"CORONAV\u00cdRUS (COVID-19) &#8211; Governo Federal zera al\u00edquota do Imposto de Importa\u00e7\u00e3o para produtos m\u00e9dico-hospitalares\",\"datePublished\":\"2020-03-20T12:23:45+00:00\",\"mainEntityOfPage\":{\"@id\":\"https:\/\/dbtesser.com.br\/coronavirus-covid-19-governo-federal-zera-aliquota-do-imposto-de-importacao-para-produtos-medico-hospitalares\/\"},\"wordCount\":308,\"image\":{\"@id\":\"https:\/\/dbtesser.com.br\/coronavirus-covid-19-governo-federal-zera-aliquota-do-imposto-de-importacao-para-produtos-medico-hospitalares\/#primaryimage\"},\"thumbnailUrl\":\"https:\/\/dbtesser.com.br\/wp-content\/uploads\/2026\/02\/20.03-db-1024x536-2.jpg\",\"keywords\":[\"Aduana\",\"Aduaneiro\",\"Al\u00edquota de importa\u00e7\u00e3o\",\"Coronav\u00edrus\",\"COVID-19\",\"Desembara\u00e7o Aduaneiro\",\"Direito Aduaneiro\",\"Direito Tribut\u00e1rio\",\"IMPORTA\u00c7\u00c3O\",\"Importa\u00e7\u00e3o de produtos m\u00e9dicos\",\"Importa\u00e7\u00e3o no Brasil\",\"Pandemia\",\"Produto m\u00e9dico\",\"Produto m\u00e9dico hospitalar\"],\"articleSection\":[\"Not\u00edcias\"],\"inLanguage\":\"en-US\"},{\"@type\":\"WebPage\",\"@id\":\"https:\/\/dbtesser.com.br\/coronavirus-covid-19-governo-federal-zera-aliquota-do-imposto-de-importacao-para-produtos-medico-hospitalares\/\",\"url\":\"https:\/\/dbtesser.com.br\/coronavirus-covid-19-governo-federal-zera-aliquota-do-imposto-de-importacao-para-produtos-medico-hospitalares\/\",\"name\":\"CORONAV\u00cdRUS (COVID-19) - Governo Federal zera al\u00edquota do Imposto de Importa\u00e7\u00e3o para produtos m\u00e9dico-hospitalares | DBTesser Advogados\",\"isPartOf\":{\"@id\":\"https:\/\/dbtesser.com.br\/#website\"},\"primaryImageOfPage\":{\"@id\":\"https:\/\/dbtesser.com.br\/coronavirus-covid-19-governo-federal-zera-aliquota-do-imposto-de-importacao-para-produtos-medico-hospitalares\/#primaryimage\"},\"image\":{\"@id\":\"https:\/\/dbtesser.com.br\/coronavirus-covid-19-governo-federal-zera-aliquota-do-imposto-de-importacao-para-produtos-medico-hospitalares\/#primaryimage\"},\"thumbnailUrl\":\"https:\/\/dbtesser.com.br\/wp-content\/uploads\/2026\/02\/20.03-db-1024x536-2.jpg\",\"datePublished\":\"2020-03-20T12:23:45+00:00\",\"author\":{\"@id\":\"https:\/\/dbtesser.com.br\/#\/schema\/person\/3414c67f51128e3d927f8011ab737728\"},\"breadcrumb\":{\"@id\":\"https:\/\/dbtesser.com.br\/coronavirus-covid-19-governo-federal-zera-aliquota-do-imposto-de-importacao-para-produtos-medico-hospitalares\/#breadcrumb\"},\"inLanguage\":\"en-US\",\"potentialAction\":[{\"@type\":\"ReadAction\",\"target\":[\"https:\/\/dbtesser.com.br\/coronavirus-covid-19-governo-federal-zera-aliquota-do-imposto-de-importacao-para-produtos-medico-hospitalares\/\"]}]},{\"@type\":\"ImageObject\",\"inLanguage\":\"en-US\",\"@id\":\"https:\/\/dbtesser.com.br\/coronavirus-covid-19-governo-federal-zera-aliquota-do-imposto-de-importacao-para-produtos-medico-hospitalares\/#primaryimage\",\"url\":\"https:\/\/dbtesser.com.br\/wp-content\/uploads\/2026\/02\/20.03-db-1024x536-2.jpg\",\"contentUrl\":\"https:\/\/dbtesser.com.br\/wp-content\/uploads\/2026\/02\/20.03-db-1024x536-2.jpg\",\"width\":1024,\"height\":536,\"caption\":\"db x\"},{\"@type\":\"BreadcrumbList\",\"@id\":\"https:\/\/dbtesser.com.br\/coronavirus-covid-19-governo-federal-zera-aliquota-do-imposto-de-importacao-para-produtos-medico-hospitalares\/#breadcrumb\",\"itemListElement\":[{\"@type\":\"ListItem\",\"position\":1,\"name\":\"In\u00edcio\",\"item\":\"https:\/\/dbtesser.com.br\/en\/\"},{\"@type\":\"ListItem\",\"position\":2,\"name\":\"CORONAV\u00cdRUS (COVID-19) &#8211; Governo Federal zera al\u00edquota do Imposto de Importa\u00e7\u00e3o para produtos m\u00e9dico-hospitalares\"}]},{\"@type\":\"WebSite\",\"@id\":\"https:\/\/dbtesser.com.br\/#website\",\"url\":\"https:\/\/dbtesser.com.br\/\",\"name\":\"DB Tesser Advogados\",\"description\":\"\",\"potentialAction\":[{\"@type\":\"SearchAction\",\"target\":{\"@type\":\"EntryPoint\",\"urlTemplate\":\"https:\/\/dbtesser.com.br\/?s={search_term_string}\"},\"query-input\":{\"@type\":\"PropertyValueSpecification\",\"valueRequired\":true,\"valueName\":\"search_term_string\"}}],\"inLanguage\":\"en-US\"},{\"@type\":\"Person\",\"@id\":\"https:\/\/dbtesser.com.br\/#\/schema\/person\/3414c67f51128e3d927f8011ab737728\",\"name\":\"DB Tesser\",\"url\":\"https:\/\/dbtesser.com.br\/en\/author\/db-tesser\/\"}]}<\/script>\n<!-- \/ Yoast SEO plugin. -->","yoast_head_json":{"title":"CORONAV\u00cdRUS (COVID-19) - Governo Federal zera al\u00edquota do Imposto de Importa\u00e7\u00e3o para produtos m\u00e9dico-hospitalares | DBTesser Advogados","robots":{"index":"index","follow":"follow","max-snippet":"max-snippet:-1","max-image-preview":"max-image-preview:large","max-video-preview":"max-video-preview:-1"},"canonical":"https:\/\/dbtesser.com.br\/en\/coronavirus-covid-19-governo-federal-zera-aliquota-do-imposto-de-importacao-para-produtos-medico-hospitalares\/","og_locale":"en_US","og_type":"article","og_title":"CORONAV\u00cdRUS (COVID-19) - Governo Federal zera al\u00edquota do Imposto de Importa\u00e7\u00e3o para produtos m\u00e9dico-hospitalares | DBTesser Advogados","og_description":"\u00c9 de not\u00f3rio conhecimento que a popula\u00e7\u00e3o mundial vem enfrentando s\u00e9rias consequ\u00eancias diante da rapidez da dissemina\u00e7\u00e3o do v\u00edrus Covid-19, sendo de extrema import\u00e2ncia a tomada de algumas medidas governamentais para auxiliar no combate \u00e0 nova doen\u00e7a. Dessa forma, o Governo Federal decidiu zerar as al\u00edquotas do imposto de importa\u00e7\u00e3o de v\u00e1rios produtos de uso [&hellip;]","og_url":"https:\/\/dbtesser.com.br\/en\/coronavirus-covid-19-governo-federal-zera-aliquota-do-imposto-de-importacao-para-produtos-medico-hospitalares\/","og_site_name":"DBTesser Advogados","article_published_time":"2020-03-20T12:23:45+00:00","og_image":[{"width":1024,"height":536,"url":"https:\/\/dbtesser.com.br\/wp-content\/uploads\/2026\/02\/20.03-db-1024x536-2.jpg","type":"image\/jpeg"}],"author":"DB Tesser","twitter_card":"summary_large_image","twitter_misc":{"Written by":"DB Tesser","Est. reading time":"1 minute"},"schema":{"@context":"https:\/\/schema.org","@graph":[{"@type":"Article","@id":"https:\/\/dbtesser.com.br\/coronavirus-covid-19-governo-federal-zera-aliquota-do-imposto-de-importacao-para-produtos-medico-hospitalares\/#article","isPartOf":{"@id":"https:\/\/dbtesser.com.br\/coronavirus-covid-19-governo-federal-zera-aliquota-do-imposto-de-importacao-para-produtos-medico-hospitalares\/"},"author":{"name":"DB Tesser","@id":"https:\/\/dbtesser.com.br\/#\/schema\/person\/3414c67f51128e3d927f8011ab737728"},"headline":"CORONAV\u00cdRUS (COVID-19) &#8211; Governo Federal zera al\u00edquota do Imposto de Importa\u00e7\u00e3o para produtos m\u00e9dico-hospitalares","datePublished":"2020-03-20T12:23:45+00:00","mainEntityOfPage":{"@id":"https:\/\/dbtesser.com.br\/coronavirus-covid-19-governo-federal-zera-aliquota-do-imposto-de-importacao-para-produtos-medico-hospitalares\/"},"wordCount":308,"image":{"@id":"https:\/\/dbtesser.com.br\/coronavirus-covid-19-governo-federal-zera-aliquota-do-imposto-de-importacao-para-produtos-medico-hospitalares\/#primaryimage"},"thumbnailUrl":"https:\/\/dbtesser.com.br\/wp-content\/uploads\/2026\/02\/20.03-db-1024x536-2.jpg","keywords":["Aduana","Aduaneiro","Al\u00edquota de importa\u00e7\u00e3o","Coronav\u00edrus","COVID-19","Desembara\u00e7o Aduaneiro","Direito Aduaneiro","Direito Tribut\u00e1rio","IMPORTA\u00c7\u00c3O","Importa\u00e7\u00e3o de produtos m\u00e9dicos","Importa\u00e7\u00e3o no Brasil","Pandemia","Produto m\u00e9dico","Produto m\u00e9dico hospitalar"],"articleSection":["Not\u00edcias"],"inLanguage":"en-US"},{"@type":"WebPage","@id":"https:\/\/dbtesser.com.br\/coronavirus-covid-19-governo-federal-zera-aliquota-do-imposto-de-importacao-para-produtos-medico-hospitalares\/","url":"https:\/\/dbtesser.com.br\/coronavirus-covid-19-governo-federal-zera-aliquota-do-imposto-de-importacao-para-produtos-medico-hospitalares\/","name":"CORONAV\u00cdRUS (COVID-19) - Governo Federal zera al\u00edquota do Imposto de Importa\u00e7\u00e3o para produtos m\u00e9dico-hospitalares | DBTesser Advogados","isPartOf":{"@id":"https:\/\/dbtesser.com.br\/#website"},"primaryImageOfPage":{"@id":"https:\/\/dbtesser.com.br\/coronavirus-covid-19-governo-federal-zera-aliquota-do-imposto-de-importacao-para-produtos-medico-hospitalares\/#primaryimage"},"image":{"@id":"https:\/\/dbtesser.com.br\/coronavirus-covid-19-governo-federal-zera-aliquota-do-imposto-de-importacao-para-produtos-medico-hospitalares\/#primaryimage"},"thumbnailUrl":"https:\/\/dbtesser.com.br\/wp-content\/uploads\/2026\/02\/20.03-db-1024x536-2.jpg","datePublished":"2020-03-20T12:23:45+00:00","author":{"@id":"https:\/\/dbtesser.com.br\/#\/schema\/person\/3414c67f51128e3d927f8011ab737728"},"breadcrumb":{"@id":"https:\/\/dbtesser.com.br\/coronavirus-covid-19-governo-federal-zera-aliquota-do-imposto-de-importacao-para-produtos-medico-hospitalares\/#breadcrumb"},"inLanguage":"en-US","potentialAction":[{"@type":"ReadAction","target":["https:\/\/dbtesser.com.br\/coronavirus-covid-19-governo-federal-zera-aliquota-do-imposto-de-importacao-para-produtos-medico-hospitalares\/"]}]},{"@type":"ImageObject","inLanguage":"en-US","@id":"https:\/\/dbtesser.com.br\/coronavirus-covid-19-governo-federal-zera-aliquota-do-imposto-de-importacao-para-produtos-medico-hospitalares\/#primaryimage","url":"https:\/\/dbtesser.com.br\/wp-content\/uploads\/2026\/02\/20.03-db-1024x536-2.jpg","contentUrl":"https:\/\/dbtesser.com.br\/wp-content\/uploads\/2026\/02\/20.03-db-1024x536-2.jpg","width":1024,"height":536,"caption":"db x"},{"@type":"BreadcrumbList","@id":"https:\/\/dbtesser.com.br\/coronavirus-covid-19-governo-federal-zera-aliquota-do-imposto-de-importacao-para-produtos-medico-hospitalares\/#breadcrumb","itemListElement":[{"@type":"ListItem","position":1,"name":"In\u00edcio","item":"https:\/\/dbtesser.com.br\/en\/"},{"@type":"ListItem","position":2,"name":"CORONAV\u00cdRUS (COVID-19) &#8211; Governo Federal zera al\u00edquota do Imposto de Importa\u00e7\u00e3o para produtos m\u00e9dico-hospitalares"}]},{"@type":"WebSite","@id":"https:\/\/dbtesser.com.br\/#website","url":"https:\/\/dbtesser.com.br\/","name":"DB Tesser Lawyers","description":"","potentialAction":[{"@type":"SearchAction","target":{"@type":"EntryPoint","urlTemplate":"https:\/\/dbtesser.com.br\/?s={search_term_string}"},"query-input":{"@type":"PropertyValueSpecification","valueRequired":true,"valueName":"search_term_string"}}],"inLanguage":"en-US"},{"@type":"Person","@id":"https:\/\/dbtesser.com.br\/#\/schema\/person\/3414c67f51128e3d927f8011ab737728","name":"DB Tesser","url":"https:\/\/dbtesser.com.br\/en\/author\/db-tesser\/"}]}},"_links":{"self":[{"href":"https:\/\/dbtesser.com.br\/en\/wp-json\/wp\/v2\/posts\/2228","targetHints":{"allow":["GET"]}}],"collection":[{"href":"https:\/\/dbtesser.com.br\/en\/wp-json\/wp\/v2\/posts"}],"about":[{"href":"https:\/\/dbtesser.com.br\/en\/wp-json\/wp\/v2\/types\/post"}],"author":[{"embeddable":true,"href":"https:\/\/dbtesser.com.br\/en\/wp-json\/wp\/v2\/users\/4007"}],"replies":[{"embeddable":true,"href":"https:\/\/dbtesser.com.br\/en\/wp-json\/wp\/v2\/comments?post=2228"}],"version-history":[{"count":0,"href":"https:\/\/dbtesser.com.br\/en\/wp-json\/wp\/v2\/posts\/2228\/revisions"}],"wp:featuredmedia":[{"embeddable":true,"href":"https:\/\/dbtesser.com.br\/en\/wp-json\/wp\/v2\/media\/2227"}],"wp:attachment":[{"href":"https:\/\/dbtesser.com.br\/en\/wp-json\/wp\/v2\/media?parent=2228"}],"wp:term":[{"taxonomy":"category","embeddable":true,"href":"https:\/\/dbtesser.com.br\/en\/wp-json\/wp\/v2\/categories?post=2228"},{"taxonomy":"post_tag","embeddable":true,"href":"https:\/\/dbtesser.com.br\/en\/wp-json\/wp\/v2\/tags?post=2228"}],"curies":[{"name":"wp","href":"https:\/\/api.w.org\/{rel}","templated":true}]}}