{"id":2250,"date":"2020-02-17T14:17:09","date_gmt":"2020-02-17T17:17:09","guid":{"rendered":"https:\/\/dbtesser.siteup.dev\/brasil-e-paraguai-assinam-acordo-automotivo-para-livre-comercio\/"},"modified":"2020-02-17T14:17:09","modified_gmt":"2020-02-17T17:17:09","slug":"brazil-and-paraguay-sign-automotive-free-trade-agreement","status":"publish","type":"post","link":"https:\/\/dbtesser.com.br\/en\/brasil-e-paraguai-assinam-acordo-automotivo-para-livre-comercio\/","title":{"rendered":"Brazil and Paraguay sign automotive free trade agreement."},"content":{"rendered":"<div class=\"wp-block-image\"><figure class=\"aligncenter\"><img decoding=\"async\" src=\"https:\/\/dbtesser.com.br\/wp-content\/uploads\/2026\/02\/black-coupe-1164778-1-1-scaled.jpg\" alt=\"\" class=\"wp-image-756\"\/><\/figure><\/div>\n\n\n\n<p>The Brazilian government signed an Automotive Agreement between Brazil and Paraguay this Tuesday (11), in Asunci\u00f3n. <\/p>\n\n\n\n<p>According to the Ministry of Economy and the Ministry of Foreign Affairs, the agreement has an indefinite term of validity, or until the automotive sector adapts to the general Mercosur regime.<\/p>\n\n\n\n<p>According to the ministries, trade in automotive products between Brazil and Paraguay has been growing, &quot;mainly due to Brazilian exports of automobiles and Brazilian imports of auto parts (primarily electrical harnesses).&quot; &quot;In 2019, the trade flow totaled US$650 million, with exports valued at US$415 million and imports valued at US$235 million, resulting in a surplus of US$180 million for Brazil.&quot;\u201c<\/p>\n\n\n\n<p>Under the agreement, Brazil will grant immediate free trade to all automotive products coming from the neighboring country. Paraguay, in turn, will grant immediate free trade to Brazilian automotive products taxed with tariffs between zero and 2%. Furthermore, it will apply increasing preferential tariff margins to other automotive products until the sector is fully liberalized by the end of 2022.<\/p>\n\n\n\n<p>Source: <a href=\"https:\/\/www.infomoney.com.br\/economia\/brasil-e-paraguai-assinam-acordo-de-livre-comercio-automotivo\/\">Infomoney<\/a><\/p>\n\n\n\n<p>News commented on by <strong>Anna Gabriela,  <\/strong><em>Lawyer, graduated in Law in 2012 from the Professor Dam\u00e1sio de Jesus Law School. Area of Expertise: Customs Law and Tax Law, OAB (Brazilian Bar Association): 348.552.<\/em><\/p>","protected":false},"excerpt":{"rendered":"<p>O governo brasileiro assinou nesta ter\u00e7a-feira (11), em Assun\u00e7\u00e3o, um Acordo Automotivo entre Brasil e Paraguai. De acordo com o Minist\u00e9rio da Economia e Minist\u00e9rio de Rela\u00e7\u00f5es Exteriores, o acordo tem prazo de vig\u00eancia indeterminado, ou at\u00e9 que ocorra a adequa\u00e7\u00e3o do setor automotivo ao regime geral do Mercosul. Ainda conforme os minist\u00e9rios, o com\u00e9rcio [&hellip;]<\/p>\n","protected":false},"author":4007,"featured_media":2249,"comment_status":"","ping_status":"open","sticky":false,"template":"","format":"standard","meta":{"footnotes":""},"categories":[23],"tags":[62,63,96,97,176,178,182,256,261,269,270,349],"class_list":["post-2250","post","type-post","status-publish","format-standard","has-post-thumbnail","hentry","category-noticias","tag-automotivo","tag-automoveis","tag-carros","tag-carros-importados","tag-direito","tag-direito-aduaneiro","tag-direito-tributario","tag-importacao-2","tag-importacao-de-carros","tag-importacao-e-exportacao-no-brasil","tag-importacao-no-brasil","tag-mercosul"],"yoast_head":"<!-- This site is optimized with the Yoast SEO plugin v27.2 - https:\/\/yoast.com\/product\/yoast-seo-wordpress\/ -->\n<title>Brasil e Paraguai assinam acordo automotivo para livre com\u00e9rcio | DBTesser Advogados<\/title>\n<meta name=\"robots\" content=\"index, follow, max-snippet:-1, max-image-preview:large, max-video-preview:-1\" \/>\n<link rel=\"canonical\" href=\"https:\/\/dbtesser.com.br\/en\/brazil-and-paraguay-sign-automotive-free-trade-agreement\/\" \/>\n<meta property=\"og:locale\" content=\"en_US\" \/>\n<meta property=\"og:type\" content=\"article\" \/>\n<meta property=\"og:title\" content=\"Brasil e Paraguai assinam acordo automotivo para livre com\u00e9rcio | DBTesser Advogados\" \/>\n<meta property=\"og:description\" content=\"O governo brasileiro assinou nesta ter\u00e7a-feira (11), em Assun\u00e7\u00e3o, um Acordo Automotivo entre Brasil e Paraguai. De acordo com o Minist\u00e9rio da Economia e Minist\u00e9rio de Rela\u00e7\u00f5es Exteriores, o acordo tem prazo de vig\u00eancia indeterminado, ou at\u00e9 que ocorra a adequa\u00e7\u00e3o do setor automotivo ao regime geral do Mercosul. Ainda conforme os minist\u00e9rios, o com\u00e9rcio [&hellip;]\" \/>\n<meta property=\"og:url\" content=\"https:\/\/dbtesser.com.br\/en\/brazil-and-paraguay-sign-automotive-free-trade-agreement\/\" \/>\n<meta property=\"og:site_name\" content=\"DBTesser Advogados\" \/>\n<meta property=\"article:published_time\" content=\"2020-02-17T17:17:09+00:00\" \/>\n<meta property=\"og:image\" content=\"https:\/\/dbtesser.com.br\/wp-content\/uploads\/2026\/02\/black-coupe-1164778-1-1-scaled.jpg\" \/>\n\t<meta property=\"og:image:width\" content=\"1706\" \/>\n\t<meta property=\"og:image:height\" content=\"2560\" \/>\n\t<meta property=\"og:image:type\" content=\"image\/jpeg\" \/>\n<meta name=\"author\" content=\"DB Tesser\" \/>\n<meta name=\"twitter:card\" content=\"summary_large_image\" \/>\n<meta name=\"twitter:label1\" content=\"Written by\" \/>\n\t<meta name=\"twitter:data1\" content=\"DB Tesser\" \/>\n\t<meta name=\"twitter:label2\" content=\"Est. reading time\" \/>\n\t<meta name=\"twitter:data2\" content=\"1 minute\" \/>\n<script type=\"application\/ld+json\" class=\"yoast-schema-graph\">{\"@context\":\"https:\/\/schema.org\",\"@graph\":[{\"@type\":\"Article\",\"@id\":\"https:\/\/dbtesser.com.br\/en\/brazil-and-paraguay-sign-automotive-free-trade-agreement\/#article\",\"isPartOf\":{\"@id\":\"https:\/\/dbtesser.com.br\/en\/brazil-and-paraguay-sign-automotive-free-trade-agreement\/\"},\"author\":{\"name\":\"DB Tesser\",\"@id\":\"https:\/\/dbtesser.com.br\/#\/schema\/person\/3414c67f51128e3d927f8011ab737728\"},\"headline\":\"Brasil e Paraguai assinam acordo automotivo para livre com\u00e9rcio\",\"datePublished\":\"2020-02-17T17:17:09+00:00\",\"mainEntityOfPage\":{\"@id\":\"https:\/\/dbtesser.com.br\/en\/brazil-and-paraguay-sign-automotive-free-trade-agreement\/\"},\"wordCount\":245,\"image\":{\"@id\":\"https:\/\/dbtesser.com.br\/en\/brazil-and-paraguay-sign-automotive-free-trade-agreement\/#primaryimage\"},\"thumbnailUrl\":\"https:\/\/dbtesser.com.br\/wp-content\/uploads\/2026\/02\/black-coupe-1164778-1-1-scaled.jpg\",\"keywords\":[\"Automotivo\",\"Autom\u00f3veis\",\"carros\",\"carros importados\",\"Direito\",\"Direito Aduaneiro\",\"Direito Tribut\u00e1rio\",\"IMPORTA\u00c7\u00c3O\",\"importa\u00e7\u00e3o de carros\",\"Importa\u00e7\u00e3o e Exporta\u00e7\u00e3o no Brasil\",\"Importa\u00e7\u00e3o no Brasil\",\"Mercosul\"],\"articleSection\":[\"Not\u00edcias\"],\"inLanguage\":\"en-US\"},{\"@type\":\"WebPage\",\"@id\":\"https:\/\/dbtesser.com.br\/en\/brazil-and-paraguay-sign-automotive-free-trade-agreement\/\",\"url\":\"https:\/\/dbtesser.com.br\/en\/brazil-and-paraguay-sign-automotive-free-trade-agreement\/\",\"name\":\"Brasil e Paraguai assinam acordo automotivo para livre com\u00e9rcio | DBTesser Advogados\",\"isPartOf\":{\"@id\":\"https:\/\/dbtesser.com.br\/#website\"},\"primaryImageOfPage\":{\"@id\":\"https:\/\/dbtesser.com.br\/en\/brazil-and-paraguay-sign-automotive-free-trade-agreement\/#primaryimage\"},\"image\":{\"@id\":\"https:\/\/dbtesser.com.br\/en\/brazil-and-paraguay-sign-automotive-free-trade-agreement\/#primaryimage\"},\"thumbnailUrl\":\"https:\/\/dbtesser.com.br\/wp-content\/uploads\/2026\/02\/black-coupe-1164778-1-1-scaled.jpg\",\"datePublished\":\"2020-02-17T17:17:09+00:00\",\"author\":{\"@id\":\"https:\/\/dbtesser.com.br\/#\/schema\/person\/3414c67f51128e3d927f8011ab737728\"},\"breadcrumb\":{\"@id\":\"https:\/\/dbtesser.com.br\/en\/brazil-and-paraguay-sign-automotive-free-trade-agreement\/#breadcrumb\"},\"inLanguage\":\"en-US\",\"potentialAction\":[{\"@type\":\"ReadAction\",\"target\":[\"https:\/\/dbtesser.com.br\/en\/brazil-and-paraguay-sign-automotive-free-trade-agreement\/\"]}]},{\"@type\":\"ImageObject\",\"inLanguage\":\"en-US\",\"@id\":\"https:\/\/dbtesser.com.br\/en\/brazil-and-paraguay-sign-automotive-free-trade-agreement\/#primaryimage\",\"url\":\"https:\/\/dbtesser.com.br\/wp-content\/uploads\/2026\/02\/black-coupe-1164778-1-1-scaled.jpg\",\"contentUrl\":\"https:\/\/dbtesser.com.br\/wp-content\/uploads\/2026\/02\/black-coupe-1164778-1-1-scaled.jpg\",\"width\":1706,\"height\":2560,\"caption\":\"black coupe\"},{\"@type\":\"BreadcrumbList\",\"@id\":\"https:\/\/dbtesser.com.br\/en\/brazil-and-paraguay-sign-automotive-free-trade-agreement\/#breadcrumb\",\"itemListElement\":[{\"@type\":\"ListItem\",\"position\":1,\"name\":\"In\u00edcio\",\"item\":\"https:\/\/dbtesser.com.br\/en\/\"},{\"@type\":\"ListItem\",\"position\":2,\"name\":\"Brasil e Paraguai assinam acordo automotivo para livre com\u00e9rcio\"}]},{\"@type\":\"WebSite\",\"@id\":\"https:\/\/dbtesser.com.br\/#website\",\"url\":\"https:\/\/dbtesser.com.br\/\",\"name\":\"DB Tesser Advogados\",\"description\":\"\",\"potentialAction\":[{\"@type\":\"SearchAction\",\"target\":{\"@type\":\"EntryPoint\",\"urlTemplate\":\"https:\/\/dbtesser.com.br\/?s={search_term_string}\"},\"query-input\":{\"@type\":\"PropertyValueSpecification\",\"valueRequired\":true,\"valueName\":\"search_term_string\"}}],\"inLanguage\":\"en-US\"},{\"@type\":\"Person\",\"@id\":\"https:\/\/dbtesser.com.br\/#\/schema\/person\/3414c67f51128e3d927f8011ab737728\",\"name\":\"DB Tesser\",\"url\":\"https:\/\/dbtesser.com.br\/en\/author\/db-tesser\/\"}]}<\/script>\n<!-- \/ Yoast SEO plugin. -->","yoast_head_json":{"title":"Brazil and Paraguay sign automotive free trade agreement | DBTesser Advogados","robots":{"index":"index","follow":"follow","max-snippet":"max-snippet:-1","max-image-preview":"max-image-preview:large","max-video-preview":"max-video-preview:-1"},"canonical":"https:\/\/dbtesser.com.br\/en\/brazil-and-paraguay-sign-automotive-free-trade-agreement\/","og_locale":"en_US","og_type":"article","og_title":"Brasil e Paraguai assinam acordo automotivo para livre com\u00e9rcio | DBTesser Advogados","og_description":"O governo brasileiro assinou nesta ter\u00e7a-feira (11), em Assun\u00e7\u00e3o, um Acordo Automotivo entre Brasil e Paraguai. De acordo com o Minist\u00e9rio da Economia e Minist\u00e9rio de Rela\u00e7\u00f5es Exteriores, o acordo tem prazo de vig\u00eancia indeterminado, ou at\u00e9 que ocorra a adequa\u00e7\u00e3o do setor automotivo ao regime geral do Mercosul. Ainda conforme os minist\u00e9rios, o com\u00e9rcio [&hellip;]","og_url":"https:\/\/dbtesser.com.br\/en\/brazil-and-paraguay-sign-automotive-free-trade-agreement\/","og_site_name":"DBTesser Advogados","article_published_time":"2020-02-17T17:17:09+00:00","og_image":[{"width":1706,"height":2560,"url":"https:\/\/dbtesser.com.br\/wp-content\/uploads\/2026\/02\/black-coupe-1164778-1-1-scaled.jpg","type":"image\/jpeg"}],"author":"DB Tesser","twitter_card":"summary_large_image","twitter_misc":{"Written by":"DB Tesser","Est. reading time":"1 minute"},"schema":{"@context":"https:\/\/schema.org","@graph":[{"@type":"Article","@id":"https:\/\/dbtesser.com.br\/en\/brazil-and-paraguay-sign-automotive-free-trade-agreement\/#article","isPartOf":{"@id":"https:\/\/dbtesser.com.br\/en\/brazil-and-paraguay-sign-automotive-free-trade-agreement\/"},"author":{"name":"DB Tesser","@id":"https:\/\/dbtesser.com.br\/#\/schema\/person\/3414c67f51128e3d927f8011ab737728"},"headline":"Brasil e Paraguai assinam acordo automotivo para livre com\u00e9rcio","datePublished":"2020-02-17T17:17:09+00:00","mainEntityOfPage":{"@id":"https:\/\/dbtesser.com.br\/en\/brazil-and-paraguay-sign-automotive-free-trade-agreement\/"},"wordCount":245,"image":{"@id":"https:\/\/dbtesser.com.br\/en\/brazil-and-paraguay-sign-automotive-free-trade-agreement\/#primaryimage"},"thumbnailUrl":"https:\/\/dbtesser.com.br\/wp-content\/uploads\/2026\/02\/black-coupe-1164778-1-1-scaled.jpg","keywords":["Automotivo","Autom\u00f3veis","carros","carros importados","Direito","Direito Aduaneiro","Direito Tribut\u00e1rio","IMPORTA\u00c7\u00c3O","importa\u00e7\u00e3o de carros","Importa\u00e7\u00e3o e Exporta\u00e7\u00e3o no Brasil","Importa\u00e7\u00e3o no Brasil","Mercosul"],"articleSection":["Not\u00edcias"],"inLanguage":"en-US"},{"@type":"WebPage","@id":"https:\/\/dbtesser.com.br\/en\/brazil-and-paraguay-sign-automotive-free-trade-agreement\/","url":"https:\/\/dbtesser.com.br\/en\/brazil-and-paraguay-sign-automotive-free-trade-agreement\/","name":"Brazil and Paraguay sign automotive free trade agreement | DBTesser Advogados","isPartOf":{"@id":"https:\/\/dbtesser.com.br\/#website"},"primaryImageOfPage":{"@id":"https:\/\/dbtesser.com.br\/en\/brazil-and-paraguay-sign-automotive-free-trade-agreement\/#primaryimage"},"image":{"@id":"https:\/\/dbtesser.com.br\/en\/brazil-and-paraguay-sign-automotive-free-trade-agreement\/#primaryimage"},"thumbnailUrl":"https:\/\/dbtesser.com.br\/wp-content\/uploads\/2026\/02\/black-coupe-1164778-1-1-scaled.jpg","datePublished":"2020-02-17T17:17:09+00:00","author":{"@id":"https:\/\/dbtesser.com.br\/#\/schema\/person\/3414c67f51128e3d927f8011ab737728"},"breadcrumb":{"@id":"https:\/\/dbtesser.com.br\/en\/brazil-and-paraguay-sign-automotive-free-trade-agreement\/#breadcrumb"},"inLanguage":"en-US","potentialAction":[{"@type":"ReadAction","target":["https:\/\/dbtesser.com.br\/en\/brazil-and-paraguay-sign-automotive-free-trade-agreement\/"]}]},{"@type":"ImageObject","inLanguage":"en-US","@id":"https:\/\/dbtesser.com.br\/en\/brazil-and-paraguay-sign-automotive-free-trade-agreement\/#primaryimage","url":"https:\/\/dbtesser.com.br\/wp-content\/uploads\/2026\/02\/black-coupe-1164778-1-1-scaled.jpg","contentUrl":"https:\/\/dbtesser.com.br\/wp-content\/uploads\/2026\/02\/black-coupe-1164778-1-1-scaled.jpg","width":1706,"height":2560,"caption":"black coupe"},{"@type":"BreadcrumbList","@id":"https:\/\/dbtesser.com.br\/en\/brazil-and-paraguay-sign-automotive-free-trade-agreement\/#breadcrumb","itemListElement":[{"@type":"ListItem","position":1,"name":"In\u00edcio","item":"https:\/\/dbtesser.com.br\/en\/"},{"@type":"ListItem","position":2,"name":"Brasil e Paraguai assinam acordo automotivo para livre com\u00e9rcio"}]},{"@type":"WebSite","@id":"https:\/\/dbtesser.com.br\/#website","url":"https:\/\/dbtesser.com.br\/","name":"DB Tesser Lawyers","description":"","potentialAction":[{"@type":"SearchAction","target":{"@type":"EntryPoint","urlTemplate":"https:\/\/dbtesser.com.br\/?s={search_term_string}"},"query-input":{"@type":"PropertyValueSpecification","valueRequired":true,"valueName":"search_term_string"}}],"inLanguage":"en-US"},{"@type":"Person","@id":"https:\/\/dbtesser.com.br\/#\/schema\/person\/3414c67f51128e3d927f8011ab737728","name":"DB Tesser","url":"https:\/\/dbtesser.com.br\/en\/author\/db-tesser\/"}]}},"_links":{"self":[{"href":"https:\/\/dbtesser.com.br\/en\/wp-json\/wp\/v2\/posts\/2250","targetHints":{"allow":["GET"]}}],"collection":[{"href":"https:\/\/dbtesser.com.br\/en\/wp-json\/wp\/v2\/posts"}],"about":[{"href":"https:\/\/dbtesser.com.br\/en\/wp-json\/wp\/v2\/types\/post"}],"author":[{"embeddable":true,"href":"https:\/\/dbtesser.com.br\/en\/wp-json\/wp\/v2\/users\/4007"}],"replies":[{"embeddable":true,"href":"https:\/\/dbtesser.com.br\/en\/wp-json\/wp\/v2\/comments?post=2250"}],"version-history":[{"count":0,"href":"https:\/\/dbtesser.com.br\/en\/wp-json\/wp\/v2\/posts\/2250\/revisions"}],"wp:featuredmedia":[{"embeddable":true,"href":"https:\/\/dbtesser.com.br\/en\/wp-json\/wp\/v2\/media\/2249"}],"wp:attachment":[{"href":"https:\/\/dbtesser.com.br\/en\/wp-json\/wp\/v2\/media?parent=2250"}],"wp:term":[{"taxonomy":"category","embeddable":true,"href":"https:\/\/dbtesser.com.br\/en\/wp-json\/wp\/v2\/categories?post=2250"},{"taxonomy":"post_tag","embeddable":true,"href":"https:\/\/dbtesser.com.br\/en\/wp-json\/wp\/v2\/tags?post=2250"}],"curies":[{"name":"wp","href":"https:\/\/api.w.org\/{rel}","templated":true}]}}