{"id":2260,"date":"2020-02-05T11:00:23","date_gmt":"2020-02-05T14:00:23","guid":{"rendered":"https:\/\/dbtesser.siteup.dev\/importacao-comercio-exterior-programa-oea\/"},"modified":"2020-02-05T11:00:23","modified_gmt":"2020-02-05T14:00:23","slug":"importacao-comercio-exterior-programa-oea","status":"publish","type":"post","link":"https:\/\/dbtesser.com.br\/en\/importacao-comercio-exterior-programa-oea\/","title":{"rendered":"Cinco anos do programa OEA &#8211; Operador Econ\u00f4mico Autorizado"},"content":{"rendered":"<div class=\"wp-block-image\"><figure class=\"aligncenter is-resized\"><img fetchpriority=\"high\" decoding=\"async\" src=\"https:\/\/dbtesser.com.br\/wp-content\/uploads\/2026\/02\/iStock-1066762856-1.jpg\" alt=\"OEARECEITA FEDERALIMPORTA\u00c7\u00c3O\" class=\"wp-image-730\" width=\"626\" height=\"350\"\/><\/figure><\/div>\n\n\n\n<p>Conforme informado recentemente em evento realizado na Fiesp, a Receita Federal, em S\u00e3o Paulo, celebrou os cinco anos do Programa OEA.<\/p>\n\n\n\n<p>Nas palavras do auditor-fiscal Giovanni Christian Nunes\nCampos \u201cA certifica\u00e7\u00e3o \u00e9 um selo de excelente interveniente no com\u00e9rcio\nexterior. \u00c9 uma forma de fazermos uma segrega\u00e7\u00e3o positiva, ou seja, aquele\ncontribuinte que cumpre suas obriga\u00e7\u00f5es deve ter um rito cada vez mais r\u00e1pido\npara facilitar a corrente de com\u00e9rcio do Pa\u00eds\u201d.<\/p>\n\n\n\n<p>Al\u00e9m do benef\u00edcio de tr\u00e2nsito das mercadorias, a ideia \u00e9\ntornar o procedimento de ades\u00e3o cada vez mais c\u00e9lere e desburocratizado. O\npresidente da Fiesp, Paulo Skaf, afirmou que \u201cestamos discutindo hoje aqui \u00e9\numa agenda nova. \u00c9 a agenda da desburocratiza\u00e7\u00e3o, da simplifica\u00e7\u00e3o, da rela\u00e7\u00e3o\nde confian\u00e7a entre a sociedade e o governo, e entre o governo e a sociedade&#8221;.<\/p>\n\n\n\n<p>Como bem dito, das <strong>445 <\/strong>certifica\u00e7\u00f5es do OEA brasileiro, <strong>218 <\/strong>s\u00e3o de empresas e intervenientes do Estado de S\u00e3o Paulo. <strong>66% das DI de empresas OEA no Brasil s\u00e3o registradas e desembara\u00e7adas em S\u00e3o Paulo.<\/strong> O Aeroporto de Viracopos abrigou o piloto do OEA ainda antes do lan\u00e7amento oficial do programa, enquanto o piloto do despacho sobre \u00e1guas foi feito no Porto de Santos. <\/p>\n\n\n\n<p>No \u00faltimo ano, a Delegacia Especial de Fiscaliza\u00e7\u00e3o de Com\u00e9rcio Exterior (Delex), que comanda o OEA na 8\u00aa Regi\u00e3o Fiscal, reduziu os estoques de requerimentos de certifica\u00e7\u00e3o em 77%. &#8220;No final de 2020, esperamos estar comemorando o sexto ano do programa com novos avan\u00e7os e bons \u00edndices de trabalho&#8221;, afirmou o superintendente Giovanni Campos, que destacou a contribui\u00e7\u00e3o de equipes de todo o Pa\u00eds nos n\u00fameros obtidos por S\u00e3o Paulo.<\/p>\n\n\n\n<p>Assim, nota-se que n\u00e3o basta uma simples automa\u00e7\u00e3o da\nempresa para evolu\u00e7\u00e3o dos neg\u00f3cios, \u00e9 necess\u00e1rio ir al\u00e9m para deter parte de\nseu mercado atuante.<\/p>\n\n\n\n<p>Questione o corpo jur\u00eddico de sua confian\u00e7a e avalie os benef\u00edcios.<\/p>\n\n\n\n<p>News commented on by&nbsp;<strong>Fabricio Norat, <\/strong><em>Lawyer, graduated in Law in&nbsp;<\/em>2014 by FMU\/SP<em>. Area of Expertise: Customs Law, Tax Law. Brazilian Bar Association (OAB): <\/em>431.023.   <\/p>\n\n\n\n<p>Source: <a href=\"http:\/\/receita.economia.gov.br\/orientacao\/aduaneira\/importacao-e-exportacao\/oea\/noticias\/2019\/receita-federal-em-sao-paulo-celebra-os-cinco-anos-do-programa-oea-em-evento-na-fiesp\">Federal Revenue Service<\/a><\/p>","protected":false},"excerpt":{"rendered":"<p>Conforme informado recentemente em evento realizado na Fiesp, a Receita Federal, em S\u00e3o Paulo, celebrou os cinco anos do Programa OEA. Nas palavras do auditor-fiscal Giovanni Christian Nunes Campos \u201cA certifica\u00e7\u00e3o \u00e9 um selo de excelente interveniente no com\u00e9rcio exterior. \u00c9 uma forma de fazermos uma segrega\u00e7\u00e3o positiva, ou seja, aquele contribuinte que cumpre suas [&hellip;]<\/p>\n","protected":false},"author":4007,"featured_media":2259,"comment_status":"","ping_status":"open","sticky":false,"template":"","format":"standard","meta":{"footnotes":""},"categories":[23],"tags":[116,118,178,182,220,256,369,378,417,428],"class_list":["post-2260","post","type-post","status-publish","format-standard","has-post-thumbnail","hentry","category-noticias","tag-comercio-exterior","tag-comercio-internacional","tag-direito-aduaneiro","tag-direito-tributario","tag-exportacao","tag-importacao-2","tag-oea","tag-operador-economico-autorizado","tag-programa-oea","tag-receita-federal"],"yoast_head":"<!-- This site is optimized with the Yoast SEO plugin v27.2 - https:\/\/yoast.com\/product\/yoast-seo-wordpress\/ -->\n<title>Cinco anos do programa OEA - Operador Econ\u00f4mico Autorizado | DBTesser Advogados<\/title>\n<meta name=\"robots\" content=\"index, follow, max-snippet:-1, max-image-preview:large, max-video-preview:-1\" \/>\n<link rel=\"canonical\" href=\"https:\/\/dbtesser.com.br\/en\/importacao-comercio-exterior-programa-oea\/\" \/>\n<meta property=\"og:locale\" content=\"en_US\" \/>\n<meta property=\"og:type\" content=\"article\" \/>\n<meta property=\"og:title\" content=\"Cinco anos do programa OEA - Operador Econ\u00f4mico Autorizado | DBTesser Advogados\" \/>\n<meta property=\"og:description\" content=\"Conforme informado recentemente em evento realizado na Fiesp, a Receita Federal, em S\u00e3o Paulo, celebrou os cinco anos do Programa OEA. Nas palavras do auditor-fiscal Giovanni Christian Nunes Campos \u201cA certifica\u00e7\u00e3o \u00e9 um selo de excelente interveniente no com\u00e9rcio exterior. \u00c9 uma forma de fazermos uma segrega\u00e7\u00e3o positiva, ou seja, aquele contribuinte que cumpre suas [&hellip;]\" \/>\n<meta property=\"og:url\" content=\"https:\/\/dbtesser.com.br\/en\/importacao-comercio-exterior-programa-oea\/\" \/>\n<meta property=\"og:site_name\" content=\"DBTesser Advogados\" \/>\n<meta property=\"article:published_time\" content=\"2020-02-05T14:00:23+00:00\" \/>\n<meta property=\"og:image\" content=\"https:\/\/dbtesser.com.br\/wp-content\/uploads\/2026\/02\/iStock-1066762856-1.jpg\" \/>\n\t<meta property=\"og:image:width\" content=\"800\" \/>\n\t<meta property=\"og:image:height\" content=\"449\" \/>\n\t<meta property=\"og:image:type\" content=\"image\/jpeg\" \/>\n<meta name=\"author\" content=\"DB Tesser\" \/>\n<meta name=\"twitter:card\" content=\"summary_large_image\" \/>\n<meta name=\"twitter:label1\" content=\"Written by\" \/>\n\t<meta name=\"twitter:data1\" content=\"DB Tesser\" \/>\n\t<meta name=\"twitter:label2\" content=\"Est. reading time\" \/>\n\t<meta name=\"twitter:data2\" content=\"2 minutes\" \/>\n<script type=\"application\/ld+json\" class=\"yoast-schema-graph\">{\"@context\":\"https:\/\/schema.org\",\"@graph\":[{\"@type\":\"Article\",\"@id\":\"https:\/\/dbtesser.com.br\/importacao-comercio-exterior-programa-oea\/#article\",\"isPartOf\":{\"@id\":\"https:\/\/dbtesser.com.br\/importacao-comercio-exterior-programa-oea\/\"},\"author\":{\"name\":\"DB Tesser\",\"@id\":\"https:\/\/dbtesser.com.br\/#\/schema\/person\/3414c67f51128e3d927f8011ab737728\"},\"headline\":\"Cinco anos do programa OEA &#8211; Operador Econ\u00f4mico Autorizado\",\"datePublished\":\"2020-02-05T14:00:23+00:00\",\"mainEntityOfPage\":{\"@id\":\"https:\/\/dbtesser.com.br\/importacao-comercio-exterior-programa-oea\/\"},\"wordCount\":372,\"image\":{\"@id\":\"https:\/\/dbtesser.com.br\/importacao-comercio-exterior-programa-oea\/#primaryimage\"},\"thumbnailUrl\":\"https:\/\/dbtesser.com.br\/wp-content\/uploads\/2026\/02\/iStock-1066762856-1.jpg\",\"keywords\":[\"Com\u00e9rcio Exterior\",\"Com\u00e9rcio Internacional\",\"Direito Aduaneiro\",\"Direito Tribut\u00e1rio\",\"Exporta\u00e7\u00e3o\",\"IMPORTA\u00c7\u00c3O\",\"OEA\",\"Operador Econ\u00f4mico Autorizado\",\"Programa OEA\",\"Receita Federal\"],\"articleSection\":[\"Not\u00edcias\"],\"inLanguage\":\"en-US\"},{\"@type\":\"WebPage\",\"@id\":\"https:\/\/dbtesser.com.br\/importacao-comercio-exterior-programa-oea\/\",\"url\":\"https:\/\/dbtesser.com.br\/importacao-comercio-exterior-programa-oea\/\",\"name\":\"Cinco anos do programa OEA - Operador Econ\u00f4mico Autorizado | DBTesser Advogados\",\"isPartOf\":{\"@id\":\"https:\/\/dbtesser.com.br\/#website\"},\"primaryImageOfPage\":{\"@id\":\"https:\/\/dbtesser.com.br\/importacao-comercio-exterior-programa-oea\/#primaryimage\"},\"image\":{\"@id\":\"https:\/\/dbtesser.com.br\/importacao-comercio-exterior-programa-oea\/#primaryimage\"},\"thumbnailUrl\":\"https:\/\/dbtesser.com.br\/wp-content\/uploads\/2026\/02\/iStock-1066762856-1.jpg\",\"datePublished\":\"2020-02-05T14:00:23+00:00\",\"author\":{\"@id\":\"https:\/\/dbtesser.com.br\/#\/schema\/person\/3414c67f51128e3d927f8011ab737728\"},\"breadcrumb\":{\"@id\":\"https:\/\/dbtesser.com.br\/importacao-comercio-exterior-programa-oea\/#breadcrumb\"},\"inLanguage\":\"en-US\",\"potentialAction\":[{\"@type\":\"ReadAction\",\"target\":[\"https:\/\/dbtesser.com.br\/importacao-comercio-exterior-programa-oea\/\"]}]},{\"@type\":\"ImageObject\",\"inLanguage\":\"en-US\",\"@id\":\"https:\/\/dbtesser.com.br\/importacao-comercio-exterior-programa-oea\/#primaryimage\",\"url\":\"https:\/\/dbtesser.com.br\/wp-content\/uploads\/2026\/02\/iStock-1066762856-1.jpg\",\"contentUrl\":\"https:\/\/dbtesser.com.br\/wp-content\/uploads\/2026\/02\/iStock-1066762856-1.jpg\",\"width\":800,\"height\":449,\"caption\":\"iStock\"},{\"@type\":\"BreadcrumbList\",\"@id\":\"https:\/\/dbtesser.com.br\/importacao-comercio-exterior-programa-oea\/#breadcrumb\",\"itemListElement\":[{\"@type\":\"ListItem\",\"position\":1,\"name\":\"In\u00edcio\",\"item\":\"https:\/\/dbtesser.com.br\/en\/\"},{\"@type\":\"ListItem\",\"position\":2,\"name\":\"Cinco anos do programa OEA &#8211; Operador Econ\u00f4mico Autorizado\"}]},{\"@type\":\"WebSite\",\"@id\":\"https:\/\/dbtesser.com.br\/#website\",\"url\":\"https:\/\/dbtesser.com.br\/\",\"name\":\"DB Tesser Advogados\",\"description\":\"\",\"potentialAction\":[{\"@type\":\"SearchAction\",\"target\":{\"@type\":\"EntryPoint\",\"urlTemplate\":\"https:\/\/dbtesser.com.br\/?s={search_term_string}\"},\"query-input\":{\"@type\":\"PropertyValueSpecification\",\"valueRequired\":true,\"valueName\":\"search_term_string\"}}],\"inLanguage\":\"en-US\"},{\"@type\":\"Person\",\"@id\":\"https:\/\/dbtesser.com.br\/#\/schema\/person\/3414c67f51128e3d927f8011ab737728\",\"name\":\"DB Tesser\",\"url\":\"https:\/\/dbtesser.com.br\/en\/author\/db-tesser\/\"}]}<\/script>\n<!-- \/ Yoast SEO plugin. -->","yoast_head_json":{"title":"Cinco anos do programa OEA - Operador Econ\u00f4mico Autorizado | DBTesser Advogados","robots":{"index":"index","follow":"follow","max-snippet":"max-snippet:-1","max-image-preview":"max-image-preview:large","max-video-preview":"max-video-preview:-1"},"canonical":"https:\/\/dbtesser.com.br\/en\/importacao-comercio-exterior-programa-oea\/","og_locale":"en_US","og_type":"article","og_title":"Cinco anos do programa OEA - Operador Econ\u00f4mico Autorizado | DBTesser Advogados","og_description":"Conforme informado recentemente em evento realizado na Fiesp, a Receita Federal, em S\u00e3o Paulo, celebrou os cinco anos do Programa OEA. Nas palavras do auditor-fiscal Giovanni Christian Nunes Campos \u201cA certifica\u00e7\u00e3o \u00e9 um selo de excelente interveniente no com\u00e9rcio exterior. \u00c9 uma forma de fazermos uma segrega\u00e7\u00e3o positiva, ou seja, aquele contribuinte que cumpre suas [&hellip;]","og_url":"https:\/\/dbtesser.com.br\/en\/importacao-comercio-exterior-programa-oea\/","og_site_name":"DBTesser Advogados","article_published_time":"2020-02-05T14:00:23+00:00","og_image":[{"width":800,"height":449,"url":"https:\/\/dbtesser.com.br\/wp-content\/uploads\/2026\/02\/iStock-1066762856-1.jpg","type":"image\/jpeg"}],"author":"DB Tesser","twitter_card":"summary_large_image","twitter_misc":{"Written by":"DB Tesser","Est. reading time":"2 minutes"},"schema":{"@context":"https:\/\/schema.org","@graph":[{"@type":"Article","@id":"https:\/\/dbtesser.com.br\/importacao-comercio-exterior-programa-oea\/#article","isPartOf":{"@id":"https:\/\/dbtesser.com.br\/importacao-comercio-exterior-programa-oea\/"},"author":{"name":"DB Tesser","@id":"https:\/\/dbtesser.com.br\/#\/schema\/person\/3414c67f51128e3d927f8011ab737728"},"headline":"Cinco anos do programa OEA &#8211; Operador Econ\u00f4mico Autorizado","datePublished":"2020-02-05T14:00:23+00:00","mainEntityOfPage":{"@id":"https:\/\/dbtesser.com.br\/importacao-comercio-exterior-programa-oea\/"},"wordCount":372,"image":{"@id":"https:\/\/dbtesser.com.br\/importacao-comercio-exterior-programa-oea\/#primaryimage"},"thumbnailUrl":"https:\/\/dbtesser.com.br\/wp-content\/uploads\/2026\/02\/iStock-1066762856-1.jpg","keywords":["Com\u00e9rcio Exterior","Com\u00e9rcio Internacional","Direito Aduaneiro","Direito Tribut\u00e1rio","Exporta\u00e7\u00e3o","IMPORTA\u00c7\u00c3O","OEA","Operador Econ\u00f4mico Autorizado","Programa OEA","Receita Federal"],"articleSection":["Not\u00edcias"],"inLanguage":"en-US"},{"@type":"WebPage","@id":"https:\/\/dbtesser.com.br\/importacao-comercio-exterior-programa-oea\/","url":"https:\/\/dbtesser.com.br\/importacao-comercio-exterior-programa-oea\/","name":"Cinco anos do programa OEA - Operador Econ\u00f4mico Autorizado | DBTesser Advogados","isPartOf":{"@id":"https:\/\/dbtesser.com.br\/#website"},"primaryImageOfPage":{"@id":"https:\/\/dbtesser.com.br\/importacao-comercio-exterior-programa-oea\/#primaryimage"},"image":{"@id":"https:\/\/dbtesser.com.br\/importacao-comercio-exterior-programa-oea\/#primaryimage"},"thumbnailUrl":"https:\/\/dbtesser.com.br\/wp-content\/uploads\/2026\/02\/iStock-1066762856-1.jpg","datePublished":"2020-02-05T14:00:23+00:00","author":{"@id":"https:\/\/dbtesser.com.br\/#\/schema\/person\/3414c67f51128e3d927f8011ab737728"},"breadcrumb":{"@id":"https:\/\/dbtesser.com.br\/importacao-comercio-exterior-programa-oea\/#breadcrumb"},"inLanguage":"en-US","potentialAction":[{"@type":"ReadAction","target":["https:\/\/dbtesser.com.br\/importacao-comercio-exterior-programa-oea\/"]}]},{"@type":"ImageObject","inLanguage":"en-US","@id":"https:\/\/dbtesser.com.br\/importacao-comercio-exterior-programa-oea\/#primaryimage","url":"https:\/\/dbtesser.com.br\/wp-content\/uploads\/2026\/02\/iStock-1066762856-1.jpg","contentUrl":"https:\/\/dbtesser.com.br\/wp-content\/uploads\/2026\/02\/iStock-1066762856-1.jpg","width":800,"height":449,"caption":"iStock"},{"@type":"BreadcrumbList","@id":"https:\/\/dbtesser.com.br\/importacao-comercio-exterior-programa-oea\/#breadcrumb","itemListElement":[{"@type":"ListItem","position":1,"name":"In\u00edcio","item":"https:\/\/dbtesser.com.br\/en\/"},{"@type":"ListItem","position":2,"name":"Cinco anos do programa OEA &#8211; Operador Econ\u00f4mico Autorizado"}]},{"@type":"WebSite","@id":"https:\/\/dbtesser.com.br\/#website","url":"https:\/\/dbtesser.com.br\/","name":"DB Tesser Lawyers","description":"","potentialAction":[{"@type":"SearchAction","target":{"@type":"EntryPoint","urlTemplate":"https:\/\/dbtesser.com.br\/?s={search_term_string}"},"query-input":{"@type":"PropertyValueSpecification","valueRequired":true,"valueName":"search_term_string"}}],"inLanguage":"en-US"},{"@type":"Person","@id":"https:\/\/dbtesser.com.br\/#\/schema\/person\/3414c67f51128e3d927f8011ab737728","name":"DB Tesser","url":"https:\/\/dbtesser.com.br\/en\/author\/db-tesser\/"}]}},"_links":{"self":[{"href":"https:\/\/dbtesser.com.br\/en\/wp-json\/wp\/v2\/posts\/2260","targetHints":{"allow":["GET"]}}],"collection":[{"href":"https:\/\/dbtesser.com.br\/en\/wp-json\/wp\/v2\/posts"}],"about":[{"href":"https:\/\/dbtesser.com.br\/en\/wp-json\/wp\/v2\/types\/post"}],"author":[{"embeddable":true,"href":"https:\/\/dbtesser.com.br\/en\/wp-json\/wp\/v2\/users\/4007"}],"replies":[{"embeddable":true,"href":"https:\/\/dbtesser.com.br\/en\/wp-json\/wp\/v2\/comments?post=2260"}],"version-history":[{"count":0,"href":"https:\/\/dbtesser.com.br\/en\/wp-json\/wp\/v2\/posts\/2260\/revisions"}],"wp:featuredmedia":[{"embeddable":true,"href":"https:\/\/dbtesser.com.br\/en\/wp-json\/wp\/v2\/media\/2259"}],"wp:attachment":[{"href":"https:\/\/dbtesser.com.br\/en\/wp-json\/wp\/v2\/media?parent=2260"}],"wp:term":[{"taxonomy":"category","embeddable":true,"href":"https:\/\/dbtesser.com.br\/en\/wp-json\/wp\/v2\/categories?post=2260"},{"taxonomy":"post_tag","embeddable":true,"href":"https:\/\/dbtesser.com.br\/en\/wp-json\/wp\/v2\/tags?post=2260"}],"curies":[{"name":"wp","href":"https:\/\/api.w.org\/{rel}","templated":true}]}}