{"id":2263,"date":"2020-01-30T15:47:29","date_gmt":"2020-01-30T18:47:29","guid":{"rendered":"https:\/\/dbtesser.siteup.dev\/atencao-termina-amanha-dia-31-01-2020-o-prazo-para-as-empresas-aderirem-o-simples-nacional\/"},"modified":"2020-01-30T15:47:29","modified_gmt":"2020-01-30T18:47:29","slug":"attention-the-deadline-for-companies-to-join-the-simples-nacional-simplified-national-tax-regime-ends-tomorrow-january-31-2020","status":"publish","type":"post","link":"https:\/\/dbtesser.com.br\/en\/atencao-termina-amanha-dia-31-01-2020-o-prazo-para-as-empresas-aderirem-o-simples-nacional\/","title":{"rendered":"Attention, the deadline for companies to join the Simples Nacional (Simplified National Tax System) ends tomorrow, January 31, 2020."},"content":{"rendered":"<div class=\"wp-block-image\"><figure class=\"aligncenter\"><img decoding=\"async\" src=\"https:\/\/dbtesser.com.br\/wp-content\/uploads\/2026\/02\/30-1.jpg\" alt=\"national simple\" class=\"wp-image-716\"\/><\/figure><\/div>\n\n\n\n<p>Micro-enterprises (ME) and small businesses (EPP) that do not fall under any of the prohibitions stipulated in Article 3, \u00a74, and Article 17 and paragraphs of Complementary Law 123 of 2006, regulated by CGSN Resolution 140\/201, may opt for the Simples Nacional, a regime that simplifies tax payments.<\/p>\n\n\n\n<p><strong>Article 17. Micro-enterprises or small businesses may not collect taxes and contributions under the Simples Nacional regime.<\/strong><\/p>\n\n\n\n<p><strong>I \u2013<\/strong> that explores the activity of providing cumulative and continuous services of credit advisory, credit management, selection and risk assessment, accounts payable and receivable management, asset management (<strong>asset management<\/strong>) or purchase of credit rights resulting from sales of goods on credit or provision of services (<strong>factoring<\/strong>) or that carries out loan, financing and credit instrument discounting operations, exclusively with its own resources, having as counterparties individual micro-entrepreneurs, micro-enterprises and small businesses, including in the form of a simple credit company;\u00a0\u00a0\u00a0\u00a0\u00a0\u00a0\u00a0\u00a0\u00a0\u00a0\u00a0\u00a0\u00a0\u00a0\u00a0\u00a0\u00a0\u00a0 <\/p>\n\n\n\n<p><strong>II \u2013 <\/strong>that has a partner domiciled abroad;<\/p>\n\n\n\n<p><strong>III \u2013<\/strong> whose capital is held by an entity of the direct or indirect federal, state or municipal public administration;<\/p>\n\n\n\n<p><strong>IV \u2013<\/strong> (REVOKED)<\/p>\n\n\n\n<p><strong>V \u2013<\/strong> who has outstanding debts with the National Social Security Institute (INSS), or with the Federal, State, or Municipal Public Treasuries, whose enforceability is not suspended;<\/p>\n\n\n\n<p><strong>VI \u2013 <\/strong>that provides intermunicipal and interstate passenger transportation services, except when in the river transport modality or when it has characteristics of urban or metropolitan transportation or is carried out under continuous charter in a metropolitan area for the transportation of students or workers; VII \u2013 that is a generator, transmitter, distributor or marketer of electricity;<\/p>\n\n\n\n<p><strong>VIII \u2013<\/strong> that engages in the import or manufacture of automobiles and motorcycles;<\/p>\n\n\n\n<p><strong>IX \u2013<\/strong> that engages in the activity of importing fuels;<\/p>\n\n\n\n<p><strong>X \u2013<\/strong> that engages in the production or wholesale of;<\/p>\n\n\n\n<p><strong>See more at: <\/strong><a href=\"http:\/\/www8.receita.fazenda.gov.br\/SimplesNacional\/Noticias\/NoticiaCompleta.aspx?id=8be81220-b0fd-4421-806d-c2f1e4d24df3\"><strong>SIMPLES NACIONAL \u2013 FEDERAL REVENUE SERVICE<\/strong><\/a><\/p>\n\n\n\n<p><strong><a href=\"https:\/\/dbtesser.com.br\/en\/#contato\">If you have any questions, please contact our team so we can assist you.<\/a><\/strong><\/p>","protected":false},"excerpt":{"rendered":"<p>Podem optar pelo Simples Nacional, regime que simplifica o pagamento de impostos, \u00a0as microempresas (ME) e empresas de pequeno porte (EPP) que n\u00e3o incorram em nenhuma das veda\u00e7\u00f5es previstas no art. 3\u00ba, \u00a74\u00ba, e art. 17 e par\u00e1grafos da Lei Complementar 123, de 2006, regulamentada pela Resolu\u00e7\u00e3o CGSN 140\/201: Art. 17. N\u00e3o poder\u00e3o recolher os [&hellip;]<\/p>\n","protected":false},"author":4007,"featured_media":2262,"comment_status":"","ping_status":"open","sticky":false,"template":"","format":"standard","meta":{"footnotes":""},"categories":[23],"tags":[134,182,204,213,350,428,459],"class_list":["post-2263","post","type-post","status-publish","format-standard","has-post-thumbnail","hentry","category-noticias","tag-contribuinte","tag-direito-tributario","tag-empresarial","tag-epp","tag-microempresas","tag-receita-federal","tag-simples-nacional"],"yoast_head":"<!-- This site is optimized with the Yoast SEO plugin v27.2 - https:\/\/yoast.com\/product\/yoast-seo-wordpress\/ -->\n<title>Aten\u00e7\u00e3o, termina amanh\u00e3, dia 31\/01\/2020, o prazo para as empresas aderirem o Simples Nacional | DBTesser Advogados<\/title>\n<meta name=\"robots\" content=\"index, follow, max-snippet:-1, max-image-preview:large, max-video-preview:-1\" \/>\n<link rel=\"canonical\" href=\"https:\/\/palegreen-chinchilla-672815.hostingersite.com\/en\/attention-the-deadline-for-companies-to-join-the-simples-nacional-simplified-national-tax-regime-ends-tomorrow-january-31-2020\/\" \/>\n<meta property=\"og:locale\" content=\"en_US\" \/>\n<meta property=\"og:type\" content=\"article\" \/>\n<meta property=\"og:title\" content=\"Aten\u00e7\u00e3o, termina amanh\u00e3, dia 31\/01\/2020, o prazo para as empresas aderirem o Simples Nacional | DBTesser Advogados\" \/>\n<meta property=\"og:description\" content=\"Podem optar pelo Simples Nacional, regime que simplifica o pagamento de impostos, \u00a0as microempresas (ME) e empresas de pequeno porte (EPP) que n\u00e3o incorram em nenhuma das veda\u00e7\u00f5es previstas no art. 3\u00ba, \u00a74\u00ba, e art. 17 e par\u00e1grafos da Lei Complementar 123, de 2006, regulamentada pela Resolu\u00e7\u00e3o CGSN 140\/201: Art. 17. N\u00e3o poder\u00e3o recolher os [&hellip;]\" \/>\n<meta property=\"og:url\" content=\"https:\/\/palegreen-chinchilla-672815.hostingersite.com\/en\/attention-the-deadline-for-companies-to-join-the-simples-nacional-simplified-national-tax-regime-ends-tomorrow-january-31-2020\/\" \/>\n<meta property=\"og:site_name\" content=\"DBTesser Advogados\" \/>\n<meta property=\"article:published_time\" content=\"2020-01-30T18:47:29+00:00\" \/>\n<meta property=\"og:image\" content=\"https:\/\/palegreen-chinchilla-672815.hostingersite.com\/wp-content\/uploads\/2026\/02\/30-1.jpg\" \/>\n\t<meta property=\"og:image:width\" content=\"900\" \/>\n\t<meta property=\"og:image:height\" content=\"506\" \/>\n\t<meta property=\"og:image:type\" content=\"image\/jpeg\" \/>\n<meta name=\"author\" content=\"DB Tesser\" \/>\n<meta name=\"twitter:card\" content=\"summary_large_image\" \/>\n<meta name=\"twitter:label1\" content=\"Written by\" \/>\n\t<meta name=\"twitter:data1\" content=\"DB Tesser\" \/>\n\t<meta name=\"twitter:label2\" content=\"Est. reading time\" \/>\n\t<meta name=\"twitter:data2\" content=\"2 minutes\" \/>\n<script type=\"application\/ld+json\" class=\"yoast-schema-graph\">{\"@context\":\"https:\/\/schema.org\",\"@graph\":[{\"@type\":\"Article\",\"@id\":\"https:\/\/palegreen-chinchilla-672815.hostingersite.com\/en\/attention-the-deadline-for-companies-to-join-the-simples-nacional-simplified-national-tax-regime-ends-tomorrow-january-31-2020\/#article\",\"isPartOf\":{\"@id\":\"https:\/\/palegreen-chinchilla-672815.hostingersite.com\/en\/attention-the-deadline-for-companies-to-join-the-simples-nacional-simplified-national-tax-regime-ends-tomorrow-january-31-2020\/\"},\"author\":{\"name\":\"DB Tesser\",\"@id\":\"https:\/\/dbtesser.com.br\/en\/#\/schema\/person\/3414c67f51128e3d927f8011ab737728\"},\"headline\":\"Aten\u00e7\u00e3o, termina amanh\u00e3, dia 31\/01\/2020, o prazo para as empresas aderirem o Simples Nacional\",\"datePublished\":\"2020-01-30T18:47:29+00:00\",\"mainEntityOfPage\":{\"@id\":\"https:\/\/palegreen-chinchilla-672815.hostingersite.com\/en\/attention-the-deadline-for-companies-to-join-the-simples-nacional-simplified-national-tax-regime-ends-tomorrow-january-31-2020\/\"},\"wordCount\":378,\"image\":{\"@id\":\"https:\/\/palegreen-chinchilla-672815.hostingersite.com\/en\/attention-the-deadline-for-companies-to-join-the-simples-nacional-simplified-national-tax-regime-ends-tomorrow-january-31-2020\/#primaryimage\"},\"thumbnailUrl\":\"https:\/\/dbtesser.com.br\/wp-content\/uploads\/2026\/02\/30-1.jpg\",\"keywords\":[\"Contribuinte\",\"Direito Tribut\u00e1rio\",\"Empresarial\",\"EPP\",\"Microempresas\",\"Receita Federal\",\"Simples nacional\"],\"articleSection\":[\"Not\u00edcias\"],\"inLanguage\":\"en-US\"},{\"@type\":\"WebPage\",\"@id\":\"https:\/\/palegreen-chinchilla-672815.hostingersite.com\/en\/attention-the-deadline-for-companies-to-join-the-simples-nacional-simplified-national-tax-regime-ends-tomorrow-january-31-2020\/\",\"url\":\"https:\/\/palegreen-chinchilla-672815.hostingersite.com\/en\/attention-the-deadline-for-companies-to-join-the-simples-nacional-simplified-national-tax-regime-ends-tomorrow-january-31-2020\/\",\"name\":\"Aten\u00e7\u00e3o, termina amanh\u00e3, dia 31\/01\/2020, o prazo para as empresas aderirem o Simples Nacional | DBTesser Advogados\",\"isPartOf\":{\"@id\":\"https:\/\/dbtesser.com.br\/en\/#website\"},\"primaryImageOfPage\":{\"@id\":\"https:\/\/palegreen-chinchilla-672815.hostingersite.com\/en\/attention-the-deadline-for-companies-to-join-the-simples-nacional-simplified-national-tax-regime-ends-tomorrow-january-31-2020\/#primaryimage\"},\"image\":{\"@id\":\"https:\/\/palegreen-chinchilla-672815.hostingersite.com\/en\/attention-the-deadline-for-companies-to-join-the-simples-nacional-simplified-national-tax-regime-ends-tomorrow-january-31-2020\/#primaryimage\"},\"thumbnailUrl\":\"https:\/\/dbtesser.com.br\/wp-content\/uploads\/2026\/02\/30-1.jpg\",\"datePublished\":\"2020-01-30T18:47:29+00:00\",\"author\":{\"@id\":\"https:\/\/dbtesser.com.br\/en\/#\/schema\/person\/3414c67f51128e3d927f8011ab737728\"},\"breadcrumb\":{\"@id\":\"https:\/\/palegreen-chinchilla-672815.hostingersite.com\/en\/attention-the-deadline-for-companies-to-join-the-simples-nacional-simplified-national-tax-regime-ends-tomorrow-january-31-2020\/#breadcrumb\"},\"inLanguage\":\"en-US\",\"potentialAction\":[{\"@type\":\"ReadAction\",\"target\":[\"https:\/\/palegreen-chinchilla-672815.hostingersite.com\/en\/attention-the-deadline-for-companies-to-join-the-simples-nacional-simplified-national-tax-regime-ends-tomorrow-january-31-2020\/\"]}]},{\"@type\":\"ImageObject\",\"inLanguage\":\"en-US\",\"@id\":\"https:\/\/palegreen-chinchilla-672815.hostingersite.com\/en\/attention-the-deadline-for-companies-to-join-the-simples-nacional-simplified-national-tax-regime-ends-tomorrow-january-31-2020\/#primaryimage\",\"url\":\"https:\/\/dbtesser.com.br\/wp-content\/uploads\/2026\/02\/30-1.jpg\",\"contentUrl\":\"https:\/\/dbtesser.com.br\/wp-content\/uploads\/2026\/02\/30-1.jpg\",\"width\":900,\"height\":506},{\"@type\":\"BreadcrumbList\",\"@id\":\"https:\/\/palegreen-chinchilla-672815.hostingersite.com\/en\/attention-the-deadline-for-companies-to-join-the-simples-nacional-simplified-national-tax-regime-ends-tomorrow-january-31-2020\/#breadcrumb\",\"itemListElement\":[{\"@type\":\"ListItem\",\"position\":1,\"name\":\"In\u00edcio\",\"item\":\"https:\/\/palegreen-chinchilla-672815.hostingersite.com\/en\/\"},{\"@type\":\"ListItem\",\"position\":2,\"name\":\"Aten\u00e7\u00e3o, termina amanh\u00e3, dia 31\/01\/2020, o prazo para as empresas aderirem o Simples Nacional\"}]},{\"@type\":\"WebSite\",\"@id\":\"https:\/\/dbtesser.com.br\/en\/#website\",\"url\":\"https:\/\/dbtesser.com.br\/en\/\",\"name\":\"DB Tesser Advogados\",\"description\":\"\",\"potentialAction\":[{\"@type\":\"SearchAction\",\"target\":{\"@type\":\"EntryPoint\",\"urlTemplate\":\"https:\/\/dbtesser.com.br\/en\/?s={search_term_string}\"},\"query-input\":{\"@type\":\"PropertyValueSpecification\",\"valueRequired\":true,\"valueName\":\"search_term_string\"}}],\"inLanguage\":\"en-US\"},{\"@type\":\"Person\",\"@id\":\"https:\/\/dbtesser.com.br\/en\/#\/schema\/person\/3414c67f51128e3d927f8011ab737728\",\"name\":\"DB Tesser\",\"url\":\"https:\/\/dbtesser.com.br\/en\/author\/db-tesser\/\"}]}<\/script>\n<!-- \/ Yoast SEO plugin. -->","yoast_head_json":{"title":"Attention, the deadline for companies to join the Simples Nacional (Simplified National Tax System) ends tomorrow, January 31, 2020 | DBTesser Advogados","robots":{"index":"index","follow":"follow","max-snippet":"max-snippet:-1","max-image-preview":"max-image-preview:large","max-video-preview":"max-video-preview:-1"},"canonical":"https:\/\/palegreen-chinchilla-672815.hostingersite.com\/en\/attention-the-deadline-for-companies-to-join-the-simples-nacional-simplified-national-tax-regime-ends-tomorrow-january-31-2020\/","og_locale":"en_US","og_type":"article","og_title":"Aten\u00e7\u00e3o, termina amanh\u00e3, dia 31\/01\/2020, o prazo para as empresas aderirem o Simples Nacional | DBTesser Advogados","og_description":"Podem optar pelo Simples Nacional, regime que simplifica o pagamento de impostos, \u00a0as microempresas (ME) e empresas de pequeno porte (EPP) que n\u00e3o incorram em nenhuma das veda\u00e7\u00f5es previstas no art. 3\u00ba, \u00a74\u00ba, e art. 17 e par\u00e1grafos da Lei Complementar 123, de 2006, regulamentada pela Resolu\u00e7\u00e3o CGSN 140\/201: Art. 17. N\u00e3o poder\u00e3o recolher os [&hellip;]","og_url":"https:\/\/palegreen-chinchilla-672815.hostingersite.com\/en\/attention-the-deadline-for-companies-to-join-the-simples-nacional-simplified-national-tax-regime-ends-tomorrow-january-31-2020\/","og_site_name":"DBTesser Advogados","article_published_time":"2020-01-30T18:47:29+00:00","og_image":[{"width":900,"height":506,"url":"https:\/\/palegreen-chinchilla-672815.hostingersite.com\/wp-content\/uploads\/2026\/02\/30-1.jpg","type":"image\/jpeg"}],"author":"DB Tesser","twitter_card":"summary_large_image","twitter_misc":{"Written by":"DB Tesser","Est. reading time":"2 minutes"},"schema":{"@context":"https:\/\/schema.org","@graph":[{"@type":"Article","@id":"https:\/\/palegreen-chinchilla-672815.hostingersite.com\/en\/attention-the-deadline-for-companies-to-join-the-simples-nacional-simplified-national-tax-regime-ends-tomorrow-january-31-2020\/#article","isPartOf":{"@id":"https:\/\/palegreen-chinchilla-672815.hostingersite.com\/en\/attention-the-deadline-for-companies-to-join-the-simples-nacional-simplified-national-tax-regime-ends-tomorrow-january-31-2020\/"},"author":{"name":"DB Tesser","@id":"https:\/\/dbtesser.com.br\/en\/#\/schema\/person\/3414c67f51128e3d927f8011ab737728"},"headline":"Aten\u00e7\u00e3o, termina amanh\u00e3, dia 31\/01\/2020, o prazo para as empresas aderirem o Simples Nacional","datePublished":"2020-01-30T18:47:29+00:00","mainEntityOfPage":{"@id":"https:\/\/palegreen-chinchilla-672815.hostingersite.com\/en\/attention-the-deadline-for-companies-to-join-the-simples-nacional-simplified-national-tax-regime-ends-tomorrow-january-31-2020\/"},"wordCount":378,"image":{"@id":"https:\/\/palegreen-chinchilla-672815.hostingersite.com\/en\/attention-the-deadline-for-companies-to-join-the-simples-nacional-simplified-national-tax-regime-ends-tomorrow-january-31-2020\/#primaryimage"},"thumbnailUrl":"https:\/\/dbtesser.com.br\/wp-content\/uploads\/2026\/02\/30-1.jpg","keywords":["Contribuinte","Direito Tribut\u00e1rio","Empresarial","EPP","Microempresas","Receita Federal","Simples nacional"],"articleSection":["Not\u00edcias"],"inLanguage":"en-US"},{"@type":"WebPage","@id":"https:\/\/palegreen-chinchilla-672815.hostingersite.com\/en\/attention-the-deadline-for-companies-to-join-the-simples-nacional-simplified-national-tax-regime-ends-tomorrow-january-31-2020\/","url":"https:\/\/palegreen-chinchilla-672815.hostingersite.com\/en\/attention-the-deadline-for-companies-to-join-the-simples-nacional-simplified-national-tax-regime-ends-tomorrow-january-31-2020\/","name":"Attention, the deadline for companies to join the Simples Nacional (Simplified National Tax System) ends tomorrow, January 31, 2020 | DBTesser Advogados","isPartOf":{"@id":"https:\/\/dbtesser.com.br\/en\/#website"},"primaryImageOfPage":{"@id":"https:\/\/palegreen-chinchilla-672815.hostingersite.com\/en\/attention-the-deadline-for-companies-to-join-the-simples-nacional-simplified-national-tax-regime-ends-tomorrow-january-31-2020\/#primaryimage"},"image":{"@id":"https:\/\/palegreen-chinchilla-672815.hostingersite.com\/en\/attention-the-deadline-for-companies-to-join-the-simples-nacional-simplified-national-tax-regime-ends-tomorrow-january-31-2020\/#primaryimage"},"thumbnailUrl":"https:\/\/dbtesser.com.br\/wp-content\/uploads\/2026\/02\/30-1.jpg","datePublished":"2020-01-30T18:47:29+00:00","author":{"@id":"https:\/\/dbtesser.com.br\/en\/#\/schema\/person\/3414c67f51128e3d927f8011ab737728"},"breadcrumb":{"@id":"https:\/\/palegreen-chinchilla-672815.hostingersite.com\/en\/attention-the-deadline-for-companies-to-join-the-simples-nacional-simplified-national-tax-regime-ends-tomorrow-january-31-2020\/#breadcrumb"},"inLanguage":"en-US","potentialAction":[{"@type":"ReadAction","target":["https:\/\/palegreen-chinchilla-672815.hostingersite.com\/en\/attention-the-deadline-for-companies-to-join-the-simples-nacional-simplified-national-tax-regime-ends-tomorrow-january-31-2020\/"]}]},{"@type":"ImageObject","inLanguage":"en-US","@id":"https:\/\/palegreen-chinchilla-672815.hostingersite.com\/en\/attention-the-deadline-for-companies-to-join-the-simples-nacional-simplified-national-tax-regime-ends-tomorrow-january-31-2020\/#primaryimage","url":"https:\/\/dbtesser.com.br\/wp-content\/uploads\/2026\/02\/30-1.jpg","contentUrl":"https:\/\/dbtesser.com.br\/wp-content\/uploads\/2026\/02\/30-1.jpg","width":900,"height":506},{"@type":"BreadcrumbList","@id":"https:\/\/palegreen-chinchilla-672815.hostingersite.com\/en\/attention-the-deadline-for-companies-to-join-the-simples-nacional-simplified-national-tax-regime-ends-tomorrow-january-31-2020\/#breadcrumb","itemListElement":[{"@type":"ListItem","position":1,"name":"In\u00edcio","item":"https:\/\/palegreen-chinchilla-672815.hostingersite.com\/en\/"},{"@type":"ListItem","position":2,"name":"Aten\u00e7\u00e3o, termina amanh\u00e3, dia 31\/01\/2020, o prazo para as empresas aderirem o Simples Nacional"}]},{"@type":"WebSite","@id":"https:\/\/dbtesser.com.br\/en\/#website","url":"https:\/\/dbtesser.com.br\/en\/","name":"DB Tesser Lawyers","description":"","potentialAction":[{"@type":"SearchAction","target":{"@type":"EntryPoint","urlTemplate":"https:\/\/dbtesser.com.br\/en\/?s={search_term_string}"},"query-input":{"@type":"PropertyValueSpecification","valueRequired":true,"valueName":"search_term_string"}}],"inLanguage":"en-US"},{"@type":"Person","@id":"https:\/\/dbtesser.com.br\/en\/#\/schema\/person\/3414c67f51128e3d927f8011ab737728","name":"DB Tesser","url":"https:\/\/dbtesser.com.br\/en\/author\/db-tesser\/"}]}},"_links":{"self":[{"href":"https:\/\/dbtesser.com.br\/en\/wp-json\/wp\/v2\/posts\/2263","targetHints":{"allow":["GET"]}}],"collection":[{"href":"https:\/\/dbtesser.com.br\/en\/wp-json\/wp\/v2\/posts"}],"about":[{"href":"https:\/\/dbtesser.com.br\/en\/wp-json\/wp\/v2\/types\/post"}],"author":[{"embeddable":true,"href":"https:\/\/dbtesser.com.br\/en\/wp-json\/wp\/v2\/users\/4007"}],"replies":[{"embeddable":true,"href":"https:\/\/dbtesser.com.br\/en\/wp-json\/wp\/v2\/comments?post=2263"}],"version-history":[{"count":0,"href":"https:\/\/dbtesser.com.br\/en\/wp-json\/wp\/v2\/posts\/2263\/revisions"}],"wp:featuredmedia":[{"embeddable":true,"href":"https:\/\/dbtesser.com.br\/en\/wp-json\/wp\/v2\/media\/2262"}],"wp:attachment":[{"href":"https:\/\/dbtesser.com.br\/en\/wp-json\/wp\/v2\/media?parent=2263"}],"wp:term":[{"taxonomy":"category","embeddable":true,"href":"https:\/\/dbtesser.com.br\/en\/wp-json\/wp\/v2\/categories?post=2263"},{"taxonomy":"post_tag","embeddable":true,"href":"https:\/\/dbtesser.com.br\/en\/wp-json\/wp\/v2\/tags?post=2263"}],"curies":[{"name":"wp","href":"https:\/\/api.w.org\/{rel}","templated":true}]}}