{"id":2271,"date":"2020-01-13T10:21:53","date_gmt":"2020-01-13T13:21:53","guid":{"rendered":"https:\/\/dbtesser.siteup.dev\/importacao-de-mercadorias-por-meio-de-embalagens-de-madeira-requerem-cuidados-especiais\/"},"modified":"2020-01-13T10:21:53","modified_gmt":"2020-01-13T13:21:53","slug":"importacao-de-mercadorias-por-meio-de-embalagens-de-madeira-requerem-cuidados-especiais","status":"publish","type":"post","link":"https:\/\/dbtesser.com.br\/en\/importacao-de-mercadorias-por-meio-de-embalagens-de-madeira-requerem-cuidados-especiais\/","title":{"rendered":"Importa\u00e7\u00e3o de mercadorias por meio de embalagens de madeira requerem cuidados especiais"},"content":{"rendered":"<div class=\"wp-block-image\"><figure class=\"aligncenter\"><img decoding=\"async\" src=\"https:\/\/dbtesser.com.br\/wp-content\/uploads\/2026\/02\/new-1-1024x682-2.gif\" alt=\"importacaoimporta\u00e7\u00e3oreceita federal\" class=\"wp-image-695\"\/><\/figure><\/div>\n\n\n\n<p>A importa\u00e7\u00e3o de mercadorias por meio de embalagens de madeira requerem cuidados especiais, sob pena de se tornarem uma verdadeira \u201cdor de cabe\u00e7a\u201d aos importadores.<\/p>\n\n\n\n<p>Isso porque, caso n\u00e3o sejam adotadas as medidas\nfitossanit\u00e1rias adequadas, o que inclui o processo de fumiga\u00e7\u00e3o da embalagem\n(desinfec\u00e7\u00e3o por via seca) na origem, o Minist\u00e9rio da Agricultura, Pecu\u00e1ria e\nAbastecimento (MAPA), respons\u00e1vel pela fiscaliza\u00e7\u00e3o, poder\u00e1 solicitar o retorno\nde toda a carga ao pa\u00eds de origem, com intuito de evitar o risco de entrada e\ndissemina\u00e7\u00e3o de pragas no pa\u00eds, quando\nconstatada a presen\u00e7a de pragas quarenten\u00e1ria\nviva ou de sinais de infesta\u00e7\u00e3o ativa de praga nas embalagens.<\/p>\n\n\n\n<p><em><strong>\u201cInstru\u00e7\u00e3o Normativa MAPA n\u00ba 32\/2015:<\/strong><\/em><\/p>\n\n\n\n<p><strong>Art. 32.<\/strong> N\u00e3o ser\u00e1 autorizada a importa\u00e7\u00e3o de mercadoria contendo embalagens ou suportes de madeira se constatada a presen\u00e7a de praga quarenten\u00e1ria viva ou de sinais de infesta\u00e7\u00e3o ativa de praga, conforme incisos I e II do art. 31 desta Instru\u00e7\u00e3o Normativa.\u201d<\/p>\n\n\n\n<p>Destaca-se, a fiscaliza\u00e7\u00e3o adota como diretrizes, para\nregulamentar medidas fitossanit\u00e1rias internas, as normas publicadas pela\nOrganiza\u00e7\u00e3o das Na\u00e7\u00f5es Unidas para Alimenta\u00e7\u00e3o e Agricultura (FAO).<\/p>\n\n\n\n<p>Portanto, com intuito de diminuir o risco de devolu\u00e7\u00e3o das\nmercadorias ao exterior e\/ou evitar maiores preju\u00edzos com a demora na libera\u00e7\u00e3o\ndas mercadorias, em raz\u00e3o de fiscaliza\u00e7\u00e3o fitossanit\u00e1ria, \u00e9 recomend\u00e1vel que o\nimportador se utilize de embalagens j\u00e1 tratadas, as quais ostentem o selo IPPC\n\u2013 International Plant Protection Convention &#8211; ou, de forma alternativa,\nembalagens de pl\u00e1stico.<\/p>\n\n\n\n<p>Todavia, sendo constatado qualquer excesso no procedimento de fiscaliza\u00e7\u00e3o fitossanit\u00e1ria, o importador poder\u00e1 buscar amparo junto ao Poder Judici\u00e1rio.<\/p>\n\n\n\n<p> News commented on by <strong>Juliana Perpetual<\/strong><em>, Lawyer, graduated in Law in 2003 from the Centro Universit\u00e1rio das Faculdades Metropolitanas Unidas \u2013 FMU. Areas of expertise: Customs Law, Tax Law, and Criminal Law. OAB (Brazilian Bar Association): 242.614<\/em><\/p>\n\n\n\n<p><a href=\"https:\/\/dbtesser.com.br\/en\/#contato\">If you have any questions, please contact our expert team!<\/a><\/p>","protected":false},"excerpt":{"rendered":"<p>A importa\u00e7\u00e3o de mercadorias por meio de embalagens de madeira requerem cuidados especiais, sob pena de se tornarem uma verdadeira \u201cdor de cabe\u00e7a\u201d aos importadores. Isso porque, caso n\u00e3o sejam adotadas as medidas fitossanit\u00e1rias adequadas, o que inclui o processo de fumiga\u00e7\u00e3o da embalagem (desinfec\u00e7\u00e3o por via seca) na origem, o Minist\u00e9rio da Agricultura, Pecu\u00e1ria [&hellip;]<\/p>\n","protected":false},"author":4007,"featured_media":695,"comment_status":"","ping_status":"open","sticky":false,"template":"","format":"standard","meta":{"footnotes":""},"categories":[23],"tags":[256,264,269,270,279,428],"class_list":["post-2271","post","type-post","status-publish","format-standard","has-post-thumbnail","hentry","category-noticias","tag-importacao-2","tag-importacao-de-produto","tag-importacao-e-exportacao-no-brasil","tag-importacao-no-brasil","tag-importadores","tag-receita-federal"],"yoast_head":"<!-- This site is optimized with the Yoast SEO plugin v27.2 - https:\/\/yoast.com\/product\/yoast-seo-wordpress\/ -->\n<title>Importa\u00e7\u00e3o de mercadorias por meio de embalagens de madeira requerem cuidados especiais | DBTesser Advogados<\/title>\n<meta name=\"robots\" content=\"index, follow, max-snippet:-1, max-image-preview:large, max-video-preview:-1\" \/>\n<link rel=\"canonical\" href=\"https:\/\/dbtesser.com.br\/en\/importacao-de-mercadorias-por-meio-de-embalagens-de-madeira-requerem-cuidados-especiais\/\" \/>\n<meta property=\"og:locale\" content=\"en_US\" \/>\n<meta property=\"og:type\" content=\"article\" \/>\n<meta property=\"og:title\" content=\"Importa\u00e7\u00e3o de mercadorias por meio de embalagens de madeira requerem cuidados especiais | DBTesser Advogados\" \/>\n<meta property=\"og:description\" content=\"A importa\u00e7\u00e3o de mercadorias por meio de embalagens de madeira requerem cuidados especiais, sob pena de se tornarem uma verdadeira \u201cdor de cabe\u00e7a\u201d aos importadores. Isso porque, caso n\u00e3o sejam adotadas as medidas fitossanit\u00e1rias adequadas, o que inclui o processo de fumiga\u00e7\u00e3o da embalagem (desinfec\u00e7\u00e3o por via seca) na origem, o Minist\u00e9rio da Agricultura, Pecu\u00e1ria [&hellip;]\" \/>\n<meta property=\"og:url\" content=\"https:\/\/dbtesser.com.br\/en\/importacao-de-mercadorias-por-meio-de-embalagens-de-madeira-requerem-cuidados-especiais\/\" \/>\n<meta property=\"og:site_name\" content=\"DBTesser Advogados\" \/>\n<meta property=\"article:published_time\" content=\"2020-01-13T13:21:53+00:00\" \/>\n<meta property=\"og:image\" content=\"https:\/\/dbtesser.com.br\/wp-content\/uploads\/2026\/01\/Quem-Somos-10.webp\" \/>\n\t<meta property=\"og:image:width\" content=\"1500\" \/>\n\t<meta property=\"og:image:height\" content=\"1029\" \/>\n\t<meta property=\"og:image:type\" content=\"image\/webp\" \/>\n<meta name=\"author\" content=\"DB Tesser\" \/>\n<meta name=\"twitter:card\" content=\"summary_large_image\" \/>\n<meta name=\"twitter:label1\" content=\"Written by\" \/>\n\t<meta name=\"twitter:data1\" content=\"DB Tesser\" \/>\n\t<meta name=\"twitter:label2\" content=\"Est. reading time\" \/>\n\t<meta name=\"twitter:data2\" content=\"2 minutes\" \/>\n<script type=\"application\/ld+json\" class=\"yoast-schema-graph\">{\"@context\":\"https:\/\/schema.org\",\"@graph\":[{\"@type\":\"Article\",\"@id\":\"https:\/\/dbtesser.com.br\/importacao-de-mercadorias-por-meio-de-embalagens-de-madeira-requerem-cuidados-especiais\/#article\",\"isPartOf\":{\"@id\":\"https:\/\/dbtesser.com.br\/importacao-de-mercadorias-por-meio-de-embalagens-de-madeira-requerem-cuidados-especiais\/\"},\"author\":{\"name\":\"DB Tesser\",\"@id\":\"https:\/\/dbtesser.com.br\/en\/#\/schema\/person\/3414c67f51128e3d927f8011ab737728\"},\"headline\":\"Importa\u00e7\u00e3o de mercadorias por meio de embalagens de madeira requerem cuidados especiais\",\"datePublished\":\"2020-01-13T13:21:53+00:00\",\"mainEntityOfPage\":{\"@id\":\"https:\/\/dbtesser.com.br\/importacao-de-mercadorias-por-meio-de-embalagens-de-madeira-requerem-cuidados-especiais\/\"},\"wordCount\":349,\"image\":{\"@id\":\"https:\/\/dbtesser.com.br\/importacao-de-mercadorias-por-meio-de-embalagens-de-madeira-requerem-cuidados-especiais\/#primaryimage\"},\"thumbnailUrl\":\"https:\/\/dbtesser.com.br\/wp-content\/uploads\/2026\/01\/Quem-Somos-10.webp\",\"keywords\":[\"IMPORTA\u00c7\u00c3O\",\"importa\u00e7\u00e3o de produto\",\"Importa\u00e7\u00e3o e Exporta\u00e7\u00e3o no Brasil\",\"Importa\u00e7\u00e3o no Brasil\",\"Importadores\",\"Receita Federal\"],\"articleSection\":[\"Not\u00edcias\"],\"inLanguage\":\"en-US\"},{\"@type\":\"WebPage\",\"@id\":\"https:\/\/dbtesser.com.br\/importacao-de-mercadorias-por-meio-de-embalagens-de-madeira-requerem-cuidados-especiais\/\",\"url\":\"https:\/\/dbtesser.com.br\/importacao-de-mercadorias-por-meio-de-embalagens-de-madeira-requerem-cuidados-especiais\/\",\"name\":\"Importa\u00e7\u00e3o de mercadorias por meio de embalagens de madeira requerem cuidados especiais | DBTesser Advogados\",\"isPartOf\":{\"@id\":\"https:\/\/dbtesser.com.br\/en\/#website\"},\"primaryImageOfPage\":{\"@id\":\"https:\/\/dbtesser.com.br\/importacao-de-mercadorias-por-meio-de-embalagens-de-madeira-requerem-cuidados-especiais\/#primaryimage\"},\"image\":{\"@id\":\"https:\/\/dbtesser.com.br\/importacao-de-mercadorias-por-meio-de-embalagens-de-madeira-requerem-cuidados-especiais\/#primaryimage\"},\"thumbnailUrl\":\"https:\/\/dbtesser.com.br\/wp-content\/uploads\/2026\/01\/Quem-Somos-10.webp\",\"datePublished\":\"2020-01-13T13:21:53+00:00\",\"author\":{\"@id\":\"https:\/\/dbtesser.com.br\/en\/#\/schema\/person\/3414c67f51128e3d927f8011ab737728\"},\"breadcrumb\":{\"@id\":\"https:\/\/dbtesser.com.br\/importacao-de-mercadorias-por-meio-de-embalagens-de-madeira-requerem-cuidados-especiais\/#breadcrumb\"},\"inLanguage\":\"en-US\",\"potentialAction\":[{\"@type\":\"ReadAction\",\"target\":[\"https:\/\/dbtesser.com.br\/importacao-de-mercadorias-por-meio-de-embalagens-de-madeira-requerem-cuidados-especiais\/\"]}]},{\"@type\":\"ImageObject\",\"inLanguage\":\"en-US\",\"@id\":\"https:\/\/dbtesser.com.br\/importacao-de-mercadorias-por-meio-de-embalagens-de-madeira-requerem-cuidados-especiais\/#primaryimage\",\"url\":\"https:\/\/dbtesser.com.br\/wp-content\/uploads\/2026\/01\/Quem-Somos-10.webp\",\"contentUrl\":\"https:\/\/dbtesser.com.br\/wp-content\/uploads\/2026\/01\/Quem-Somos-10.webp\",\"width\":1500,\"height\":1029,\"caption\":\"Quem Somos ()\"},{\"@type\":\"BreadcrumbList\",\"@id\":\"https:\/\/dbtesser.com.br\/importacao-de-mercadorias-por-meio-de-embalagens-de-madeira-requerem-cuidados-especiais\/#breadcrumb\",\"itemListElement\":[{\"@type\":\"ListItem\",\"position\":1,\"name\":\"In\u00edcio\",\"item\":\"https:\/\/palegreen-chinchilla-672815.hostingersite.com\/en\/\"},{\"@type\":\"ListItem\",\"position\":2,\"name\":\"Importa\u00e7\u00e3o de mercadorias por meio de embalagens de madeira requerem cuidados especiais\"}]},{\"@type\":\"WebSite\",\"@id\":\"https:\/\/dbtesser.com.br\/en\/#website\",\"url\":\"https:\/\/dbtesser.com.br\/en\/\",\"name\":\"DB Tesser Advogados\",\"description\":\"\",\"potentialAction\":[{\"@type\":\"SearchAction\",\"target\":{\"@type\":\"EntryPoint\",\"urlTemplate\":\"https:\/\/dbtesser.com.br\/en\/?s={search_term_string}\"},\"query-input\":{\"@type\":\"PropertyValueSpecification\",\"valueRequired\":true,\"valueName\":\"search_term_string\"}}],\"inLanguage\":\"en-US\"},{\"@type\":\"Person\",\"@id\":\"https:\/\/dbtesser.com.br\/en\/#\/schema\/person\/3414c67f51128e3d927f8011ab737728\",\"name\":\"DB Tesser\",\"url\":\"https:\/\/dbtesser.com.br\/en\/author\/db-tesser\/\"}]}<\/script>\n<!-- \/ Yoast SEO plugin. -->","yoast_head_json":{"title":"Importa\u00e7\u00e3o de mercadorias por meio de embalagens de madeira requerem cuidados especiais | DBTesser Advogados","robots":{"index":"index","follow":"follow","max-snippet":"max-snippet:-1","max-image-preview":"max-image-preview:large","max-video-preview":"max-video-preview:-1"},"canonical":"https:\/\/dbtesser.com.br\/en\/importacao-de-mercadorias-por-meio-de-embalagens-de-madeira-requerem-cuidados-especiais\/","og_locale":"en_US","og_type":"article","og_title":"Importa\u00e7\u00e3o de mercadorias por meio de embalagens de madeira requerem cuidados especiais | DBTesser Advogados","og_description":"A importa\u00e7\u00e3o de mercadorias por meio de embalagens de madeira requerem cuidados especiais, sob pena de se tornarem uma verdadeira \u201cdor de cabe\u00e7a\u201d aos importadores. Isso porque, caso n\u00e3o sejam adotadas as medidas fitossanit\u00e1rias adequadas, o que inclui o processo de fumiga\u00e7\u00e3o da embalagem (desinfec\u00e7\u00e3o por via seca) na origem, o Minist\u00e9rio da Agricultura, Pecu\u00e1ria [&hellip;]","og_url":"https:\/\/dbtesser.com.br\/en\/importacao-de-mercadorias-por-meio-de-embalagens-de-madeira-requerem-cuidados-especiais\/","og_site_name":"DBTesser Advogados","article_published_time":"2020-01-13T13:21:53+00:00","og_image":[{"width":1500,"height":1029,"url":"https:\/\/dbtesser.com.br\/wp-content\/uploads\/2026\/01\/Quem-Somos-10.webp","type":"image\/webp"}],"author":"DB Tesser","twitter_card":"summary_large_image","twitter_misc":{"Written by":"DB Tesser","Est. reading time":"2 minutes"},"schema":{"@context":"https:\/\/schema.org","@graph":[{"@type":"Article","@id":"https:\/\/dbtesser.com.br\/importacao-de-mercadorias-por-meio-de-embalagens-de-madeira-requerem-cuidados-especiais\/#article","isPartOf":{"@id":"https:\/\/dbtesser.com.br\/importacao-de-mercadorias-por-meio-de-embalagens-de-madeira-requerem-cuidados-especiais\/"},"author":{"name":"DB Tesser","@id":"https:\/\/dbtesser.com.br\/en\/#\/schema\/person\/3414c67f51128e3d927f8011ab737728"},"headline":"Importa\u00e7\u00e3o de mercadorias por meio de embalagens de madeira requerem cuidados especiais","datePublished":"2020-01-13T13:21:53+00:00","mainEntityOfPage":{"@id":"https:\/\/dbtesser.com.br\/importacao-de-mercadorias-por-meio-de-embalagens-de-madeira-requerem-cuidados-especiais\/"},"wordCount":349,"image":{"@id":"https:\/\/dbtesser.com.br\/importacao-de-mercadorias-por-meio-de-embalagens-de-madeira-requerem-cuidados-especiais\/#primaryimage"},"thumbnailUrl":"https:\/\/dbtesser.com.br\/wp-content\/uploads\/2026\/01\/Quem-Somos-10.webp","keywords":["IMPORTA\u00c7\u00c3O","importa\u00e7\u00e3o de produto","Importa\u00e7\u00e3o e Exporta\u00e7\u00e3o no Brasil","Importa\u00e7\u00e3o no Brasil","Importadores","Receita Federal"],"articleSection":["Not\u00edcias"],"inLanguage":"en-US"},{"@type":"WebPage","@id":"https:\/\/dbtesser.com.br\/importacao-de-mercadorias-por-meio-de-embalagens-de-madeira-requerem-cuidados-especiais\/","url":"https:\/\/dbtesser.com.br\/importacao-de-mercadorias-por-meio-de-embalagens-de-madeira-requerem-cuidados-especiais\/","name":"Importa\u00e7\u00e3o de mercadorias por meio de embalagens de madeira requerem cuidados especiais | DBTesser Advogados","isPartOf":{"@id":"https:\/\/dbtesser.com.br\/en\/#website"},"primaryImageOfPage":{"@id":"https:\/\/dbtesser.com.br\/importacao-de-mercadorias-por-meio-de-embalagens-de-madeira-requerem-cuidados-especiais\/#primaryimage"},"image":{"@id":"https:\/\/dbtesser.com.br\/importacao-de-mercadorias-por-meio-de-embalagens-de-madeira-requerem-cuidados-especiais\/#primaryimage"},"thumbnailUrl":"https:\/\/dbtesser.com.br\/wp-content\/uploads\/2026\/01\/Quem-Somos-10.webp","datePublished":"2020-01-13T13:21:53+00:00","author":{"@id":"https:\/\/dbtesser.com.br\/en\/#\/schema\/person\/3414c67f51128e3d927f8011ab737728"},"breadcrumb":{"@id":"https:\/\/dbtesser.com.br\/importacao-de-mercadorias-por-meio-de-embalagens-de-madeira-requerem-cuidados-especiais\/#breadcrumb"},"inLanguage":"en-US","potentialAction":[{"@type":"ReadAction","target":["https:\/\/dbtesser.com.br\/importacao-de-mercadorias-por-meio-de-embalagens-de-madeira-requerem-cuidados-especiais\/"]}]},{"@type":"ImageObject","inLanguage":"en-US","@id":"https:\/\/dbtesser.com.br\/importacao-de-mercadorias-por-meio-de-embalagens-de-madeira-requerem-cuidados-especiais\/#primaryimage","url":"https:\/\/dbtesser.com.br\/wp-content\/uploads\/2026\/01\/Quem-Somos-10.webp","contentUrl":"https:\/\/dbtesser.com.br\/wp-content\/uploads\/2026\/01\/Quem-Somos-10.webp","width":1500,"height":1029,"caption":"Quem Somos ()"},{"@type":"BreadcrumbList","@id":"https:\/\/dbtesser.com.br\/importacao-de-mercadorias-por-meio-de-embalagens-de-madeira-requerem-cuidados-especiais\/#breadcrumb","itemListElement":[{"@type":"ListItem","position":1,"name":"In\u00edcio","item":"https:\/\/palegreen-chinchilla-672815.hostingersite.com\/en\/"},{"@type":"ListItem","position":2,"name":"Importa\u00e7\u00e3o de mercadorias por meio de embalagens de madeira requerem cuidados especiais"}]},{"@type":"WebSite","@id":"https:\/\/dbtesser.com.br\/en\/#website","url":"https:\/\/dbtesser.com.br\/en\/","name":"DB Tesser Lawyers","description":"","potentialAction":[{"@type":"SearchAction","target":{"@type":"EntryPoint","urlTemplate":"https:\/\/dbtesser.com.br\/en\/?s={search_term_string}"},"query-input":{"@type":"PropertyValueSpecification","valueRequired":true,"valueName":"search_term_string"}}],"inLanguage":"en-US"},{"@type":"Person","@id":"https:\/\/dbtesser.com.br\/en\/#\/schema\/person\/3414c67f51128e3d927f8011ab737728","name":"DB Tesser","url":"https:\/\/dbtesser.com.br\/en\/author\/db-tesser\/"}]}},"_links":{"self":[{"href":"https:\/\/dbtesser.com.br\/en\/wp-json\/wp\/v2\/posts\/2271","targetHints":{"allow":["GET"]}}],"collection":[{"href":"https:\/\/dbtesser.com.br\/en\/wp-json\/wp\/v2\/posts"}],"about":[{"href":"https:\/\/dbtesser.com.br\/en\/wp-json\/wp\/v2\/types\/post"}],"author":[{"embeddable":true,"href":"https:\/\/dbtesser.com.br\/en\/wp-json\/wp\/v2\/users\/4007"}],"replies":[{"embeddable":true,"href":"https:\/\/dbtesser.com.br\/en\/wp-json\/wp\/v2\/comments?post=2271"}],"version-history":[{"count":0,"href":"https:\/\/dbtesser.com.br\/en\/wp-json\/wp\/v2\/posts\/2271\/revisions"}],"wp:featuredmedia":[{"embeddable":true,"href":"https:\/\/dbtesser.com.br\/en\/wp-json\/wp\/v2\/media\/695"}],"wp:attachment":[{"href":"https:\/\/dbtesser.com.br\/en\/wp-json\/wp\/v2\/media?parent=2271"}],"wp:term":[{"taxonomy":"category","embeddable":true,"href":"https:\/\/dbtesser.com.br\/en\/wp-json\/wp\/v2\/categories?post=2271"},{"taxonomy":"post_tag","embeddable":true,"href":"https:\/\/dbtesser.com.br\/en\/wp-json\/wp\/v2\/tags?post=2271"}],"curies":[{"name":"wp","href":"https:\/\/api.w.org\/{rel}","templated":true}]}}