{"id":2275,"date":"2019-12-04T14:43:21","date_gmt":"2019-12-04T17:43:21","guid":{"rendered":"https:\/\/dbtesser.siteup.dev\/receita-federal-assina-memorando-de-entendimento-junto-a-administracao-aduaneira-dos-paises-baixos\/"},"modified":"2019-12-04T14:43:21","modified_gmt":"2019-12-04T17:43:21","slug":"brazilian-federal-revenue-service-signs-memorandum-of-understanding-with-the-customs-administration-of-the-netherlands","status":"publish","type":"post","link":"https:\/\/dbtesser.com.br\/en\/receita-federal-assina-memorando-de-entendimento-junto-a-administracao-aduaneira-dos-paises-baixos\/","title":{"rendered":"Brazilian Federal Revenue Service signs Memorandum of Understanding with the Customs Administration of the Netherlands."},"content":{"rendered":"<div class=\"wp-block-image\"><figure class=\"aligncenter\"><img decoding=\"async\" src=\"https:\/\/dbtesser.com.br\/wp-content\/uploads\/2026\/02\/new-04.12-1.jpg\" alt=\"Brazilian Federal Revenue, import, importer, foreign trade, international trade\" class=\"wp-image-683\"\/><\/figure><\/div>\n\n\n\n<p>The Netherlands is the European country that imports the most from Brazil, being a major importer of soybeans, minerals, Brazilian meats, and manufactured goods, resulting in a trade balance favorable to our country, registering an annual surplus of billions of dollars, according to data from the Ministry of Economy.<\/p>\n\n\n\n<p>Trade relations between the two countries have been growing because, in addition to the Netherlands being located in central Europe, it has a well-developed port infrastructure, with the port of Rotterdam being the largest on the continent. <\/p>\n\n\n\n<p>In view of the important commercial partnership, last Friday, the 29th, an agreement was signed between the two countries. <strong>Memorandum of Understanding<\/strong> (<strong>MoU<\/strong>), which is &quot;a <strong>A simplified instrument, intended to record general principles that will guide relations between the Parties.<\/strong>, This applies to political, economic, cultural, scientific, and educational spheres. It serves as a first step towards formalizing a more elaborate legal document, such as a technical cooperation agreement.\u201d<\/p>\n\n\n\n<p>Therefore, the aforementioned <strong>MoU <\/strong>is it possible <strong>objective to strengthen <\/strong>further the collaboration between both<strong> Customs Administrations<\/strong> and also <strong>To prevent the smuggling of goods and the occurrence of various types of fraud and crimes against customs legislation.<\/strong><\/p>\n\n\n\n<p>Source: <a href=\"https:\/\/receita.economia.gov.br\/noticias\/ascom\/2019\/novembro\/receita-federal-assina-memorando-de-entendimento-junto-a-administracao-aduaneira-dos-paises-baixos\">Federal Revenue Service<\/a><\/p>\n\n\n\n<p>News commented on by <strong>Anna Gabriela,  <\/strong><em>Lawyer, graduated in Law in 2012 from the Professor Dam\u00e1sio de Jesus Law School. Area of Expertise: Customs Law and Tax Law, OAB (Brazilian Bar Association): 348.552.<\/em> <\/p>\n\n\n\n<p><strong><a href=\"https:\/\/dbtesser.com.br\/en\/#contato\">If you have any questions, please contact our expert team! <\/a><\/strong><\/p>","protected":false},"excerpt":{"rendered":"<p>A Holanda \u00e9 o pa\u00eds europeu que mais importa do Brasil, sendo grande importador de soja, min\u00e9rios, carnes brasileiras e produtos manufaturados, o que resulta uma balan\u00e7a comercial favor\u00e1vel ao nosso pa\u00eds, registrando anualmente super\u00e1vit de bilh\u00f5es de d\u00f3lares, segundo dados do Minist\u00e9rio da Economia. A rela\u00e7\u00e3o comercial entre os dois pa\u00edses vem crescendo, porque [&hellip;]<\/p>\n","protected":false},"author":4007,"featured_media":2274,"comment_status":"","ping_status":"open","sticky":false,"template":"","format":"standard","meta":{"footnotes":""},"categories":[23],"tags":[34,37,38,116,118,236,256,269,270,279,428],"class_list":["post-2275","post","type-post","status-publish","format-standard","has-post-thumbnail","hentry","category-noticias","tag-administracao-aduaneira","tag-aduana","tag-aduaneira","tag-comercio-exterior","tag-comercio-internacional","tag-fiscalizacao-aduaneira","tag-importacao-2","tag-importacao-e-exportacao-no-brasil","tag-importacao-no-brasil","tag-importadores","tag-receita-federal"],"yoast_head":"<!-- This site is optimized with the Yoast SEO plugin v27.2 - https:\/\/yoast.com\/product\/yoast-seo-wordpress\/ -->\n<title>Receita Federal assina Memorando de Entendimento junto \u00e0 Administra\u00e7\u00e3o Aduaneira dos Pa\u00edses Baixos | DBTesser Advogados<\/title>\n<meta name=\"robots\" content=\"index, follow, max-snippet:-1, max-image-preview:large, max-video-preview:-1\" \/>\n<link rel=\"canonical\" href=\"https:\/\/dbtesser.com.br\/en\/brazilian-federal-revenue-service-signs-memorandum-of-understanding-with-the-customs-administration-of-the-netherlands\/\" \/>\n<meta property=\"og:locale\" content=\"en_US\" \/>\n<meta property=\"og:type\" content=\"article\" \/>\n<meta property=\"og:title\" content=\"Receita Federal assina Memorando de Entendimento junto \u00e0 Administra\u00e7\u00e3o Aduaneira dos Pa\u00edses Baixos | DBTesser Advogados\" \/>\n<meta property=\"og:description\" content=\"A Holanda \u00e9 o pa\u00eds europeu que mais importa do Brasil, sendo grande importador de soja, min\u00e9rios, carnes brasileiras e produtos manufaturados, o que resulta uma balan\u00e7a comercial favor\u00e1vel ao nosso pa\u00eds, registrando anualmente super\u00e1vit de bilh\u00f5es de d\u00f3lares, segundo dados do Minist\u00e9rio da Economia. A rela\u00e7\u00e3o comercial entre os dois pa\u00edses vem crescendo, porque [&hellip;]\" \/>\n<meta property=\"og:url\" content=\"https:\/\/dbtesser.com.br\/en\/brazilian-federal-revenue-service-signs-memorandum-of-understanding-with-the-customs-administration-of-the-netherlands\/\" \/>\n<meta property=\"og:site_name\" content=\"DBTesser Advogados\" \/>\n<meta property=\"article:published_time\" content=\"2019-12-04T17:43:21+00:00\" \/>\n<meta property=\"og:image\" content=\"https:\/\/dbtesser.com.br\/wp-content\/uploads\/2026\/02\/new-04.12-1.jpg\" \/>\n\t<meta property=\"og:image:width\" content=\"800\" \/>\n\t<meta property=\"og:image:height\" content=\"527\" \/>\n\t<meta property=\"og:image:type\" content=\"image\/jpeg\" \/>\n<meta name=\"author\" content=\"DB Tesser\" \/>\n<meta name=\"twitter:card\" content=\"summary_large_image\" \/>\n<meta name=\"twitter:label1\" content=\"Written by\" \/>\n\t<meta name=\"twitter:data1\" content=\"DB Tesser\" \/>\n\t<meta name=\"twitter:label2\" content=\"Est. reading time\" \/>\n\t<meta name=\"twitter:data2\" content=\"1 minute\" \/>\n<script type=\"application\/ld+json\" class=\"yoast-schema-graph\">{\"@context\":\"https:\/\/schema.org\",\"@graph\":[{\"@type\":\"Article\",\"@id\":\"https:\/\/dbtesser.com.br\/receita-federal-assina-memorando-de-entendimento-junto-a-administracao-aduaneira-dos-paises-baixos\/#article\",\"isPartOf\":{\"@id\":\"https:\/\/dbtesser.com.br\/receita-federal-assina-memorando-de-entendimento-junto-a-administracao-aduaneira-dos-paises-baixos\/\"},\"author\":{\"name\":\"DB Tesser\",\"@id\":\"https:\/\/dbtesser.com.br\/#\/schema\/person\/3414c67f51128e3d927f8011ab737728\"},\"headline\":\"Receita Federal assina Memorando de Entendimento junto \u00e0 Administra\u00e7\u00e3o Aduaneira dos Pa\u00edses Baixos\",\"datePublished\":\"2019-12-04T17:43:21+00:00\",\"mainEntityOfPage\":{\"@id\":\"https:\/\/dbtesser.com.br\/receita-federal-assina-memorando-de-entendimento-junto-a-administracao-aduaneira-dos-paises-baixos\/\"},\"wordCount\":281,\"image\":{\"@id\":\"https:\/\/dbtesser.com.br\/receita-federal-assina-memorando-de-entendimento-junto-a-administracao-aduaneira-dos-paises-baixos\/#primaryimage\"},\"thumbnailUrl\":\"https:\/\/dbtesser.com.br\/wp-content\/uploads\/2026\/02\/new-04.12-1.jpg\",\"keywords\":[\"Administra\u00e7\u00e3o Aduaneira\",\"Aduana\",\"Aduaneira\",\"Com\u00e9rcio Exterior\",\"Com\u00e9rcio Internacional\",\"Fiscaliza\u00e7\u00e3o Aduaneira\",\"IMPORTA\u00c7\u00c3O\",\"Importa\u00e7\u00e3o e Exporta\u00e7\u00e3o no Brasil\",\"Importa\u00e7\u00e3o no Brasil\",\"Importadores\",\"Receita Federal\"],\"articleSection\":[\"Not\u00edcias\"],\"inLanguage\":\"en-US\"},{\"@type\":\"WebPage\",\"@id\":\"https:\/\/dbtesser.com.br\/receita-federal-assina-memorando-de-entendimento-junto-a-administracao-aduaneira-dos-paises-baixos\/\",\"url\":\"https:\/\/dbtesser.com.br\/receita-federal-assina-memorando-de-entendimento-junto-a-administracao-aduaneira-dos-paises-baixos\/\",\"name\":\"Receita Federal assina Memorando de Entendimento junto \u00e0 Administra\u00e7\u00e3o Aduaneira dos Pa\u00edses Baixos | DBTesser Advogados\",\"isPartOf\":{\"@id\":\"https:\/\/dbtesser.com.br\/#website\"},\"primaryImageOfPage\":{\"@id\":\"https:\/\/dbtesser.com.br\/receita-federal-assina-memorando-de-entendimento-junto-a-administracao-aduaneira-dos-paises-baixos\/#primaryimage\"},\"image\":{\"@id\":\"https:\/\/dbtesser.com.br\/receita-federal-assina-memorando-de-entendimento-junto-a-administracao-aduaneira-dos-paises-baixos\/#primaryimage\"},\"thumbnailUrl\":\"https:\/\/dbtesser.com.br\/wp-content\/uploads\/2026\/02\/new-04.12-1.jpg\",\"datePublished\":\"2019-12-04T17:43:21+00:00\",\"author\":{\"@id\":\"https:\/\/dbtesser.com.br\/#\/schema\/person\/3414c67f51128e3d927f8011ab737728\"},\"breadcrumb\":{\"@id\":\"https:\/\/dbtesser.com.br\/receita-federal-assina-memorando-de-entendimento-junto-a-administracao-aduaneira-dos-paises-baixos\/#breadcrumb\"},\"inLanguage\":\"en-US\",\"potentialAction\":[{\"@type\":\"ReadAction\",\"target\":[\"https:\/\/dbtesser.com.br\/receita-federal-assina-memorando-de-entendimento-junto-a-administracao-aduaneira-dos-paises-baixos\/\"]}]},{\"@type\":\"ImageObject\",\"inLanguage\":\"en-US\",\"@id\":\"https:\/\/dbtesser.com.br\/receita-federal-assina-memorando-de-entendimento-junto-a-administracao-aduaneira-dos-paises-baixos\/#primaryimage\",\"url\":\"https:\/\/dbtesser.com.br\/wp-content\/uploads\/2026\/02\/new-04.12-1.jpg\",\"contentUrl\":\"https:\/\/dbtesser.com.br\/wp-content\/uploads\/2026\/02\/new-04.12-1.jpg\",\"width\":800,\"height\":527,\"caption\":\"new\"},{\"@type\":\"BreadcrumbList\",\"@id\":\"https:\/\/dbtesser.com.br\/receita-federal-assina-memorando-de-entendimento-junto-a-administracao-aduaneira-dos-paises-baixos\/#breadcrumb\",\"itemListElement\":[{\"@type\":\"ListItem\",\"position\":1,\"name\":\"In\u00edcio\",\"item\":\"https:\/\/dbtesser.com.br\/en\/\"},{\"@type\":\"ListItem\",\"position\":2,\"name\":\"Receita Federal assina Memorando de Entendimento junto \u00e0 Administra\u00e7\u00e3o Aduaneira dos Pa\u00edses Baixos\"}]},{\"@type\":\"WebSite\",\"@id\":\"https:\/\/dbtesser.com.br\/#website\",\"url\":\"https:\/\/dbtesser.com.br\/\",\"name\":\"DB Tesser Advogados\",\"description\":\"\",\"potentialAction\":[{\"@type\":\"SearchAction\",\"target\":{\"@type\":\"EntryPoint\",\"urlTemplate\":\"https:\/\/dbtesser.com.br\/?s={search_term_string}\"},\"query-input\":{\"@type\":\"PropertyValueSpecification\",\"valueRequired\":true,\"valueName\":\"search_term_string\"}}],\"inLanguage\":\"en-US\"},{\"@type\":\"Person\",\"@id\":\"https:\/\/dbtesser.com.br\/#\/schema\/person\/3414c67f51128e3d927f8011ab737728\",\"name\":\"DB Tesser\",\"url\":\"https:\/\/dbtesser.com.br\/en\/author\/db-tesser\/\"}]}<\/script>\n<!-- \/ Yoast SEO plugin. -->","yoast_head_json":{"title":"Brazilian Federal Revenue Service signs Memorandum of Understanding with the Customs Administration of the Netherlands | DBTesser Advogados","robots":{"index":"index","follow":"follow","max-snippet":"max-snippet:-1","max-image-preview":"max-image-preview:large","max-video-preview":"max-video-preview:-1"},"canonical":"https:\/\/dbtesser.com.br\/en\/brazilian-federal-revenue-service-signs-memorandum-of-understanding-with-the-customs-administration-of-the-netherlands\/","og_locale":"en_US","og_type":"article","og_title":"Receita Federal assina Memorando de Entendimento junto \u00e0 Administra\u00e7\u00e3o Aduaneira dos Pa\u00edses Baixos | DBTesser Advogados","og_description":"A Holanda \u00e9 o pa\u00eds europeu que mais importa do Brasil, sendo grande importador de soja, min\u00e9rios, carnes brasileiras e produtos manufaturados, o que resulta uma balan\u00e7a comercial favor\u00e1vel ao nosso pa\u00eds, registrando anualmente super\u00e1vit de bilh\u00f5es de d\u00f3lares, segundo dados do Minist\u00e9rio da Economia. A rela\u00e7\u00e3o comercial entre os dois pa\u00edses vem crescendo, porque [&hellip;]","og_url":"https:\/\/dbtesser.com.br\/en\/brazilian-federal-revenue-service-signs-memorandum-of-understanding-with-the-customs-administration-of-the-netherlands\/","og_site_name":"DBTesser Advogados","article_published_time":"2019-12-04T17:43:21+00:00","og_image":[{"width":800,"height":527,"url":"https:\/\/dbtesser.com.br\/wp-content\/uploads\/2026\/02\/new-04.12-1.jpg","type":"image\/jpeg"}],"author":"DB Tesser","twitter_card":"summary_large_image","twitter_misc":{"Written by":"DB Tesser","Est. reading time":"1 minute"},"schema":{"@context":"https:\/\/schema.org","@graph":[{"@type":"Article","@id":"https:\/\/dbtesser.com.br\/receita-federal-assina-memorando-de-entendimento-junto-a-administracao-aduaneira-dos-paises-baixos\/#article","isPartOf":{"@id":"https:\/\/dbtesser.com.br\/receita-federal-assina-memorando-de-entendimento-junto-a-administracao-aduaneira-dos-paises-baixos\/"},"author":{"name":"DB Tesser","@id":"https:\/\/dbtesser.com.br\/#\/schema\/person\/3414c67f51128e3d927f8011ab737728"},"headline":"Receita Federal assina Memorando de Entendimento junto \u00e0 Administra\u00e7\u00e3o Aduaneira dos Pa\u00edses Baixos","datePublished":"2019-12-04T17:43:21+00:00","mainEntityOfPage":{"@id":"https:\/\/dbtesser.com.br\/receita-federal-assina-memorando-de-entendimento-junto-a-administracao-aduaneira-dos-paises-baixos\/"},"wordCount":281,"image":{"@id":"https:\/\/dbtesser.com.br\/receita-federal-assina-memorando-de-entendimento-junto-a-administracao-aduaneira-dos-paises-baixos\/#primaryimage"},"thumbnailUrl":"https:\/\/dbtesser.com.br\/wp-content\/uploads\/2026\/02\/new-04.12-1.jpg","keywords":["Administra\u00e7\u00e3o Aduaneira","Aduana","Aduaneira","Com\u00e9rcio Exterior","Com\u00e9rcio Internacional","Fiscaliza\u00e7\u00e3o Aduaneira","IMPORTA\u00c7\u00c3O","Importa\u00e7\u00e3o e Exporta\u00e7\u00e3o no Brasil","Importa\u00e7\u00e3o no Brasil","Importadores","Receita Federal"],"articleSection":["Not\u00edcias"],"inLanguage":"en-US"},{"@type":"WebPage","@id":"https:\/\/dbtesser.com.br\/receita-federal-assina-memorando-de-entendimento-junto-a-administracao-aduaneira-dos-paises-baixos\/","url":"https:\/\/dbtesser.com.br\/receita-federal-assina-memorando-de-entendimento-junto-a-administracao-aduaneira-dos-paises-baixos\/","name":"Brazilian Federal Revenue Service signs Memorandum of Understanding with the Customs Administration of the Netherlands | DBTesser Advogados","isPartOf":{"@id":"https:\/\/dbtesser.com.br\/#website"},"primaryImageOfPage":{"@id":"https:\/\/dbtesser.com.br\/receita-federal-assina-memorando-de-entendimento-junto-a-administracao-aduaneira-dos-paises-baixos\/#primaryimage"},"image":{"@id":"https:\/\/dbtesser.com.br\/receita-federal-assina-memorando-de-entendimento-junto-a-administracao-aduaneira-dos-paises-baixos\/#primaryimage"},"thumbnailUrl":"https:\/\/dbtesser.com.br\/wp-content\/uploads\/2026\/02\/new-04.12-1.jpg","datePublished":"2019-12-04T17:43:21+00:00","author":{"@id":"https:\/\/dbtesser.com.br\/#\/schema\/person\/3414c67f51128e3d927f8011ab737728"},"breadcrumb":{"@id":"https:\/\/dbtesser.com.br\/receita-federal-assina-memorando-de-entendimento-junto-a-administracao-aduaneira-dos-paises-baixos\/#breadcrumb"},"inLanguage":"en-US","potentialAction":[{"@type":"ReadAction","target":["https:\/\/dbtesser.com.br\/receita-federal-assina-memorando-de-entendimento-junto-a-administracao-aduaneira-dos-paises-baixos\/"]}]},{"@type":"ImageObject","inLanguage":"en-US","@id":"https:\/\/dbtesser.com.br\/receita-federal-assina-memorando-de-entendimento-junto-a-administracao-aduaneira-dos-paises-baixos\/#primaryimage","url":"https:\/\/dbtesser.com.br\/wp-content\/uploads\/2026\/02\/new-04.12-1.jpg","contentUrl":"https:\/\/dbtesser.com.br\/wp-content\/uploads\/2026\/02\/new-04.12-1.jpg","width":800,"height":527,"caption":"new"},{"@type":"BreadcrumbList","@id":"https:\/\/dbtesser.com.br\/receita-federal-assina-memorando-de-entendimento-junto-a-administracao-aduaneira-dos-paises-baixos\/#breadcrumb","itemListElement":[{"@type":"ListItem","position":1,"name":"In\u00edcio","item":"https:\/\/dbtesser.com.br\/en\/"},{"@type":"ListItem","position":2,"name":"Receita Federal assina Memorando de Entendimento junto \u00e0 Administra\u00e7\u00e3o Aduaneira dos Pa\u00edses Baixos"}]},{"@type":"WebSite","@id":"https:\/\/dbtesser.com.br\/#website","url":"https:\/\/dbtesser.com.br\/","name":"DB Tesser Lawyers","description":"","potentialAction":[{"@type":"SearchAction","target":{"@type":"EntryPoint","urlTemplate":"https:\/\/dbtesser.com.br\/?s={search_term_string}"},"query-input":{"@type":"PropertyValueSpecification","valueRequired":true,"valueName":"search_term_string"}}],"inLanguage":"en-US"},{"@type":"Person","@id":"https:\/\/dbtesser.com.br\/#\/schema\/person\/3414c67f51128e3d927f8011ab737728","name":"DB Tesser","url":"https:\/\/dbtesser.com.br\/en\/author\/db-tesser\/"}]}},"_links":{"self":[{"href":"https:\/\/dbtesser.com.br\/en\/wp-json\/wp\/v2\/posts\/2275","targetHints":{"allow":["GET"]}}],"collection":[{"href":"https:\/\/dbtesser.com.br\/en\/wp-json\/wp\/v2\/posts"}],"about":[{"href":"https:\/\/dbtesser.com.br\/en\/wp-json\/wp\/v2\/types\/post"}],"author":[{"embeddable":true,"href":"https:\/\/dbtesser.com.br\/en\/wp-json\/wp\/v2\/users\/4007"}],"replies":[{"embeddable":true,"href":"https:\/\/dbtesser.com.br\/en\/wp-json\/wp\/v2\/comments?post=2275"}],"version-history":[{"count":0,"href":"https:\/\/dbtesser.com.br\/en\/wp-json\/wp\/v2\/posts\/2275\/revisions"}],"wp:featuredmedia":[{"embeddable":true,"href":"https:\/\/dbtesser.com.br\/en\/wp-json\/wp\/v2\/media\/2274"}],"wp:attachment":[{"href":"https:\/\/dbtesser.com.br\/en\/wp-json\/wp\/v2\/media?parent=2275"}],"wp:term":[{"taxonomy":"category","embeddable":true,"href":"https:\/\/dbtesser.com.br\/en\/wp-json\/wp\/v2\/categories?post=2275"},{"taxonomy":"post_tag","embeddable":true,"href":"https:\/\/dbtesser.com.br\/en\/wp-json\/wp\/v2\/tags?post=2275"}],"curies":[{"name":"wp","href":"https:\/\/api.w.org\/{rel}","templated":true}]}}