{"id":2277,"date":"2019-11-22T11:28:50","date_gmt":"2019-11-22T14:28:50","guid":{"rendered":"https:\/\/dbtesser.siteup.dev\/importacao-valoracao-aduaneira-no-brasil-ava\/"},"modified":"2019-11-22T11:28:50","modified_gmt":"2019-11-22T14:28:50","slug":"importacao-valoracao-aduaneira-no-brasil-ava","status":"publish","type":"post","link":"https:\/\/dbtesser.com.br\/en\/importacao-valoracao-aduaneira-no-brasil-ava\/","title":{"rendered":"Aplica\u00e7\u00e3o do Acordo sobre Valora\u00e7\u00e3o Aduaneira no Brasil (AVA)"},"content":{"rendered":"<div class=\"wp-block-image\"><figure class=\"aligncenter\"><img decoding=\"async\" src=\"https:\/\/dbtesser.com.br\/wp-content\/uploads\/2026\/02\/22.11-1.jpg\" alt=\"importacaoimporta\u00e7\u00e3ovalora\u00e7\u00e3o aduaneirareceita federal\" class=\"wp-image-676\"\/><\/figure><\/div>\n\n\n\n<p>Tendo em vista que compete \u00e0 Secretaria da Receita Federal do Brasil (RFB) a fiscaliza\u00e7\u00e3o de todos os atos inerentes \u00e0 opera\u00e7\u00e3o de importa\u00e7\u00e3o, o valor das mercadorias oriundo de transa\u00e7\u00f5es internacionais passou a ser objeto de longas discuss\u00f5es perante a seara administrativa, e, na maioria das vezes, prolongadas at\u00e9 a judicial.<\/p>\n\n\n\n<p>Os pa\u00edses signat\u00e1rios, membros da Organiza\u00e7\u00e3o Mundial do\nCom\u00e9rcio (OMC), assumiram o compromisso de cumprir o ordenamento, adotando, por\nsua vez, seis m\u00e9todos de valora\u00e7\u00e3o, cuja ordem cronol\u00f3gica deve ser\nrigorosamente seguida.<\/p>\n\n\n\n<p>Dentre eles, destacam-se:<\/p>\n\n\n\n<p><strong>1\u00ba &#8211; M\u00e9todo: valor da transa\u00e7\u00e3o<\/strong>;<\/p>\n\n\n\n<p>2\u00ba &#8211; M\u00e9todo: valor de transa\u00e7\u00e3o de mercadorias id\u00eanticas;<\/p>\n\n\n\n<p>3\u00ba &#8211; M\u00e9todo: valor de transa\u00e7\u00e3o de mercadorias similares;<\/p>\n\n\n\n<p>4\u00ba &#8211; M\u00e9todo: valor da revenda;<\/p>\n\n\n\n<p>5\u00ba &#8211; M\u00e9todo: valor do custo de produ\u00e7\u00e3o;<\/p>\n\n\n\n<p>6\u00ba &#8211; M\u00e9todo: crit\u00e9rio da razoabilidade.<\/p>\n\n\n\n<p>Assim, depreende-se da leitura do Acordo que o <strong>valor da transa\u00e7\u00e3o (aquele constante na\nDeclara\u00e7\u00e3o de Importa\u00e7\u00e3o)<\/strong>, isto \u00e9, o pre\u00e7o efetivamente pago ou a pagar\npela mercadoria importada, \u00e9 o primeiro m\u00e9todo de valora\u00e7\u00e3o aduaneira e deve\nter a sua ordem respeitada.<\/p>\n\n\n\n<p>Frise-se, somente na impossibilidade da utiliza\u00e7\u00e3o de um\nm\u00e9todo \u00e9 que se pode prosseguir para a aplica\u00e7\u00e3o do subsequente, determina\u00e7\u00e3o\nque, em diversos casos, n\u00e3o \u00e9 respeitada pela RFB e acaba gerando\nreivindica\u00e7\u00f5es adicionais em face do contribuinte.<\/p>\n\n\n\n<p>Pr\u00e1tica corriqueira para apurar o valor aduaneiro atinente\nao exerc\u00edcio comercial de determinada empresa tem sido a reten\u00e7\u00e3o da mercadoria\npara tal verifica\u00e7\u00e3o, no entanto, a previs\u00e3o jur\u00eddica contempla que <strong>a an\u00e1lise deve ser feita ap\u00f3s o despacho\naduaneiro de importa\u00e7\u00e3o<\/strong>.<\/p>\n\n\n\n<p>Muitas vezes, portanto, os operadores do com\u00e9rcio exterior\nsofrem com exa\u00e7\u00f5es indevidas advindas dos abusos praticados pela RFB e, por\nesse motivo, devem estar cientes de seus direitos, garantindo o livre exerc\u00edcio\nda atividade econ\u00f4mica ou profissional.<\/p>\n\n\n\n<p>Deste modo, os empres\u00e1rios devem valer-se de orienta\u00e7\u00e3o profissional especializada para se <strong>isentarem das inconsist\u00eancias executadas pela Secretaria da Receita Federal do Brasil<\/strong>, <strong>garantindo a continuidade das atividades empresariais.<\/strong><\/p>\n\n\n\n<p>Put <strong>Gian Lucca Jorri<\/strong>, <em>Advogado, P\u00f3s-graduado em Direito Mar\u00edtimo, Portu\u00e1rio e Aduaneiro pela Universidade Cat\u00f3lica de Santos em 2019 e P\u00f3s-graduando em Direito Tribut\u00e1rio pela Universidade Presbiteriana Mackenzie. OAB: 404.759.<\/em><\/p>","protected":false},"excerpt":{"rendered":"<p>Tendo em vista que compete \u00e0 Secretaria da Receita Federal do Brasil (RFB) a fiscaliza\u00e7\u00e3o de todos os atos inerentes \u00e0 opera\u00e7\u00e3o de importa\u00e7\u00e3o, o valor das mercadorias oriundo de transa\u00e7\u00f5es internacionais passou a ser objeto de longas discuss\u00f5es perante a seara administrativa, e, na maioria das vezes, prolongadas at\u00e9 a judicial. Os pa\u00edses signat\u00e1rios, [&hellip;]<\/p>\n","protected":false},"author":4007,"featured_media":2276,"comment_status":"","ping_status":"open","sticky":false,"template":"","format":"standard","meta":{"footnotes":""},"categories":[23],"tags":[178,182,256,269,270,279,371,428,505],"class_list":["post-2277","post","type-post","status-publish","format-standard","has-post-thumbnail","hentry","category-noticias","tag-direito-aduaneiro","tag-direito-tributario","tag-importacao-2","tag-importacao-e-exportacao-no-brasil","tag-importacao-no-brasil","tag-importadores","tag-omc","tag-receita-federal","tag-valoracao-aduaneira"],"yoast_head":"<!-- This site is optimized with the Yoast SEO plugin v27.2 - https:\/\/yoast.com\/product\/yoast-seo-wordpress\/ -->\n<title>Aplica\u00e7\u00e3o do Acordo sobre Valora\u00e7\u00e3o Aduaneira no Brasil (AVA) | DBTesser Advogados<\/title>\n<meta name=\"robots\" content=\"index, follow, max-snippet:-1, max-image-preview:large, max-video-preview:-1\" \/>\n<link rel=\"canonical\" href=\"https:\/\/dbtesser.com.br\/en\/importacao-valoracao-aduaneira-no-brasil-ava\/\" \/>\n<meta property=\"og:locale\" content=\"en_US\" \/>\n<meta property=\"og:type\" content=\"article\" \/>\n<meta property=\"og:title\" content=\"Aplica\u00e7\u00e3o do Acordo sobre Valora\u00e7\u00e3o Aduaneira no Brasil (AVA) | DBTesser Advogados\" \/>\n<meta property=\"og:description\" content=\"Tendo em vista que compete \u00e0 Secretaria da Receita Federal do Brasil (RFB) a fiscaliza\u00e7\u00e3o de todos os atos inerentes \u00e0 opera\u00e7\u00e3o de importa\u00e7\u00e3o, o valor das mercadorias oriundo de transa\u00e7\u00f5es internacionais passou a ser objeto de longas discuss\u00f5es perante a seara administrativa, e, na maioria das vezes, prolongadas at\u00e9 a judicial. Os pa\u00edses signat\u00e1rios, [&hellip;]\" \/>\n<meta property=\"og:url\" content=\"https:\/\/dbtesser.com.br\/en\/importacao-valoracao-aduaneira-no-brasil-ava\/\" \/>\n<meta property=\"og:site_name\" content=\"DBTesser Advogados\" \/>\n<meta property=\"article:published_time\" content=\"2019-11-22T14:28:50+00:00\" \/>\n<meta property=\"og:image\" content=\"https:\/\/dbtesser.com.br\/wp-content\/uploads\/2026\/02\/22.11-1.jpg\" \/>\n\t<meta property=\"og:image:width\" content=\"800\" \/>\n\t<meta property=\"og:image:height\" content=\"532\" \/>\n\t<meta property=\"og:image:type\" content=\"image\/jpeg\" \/>\n<meta name=\"author\" content=\"DB Tesser\" \/>\n<meta name=\"twitter:card\" content=\"summary_large_image\" \/>\n<meta name=\"twitter:label1\" content=\"Written by\" \/>\n\t<meta name=\"twitter:data1\" content=\"DB Tesser\" \/>\n\t<meta name=\"twitter:label2\" content=\"Est. reading time\" \/>\n\t<meta name=\"twitter:data2\" content=\"2 minutes\" \/>\n<script type=\"application\/ld+json\" class=\"yoast-schema-graph\">{\"@context\":\"https:\/\/schema.org\",\"@graph\":[{\"@type\":\"Article\",\"@id\":\"https:\/\/dbtesser.com.br\/en\/importacao-valoracao-aduaneira-no-brasil-ava\/#article\",\"isPartOf\":{\"@id\":\"https:\/\/dbtesser.com.br\/en\/importacao-valoracao-aduaneira-no-brasil-ava\/\"},\"author\":{\"name\":\"DB Tesser\",\"@id\":\"https:\/\/dbtesser.com.br\/#\/schema\/person\/3414c67f51128e3d927f8011ab737728\"},\"headline\":\"Aplica\u00e7\u00e3o do Acordo sobre Valora\u00e7\u00e3o Aduaneira no Brasil (AVA)\",\"datePublished\":\"2019-11-22T14:28:50+00:00\",\"mainEntityOfPage\":{\"@id\":\"https:\/\/dbtesser.com.br\/en\/importacao-valoracao-aduaneira-no-brasil-ava\/\"},\"wordCount\":404,\"image\":{\"@id\":\"https:\/\/dbtesser.com.br\/en\/importacao-valoracao-aduaneira-no-brasil-ava\/#primaryimage\"},\"thumbnailUrl\":\"https:\/\/dbtesser.com.br\/wp-content\/uploads\/2026\/02\/22.11-1.jpg\",\"keywords\":[\"Direito Aduaneiro\",\"Direito Tribut\u00e1rio\",\"IMPORTA\u00c7\u00c3O\",\"Importa\u00e7\u00e3o e Exporta\u00e7\u00e3o no Brasil\",\"Importa\u00e7\u00e3o no Brasil\",\"Importadores\",\"OMC\",\"Receita Federal\",\"valora\u00e7\u00e3o aduaneira\"],\"articleSection\":[\"Not\u00edcias\"],\"inLanguage\":\"en-US\"},{\"@type\":\"WebPage\",\"@id\":\"https:\/\/dbtesser.com.br\/en\/importacao-valoracao-aduaneira-no-brasil-ava\/\",\"url\":\"https:\/\/dbtesser.com.br\/en\/importacao-valoracao-aduaneira-no-brasil-ava\/\",\"name\":\"Aplica\u00e7\u00e3o do Acordo sobre Valora\u00e7\u00e3o Aduaneira no Brasil (AVA) | DBTesser Advogados\",\"isPartOf\":{\"@id\":\"https:\/\/dbtesser.com.br\/#website\"},\"primaryImageOfPage\":{\"@id\":\"https:\/\/dbtesser.com.br\/en\/importacao-valoracao-aduaneira-no-brasil-ava\/#primaryimage\"},\"image\":{\"@id\":\"https:\/\/dbtesser.com.br\/en\/importacao-valoracao-aduaneira-no-brasil-ava\/#primaryimage\"},\"thumbnailUrl\":\"https:\/\/dbtesser.com.br\/wp-content\/uploads\/2026\/02\/22.11-1.jpg\",\"datePublished\":\"2019-11-22T14:28:50+00:00\",\"author\":{\"@id\":\"https:\/\/dbtesser.com.br\/#\/schema\/person\/3414c67f51128e3d927f8011ab737728\"},\"breadcrumb\":{\"@id\":\"https:\/\/dbtesser.com.br\/en\/importacao-valoracao-aduaneira-no-brasil-ava\/#breadcrumb\"},\"inLanguage\":\"en-US\",\"potentialAction\":[{\"@type\":\"ReadAction\",\"target\":[\"https:\/\/dbtesser.com.br\/en\/importacao-valoracao-aduaneira-no-brasil-ava\/\"]}]},{\"@type\":\"ImageObject\",\"inLanguage\":\"en-US\",\"@id\":\"https:\/\/dbtesser.com.br\/en\/importacao-valoracao-aduaneira-no-brasil-ava\/#primaryimage\",\"url\":\"https:\/\/dbtesser.com.br\/wp-content\/uploads\/2026\/02\/22.11-1.jpg\",\"contentUrl\":\"https:\/\/dbtesser.com.br\/wp-content\/uploads\/2026\/02\/22.11-1.jpg\",\"width\":800,\"height\":532},{\"@type\":\"BreadcrumbList\",\"@id\":\"https:\/\/dbtesser.com.br\/en\/importacao-valoracao-aduaneira-no-brasil-ava\/#breadcrumb\",\"itemListElement\":[{\"@type\":\"ListItem\",\"position\":1,\"name\":\"In\u00edcio\",\"item\":\"https:\/\/dbtesser.com.br\/en\/\"},{\"@type\":\"ListItem\",\"position\":2,\"name\":\"Aplica\u00e7\u00e3o do Acordo sobre Valora\u00e7\u00e3o Aduaneira no Brasil (AVA)\"}]},{\"@type\":\"WebSite\",\"@id\":\"https:\/\/dbtesser.com.br\/#website\",\"url\":\"https:\/\/dbtesser.com.br\/\",\"name\":\"DB Tesser Advogados\",\"description\":\"\",\"potentialAction\":[{\"@type\":\"SearchAction\",\"target\":{\"@type\":\"EntryPoint\",\"urlTemplate\":\"https:\/\/dbtesser.com.br\/?s={search_term_string}\"},\"query-input\":{\"@type\":\"PropertyValueSpecification\",\"valueRequired\":true,\"valueName\":\"search_term_string\"}}],\"inLanguage\":\"en-US\"},{\"@type\":\"Person\",\"@id\":\"https:\/\/dbtesser.com.br\/#\/schema\/person\/3414c67f51128e3d927f8011ab737728\",\"name\":\"DB Tesser\",\"url\":\"https:\/\/dbtesser.com.br\/en\/author\/db-tesser\/\"}]}<\/script>\n<!-- \/ Yoast SEO plugin. -->","yoast_head_json":{"title":"Aplica\u00e7\u00e3o do Acordo sobre Valora\u00e7\u00e3o Aduaneira no Brasil (AVA) | DBTesser Advogados","robots":{"index":"index","follow":"follow","max-snippet":"max-snippet:-1","max-image-preview":"max-image-preview:large","max-video-preview":"max-video-preview:-1"},"canonical":"https:\/\/dbtesser.com.br\/en\/importacao-valoracao-aduaneira-no-brasil-ava\/","og_locale":"en_US","og_type":"article","og_title":"Aplica\u00e7\u00e3o do Acordo sobre Valora\u00e7\u00e3o Aduaneira no Brasil (AVA) | DBTesser Advogados","og_description":"Tendo em vista que compete \u00e0 Secretaria da Receita Federal do Brasil (RFB) a fiscaliza\u00e7\u00e3o de todos os atos inerentes \u00e0 opera\u00e7\u00e3o de importa\u00e7\u00e3o, o valor das mercadorias oriundo de transa\u00e7\u00f5es internacionais passou a ser objeto de longas discuss\u00f5es perante a seara administrativa, e, na maioria das vezes, prolongadas at\u00e9 a judicial. Os pa\u00edses signat\u00e1rios, [&hellip;]","og_url":"https:\/\/dbtesser.com.br\/en\/importacao-valoracao-aduaneira-no-brasil-ava\/","og_site_name":"DBTesser Advogados","article_published_time":"2019-11-22T14:28:50+00:00","og_image":[{"width":800,"height":532,"url":"https:\/\/dbtesser.com.br\/wp-content\/uploads\/2026\/02\/22.11-1.jpg","type":"image\/jpeg"}],"author":"DB Tesser","twitter_card":"summary_large_image","twitter_misc":{"Written by":"DB Tesser","Est. reading time":"2 minutes"},"schema":{"@context":"https:\/\/schema.org","@graph":[{"@type":"Article","@id":"https:\/\/dbtesser.com.br\/en\/importacao-valoracao-aduaneira-no-brasil-ava\/#article","isPartOf":{"@id":"https:\/\/dbtesser.com.br\/en\/importacao-valoracao-aduaneira-no-brasil-ava\/"},"author":{"name":"DB Tesser","@id":"https:\/\/dbtesser.com.br\/#\/schema\/person\/3414c67f51128e3d927f8011ab737728"},"headline":"Aplica\u00e7\u00e3o do Acordo sobre Valora\u00e7\u00e3o Aduaneira no Brasil (AVA)","datePublished":"2019-11-22T14:28:50+00:00","mainEntityOfPage":{"@id":"https:\/\/dbtesser.com.br\/en\/importacao-valoracao-aduaneira-no-brasil-ava\/"},"wordCount":404,"image":{"@id":"https:\/\/dbtesser.com.br\/en\/importacao-valoracao-aduaneira-no-brasil-ava\/#primaryimage"},"thumbnailUrl":"https:\/\/dbtesser.com.br\/wp-content\/uploads\/2026\/02\/22.11-1.jpg","keywords":["Direito Aduaneiro","Direito Tribut\u00e1rio","IMPORTA\u00c7\u00c3O","Importa\u00e7\u00e3o e Exporta\u00e7\u00e3o no Brasil","Importa\u00e7\u00e3o no Brasil","Importadores","OMC","Receita Federal","valora\u00e7\u00e3o aduaneira"],"articleSection":["Not\u00edcias"],"inLanguage":"en-US"},{"@type":"WebPage","@id":"https:\/\/dbtesser.com.br\/en\/importacao-valoracao-aduaneira-no-brasil-ava\/","url":"https:\/\/dbtesser.com.br\/en\/importacao-valoracao-aduaneira-no-brasil-ava\/","name":"Aplica\u00e7\u00e3o do Acordo sobre Valora\u00e7\u00e3o Aduaneira no Brasil (AVA) | DBTesser Advogados","isPartOf":{"@id":"https:\/\/dbtesser.com.br\/#website"},"primaryImageOfPage":{"@id":"https:\/\/dbtesser.com.br\/en\/importacao-valoracao-aduaneira-no-brasil-ava\/#primaryimage"},"image":{"@id":"https:\/\/dbtesser.com.br\/en\/importacao-valoracao-aduaneira-no-brasil-ava\/#primaryimage"},"thumbnailUrl":"https:\/\/dbtesser.com.br\/wp-content\/uploads\/2026\/02\/22.11-1.jpg","datePublished":"2019-11-22T14:28:50+00:00","author":{"@id":"https:\/\/dbtesser.com.br\/#\/schema\/person\/3414c67f51128e3d927f8011ab737728"},"breadcrumb":{"@id":"https:\/\/dbtesser.com.br\/en\/importacao-valoracao-aduaneira-no-brasil-ava\/#breadcrumb"},"inLanguage":"en-US","potentialAction":[{"@type":"ReadAction","target":["https:\/\/dbtesser.com.br\/en\/importacao-valoracao-aduaneira-no-brasil-ava\/"]}]},{"@type":"ImageObject","inLanguage":"en-US","@id":"https:\/\/dbtesser.com.br\/en\/importacao-valoracao-aduaneira-no-brasil-ava\/#primaryimage","url":"https:\/\/dbtesser.com.br\/wp-content\/uploads\/2026\/02\/22.11-1.jpg","contentUrl":"https:\/\/dbtesser.com.br\/wp-content\/uploads\/2026\/02\/22.11-1.jpg","width":800,"height":532},{"@type":"BreadcrumbList","@id":"https:\/\/dbtesser.com.br\/en\/importacao-valoracao-aduaneira-no-brasil-ava\/#breadcrumb","itemListElement":[{"@type":"ListItem","position":1,"name":"In\u00edcio","item":"https:\/\/dbtesser.com.br\/en\/"},{"@type":"ListItem","position":2,"name":"Aplica\u00e7\u00e3o do Acordo sobre Valora\u00e7\u00e3o Aduaneira no Brasil (AVA)"}]},{"@type":"WebSite","@id":"https:\/\/dbtesser.com.br\/#website","url":"https:\/\/dbtesser.com.br\/","name":"DB Tesser Lawyers","description":"","potentialAction":[{"@type":"SearchAction","target":{"@type":"EntryPoint","urlTemplate":"https:\/\/dbtesser.com.br\/?s={search_term_string}"},"query-input":{"@type":"PropertyValueSpecification","valueRequired":true,"valueName":"search_term_string"}}],"inLanguage":"en-US"},{"@type":"Person","@id":"https:\/\/dbtesser.com.br\/#\/schema\/person\/3414c67f51128e3d927f8011ab737728","name":"DB Tesser","url":"https:\/\/dbtesser.com.br\/en\/author\/db-tesser\/"}]}},"_links":{"self":[{"href":"https:\/\/dbtesser.com.br\/en\/wp-json\/wp\/v2\/posts\/2277","targetHints":{"allow":["GET"]}}],"collection":[{"href":"https:\/\/dbtesser.com.br\/en\/wp-json\/wp\/v2\/posts"}],"about":[{"href":"https:\/\/dbtesser.com.br\/en\/wp-json\/wp\/v2\/types\/post"}],"author":[{"embeddable":true,"href":"https:\/\/dbtesser.com.br\/en\/wp-json\/wp\/v2\/users\/4007"}],"replies":[{"embeddable":true,"href":"https:\/\/dbtesser.com.br\/en\/wp-json\/wp\/v2\/comments?post=2277"}],"version-history":[{"count":0,"href":"https:\/\/dbtesser.com.br\/en\/wp-json\/wp\/v2\/posts\/2277\/revisions"}],"wp:featuredmedia":[{"embeddable":true,"href":"https:\/\/dbtesser.com.br\/en\/wp-json\/wp\/v2\/media\/2276"}],"wp:attachment":[{"href":"https:\/\/dbtesser.com.br\/en\/wp-json\/wp\/v2\/media?parent=2277"}],"wp:term":[{"taxonomy":"category","embeddable":true,"href":"https:\/\/dbtesser.com.br\/en\/wp-json\/wp\/v2\/categories?post=2277"},{"taxonomy":"post_tag","embeddable":true,"href":"https:\/\/dbtesser.com.br\/en\/wp-json\/wp\/v2\/tags?post=2277"}],"curies":[{"name":"wp","href":"https:\/\/api.w.org\/{rel}","templated":true}]}}