{"id":2279,"date":"2019-11-19T10:22:24","date_gmt":"2019-11-19T13:22:24","guid":{"rendered":"https:\/\/dbtesser.siteup.dev\/importacao-empresario-que-deseja-ingressar-no-comercio-exterior\/"},"modified":"2019-11-19T10:22:24","modified_gmt":"2019-11-19T13:22:24","slug":"importacao-empresario-que-deseja-ingressar-no-comercio-exterior","status":"publish","type":"post","link":"https:\/\/dbtesser.com.br\/en\/importacao-empresario-que-deseja-ingressar-no-comercio-exterior\/","title":{"rendered":"Aten\u00e7\u00e3o empres\u00e1rio que deseja ingressar no Com\u00e9rcio Exterior"},"content":{"rendered":"<div class=\"wp-block-image\"><figure class=\"aligncenter\"><img decoding=\"async\" src=\"https:\/\/dbtesser.com.br\/wp-content\/uploads\/2026\/02\/SITE-19.11-1.jpg\" alt=\"importarempres\u00e1rioimporta\u00e7\u00e3oimportacaocomercio exteriorreceita federal\" class=\"wp-image-669\"\/><\/figure><\/div>\n\n\n\n<p>A <strong>Brazilian Federal Revenue Service<\/strong>, a fim de fomentar o desenvolvimento econ\u00f4mico e social do pa\u00eds <strong>implantou diversas medidas com intuito de facilitar o ingresso de novas empresas no Com\u00e9rcio Exterior<\/strong> ap\u00f3s lan\u00e7ar o Portal Habilita no Portal \u00danico de Com\u00e9rcio Exterior.<\/p>\n\n\n\n<p>O portal permite \u00e0s\nempresas solicitarem via internet a habilita\u00e7\u00e3o para operarem no exterior\nmediante a utiliza\u00e7\u00e3o de certificado digital, procedimento que visa agilidade e\nredu\u00e7\u00e3o da burocracia, permanece buscando novos meios de desburocratizar a\nsistem\u00e1tica.<\/p>\n\n\n\n<p>Agora a Receita Federal mostra \u00e0s pessoas interessadas em ingressar no mercado externo o caminho para sua habilita\u00e7\u00e3o, de modo did\u00e1tico e detalhado, voltado para cada caso especificamente.<\/p>\n\n\n\n<p>A novidade, portanto, \u00e9\na possibilidade de consulta aos Roteiros de Habilita\u00e7\u00e3o para Pessoas Diversas,\natrav\u00e9s dos quais o leitor poder\u00e1 identificar o seu perfil e acessar uma p\u00e1gina\nespec\u00edfica de informa\u00e7\u00f5es com todas as orienta\u00e7\u00f5es necess\u00e1rias para sua\nhabilita\u00e7\u00e3o, o que, por sua vez, permitir\u00e1 sua atua\u00e7\u00e3o no Com\u00e9rcio Exterior, na\nmaioria dos casos, imediatamente, inclusive.<\/p>\n\n\n\n<p>Logo, ser\u00e1 poss\u00edvel por\nmeio de an\u00e1lise ao <em>site <\/em>da Receita\nFederal consultar o roteiro espec\u00edfico aplic\u00e1vel \u00e0 sua empresa ou at\u00e9 mesmo \u00e0s\npessoas f\u00edsicas.<\/p>\n\n\n\n<p>Para tanto, vale a\norienta\u00e7\u00e3o de um profissional para auxiliar os interessados, facilitando o\nacesso ao mercado internacional.<\/p>\n\n\n\n<p>Source: <a href=\"http:\/\/receita.economia.gov.br\/orientacao\/aduaneira\/manuais\/noticias-aduaneiras\/receita-federal-desburocratiza-facilita-e-mostra-ao-empresario-como-ingressar-no-comercio-exterior\">Federal Revenue Service<\/a><\/p>\n\n\n\n<p>Put <strong>Gian Lucca Jorri,<\/strong><em>Advogado, Formado em Direito em 2016&nbsp;pela Universidade Cat\u00f3lica de Santos. \u00c1rea de Atua\u00e7\u00e3o: Direito Aduaneiro e Direito Tribut\u00e1rio,                 OAB: 404.759.<\/em><\/p>\n\n\n\n<p><strong><a href=\"https:\/\/dbtesser.com.br\/en\/#contato\">If you have any questions, please contact our specialized team so we can assist you.<\/a><\/strong><\/p>","protected":false},"excerpt":{"rendered":"<p>A Receita Federal do Brasil, a fim de fomentar o desenvolvimento econ\u00f4mico e social do pa\u00eds implantou diversas medidas com intuito de facilitar o ingresso de novas empresas no Com\u00e9rcio Exterior ap\u00f3s lan\u00e7ar o Portal Habilita no Portal \u00danico de Com\u00e9rcio Exterior. O portal permite \u00e0s empresas solicitarem via internet a habilita\u00e7\u00e3o para operarem no [&hellip;]<\/p>\n","protected":false},"author":4007,"featured_media":669,"comment_status":"","ping_status":"open","sticky":false,"template":"","format":"standard","meta":{"footnotes":""},"categories":[23],"tags":[116,118,178,182,204,256,269,270,279,428],"class_list":["post-2279","post","type-post","status-publish","format-standard","has-post-thumbnail","hentry","category-noticias","tag-comercio-exterior","tag-comercio-internacional","tag-direito-aduaneiro","tag-direito-tributario","tag-empresarial","tag-importacao-2","tag-importacao-e-exportacao-no-brasil","tag-importacao-no-brasil","tag-importadores","tag-receita-federal"],"yoast_head":"<!-- This site is optimized with the Yoast SEO plugin v27.2 - https:\/\/yoast.com\/product\/yoast-seo-wordpress\/ -->\n<title>Aten\u00e7\u00e3o empres\u00e1rio que deseja ingressar no Com\u00e9rcio Exterior | DBTesser Advogados<\/title>\n<meta name=\"robots\" content=\"index, follow, max-snippet:-1, max-image-preview:large, max-video-preview:-1\" \/>\n<link rel=\"canonical\" href=\"https:\/\/palegreen-chinchilla-672815.hostingersite.com\/en\/importacao-empresario-que-deseja-ingressar-no-comercio-exterior\/\" \/>\n<meta property=\"og:locale\" content=\"en_US\" \/>\n<meta property=\"og:type\" content=\"article\" \/>\n<meta property=\"og:title\" content=\"Aten\u00e7\u00e3o empres\u00e1rio que deseja ingressar no Com\u00e9rcio Exterior | DBTesser Advogados\" \/>\n<meta property=\"og:description\" content=\"A Receita Federal do Brasil, a fim de fomentar o desenvolvimento econ\u00f4mico e social do pa\u00eds implantou diversas medidas com intuito de facilitar o ingresso de novas empresas no Com\u00e9rcio Exterior ap\u00f3s lan\u00e7ar o Portal Habilita no Portal \u00danico de Com\u00e9rcio Exterior. O portal permite \u00e0s empresas solicitarem via internet a habilita\u00e7\u00e3o para operarem no [&hellip;]\" \/>\n<meta property=\"og:url\" content=\"https:\/\/palegreen-chinchilla-672815.hostingersite.com\/en\/importacao-empresario-que-deseja-ingressar-no-comercio-exterior\/\" \/>\n<meta property=\"og:site_name\" content=\"DBTesser Advogados\" \/>\n<meta property=\"article:published_time\" content=\"2019-11-19T13:22:24+00:00\" \/>\n<meta property=\"og:image\" content=\"https:\/\/palegreen-chinchilla-672815.hostingersite.com\/wp-content\/uploads\/2026\/01\/Quem-Somos-9.webp\" \/>\n\t<meta property=\"og:image:width\" content=\"1920\" \/>\n\t<meta property=\"og:image:height\" content=\"1280\" \/>\n\t<meta property=\"og:image:type\" content=\"image\/webp\" \/>\n<meta name=\"author\" content=\"DB Tesser\" \/>\n<meta name=\"twitter:card\" content=\"summary_large_image\" \/>\n<meta name=\"twitter:label1\" content=\"Written by\" \/>\n\t<meta name=\"twitter:data1\" content=\"DB Tesser\" \/>\n\t<meta name=\"twitter:label2\" content=\"Est. reading time\" \/>\n\t<meta name=\"twitter:data2\" content=\"1 minute\" \/>\n<script type=\"application\/ld+json\" class=\"yoast-schema-graph\">{\"@context\":\"https:\/\/schema.org\",\"@graph\":[{\"@type\":\"Article\",\"@id\":\"https:\/\/palegreen-chinchilla-672815.hostingersite.com\/en\/importacao-empresario-que-deseja-ingressar-no-comercio-exterior\/#article\",\"isPartOf\":{\"@id\":\"https:\/\/palegreen-chinchilla-672815.hostingersite.com\/en\/importacao-empresario-que-deseja-ingressar-no-comercio-exterior\/\"},\"author\":{\"name\":\"DB Tesser\",\"@id\":\"https:\/\/dbtesser.com.br\/en\/#\/schema\/person\/3414c67f51128e3d927f8011ab737728\"},\"headline\":\"Aten\u00e7\u00e3o empres\u00e1rio que deseja ingressar no Com\u00e9rcio Exterior\",\"datePublished\":\"2019-11-19T13:22:24+00:00\",\"mainEntityOfPage\":{\"@id\":\"https:\/\/palegreen-chinchilla-672815.hostingersite.com\/en\/importacao-empresario-que-deseja-ingressar-no-comercio-exterior\/\"},\"wordCount\":292,\"image\":{\"@id\":\"https:\/\/palegreen-chinchilla-672815.hostingersite.com\/en\/importacao-empresario-que-deseja-ingressar-no-comercio-exterior\/#primaryimage\"},\"thumbnailUrl\":\"https:\/\/dbtesser.com.br\/wp-content\/uploads\/2026\/01\/Quem-Somos-9.webp\",\"keywords\":[\"Com\u00e9rcio Exterior\",\"Com\u00e9rcio Internacional\",\"Direito Aduaneiro\",\"Direito Tribut\u00e1rio\",\"Empresarial\",\"IMPORTA\u00c7\u00c3O\",\"Importa\u00e7\u00e3o e Exporta\u00e7\u00e3o no Brasil\",\"Importa\u00e7\u00e3o no Brasil\",\"Importadores\",\"Receita Federal\"],\"articleSection\":[\"Not\u00edcias\"],\"inLanguage\":\"en-US\"},{\"@type\":\"WebPage\",\"@id\":\"https:\/\/palegreen-chinchilla-672815.hostingersite.com\/en\/importacao-empresario-que-deseja-ingressar-no-comercio-exterior\/\",\"url\":\"https:\/\/palegreen-chinchilla-672815.hostingersite.com\/en\/importacao-empresario-que-deseja-ingressar-no-comercio-exterior\/\",\"name\":\"Aten\u00e7\u00e3o empres\u00e1rio que deseja ingressar no Com\u00e9rcio Exterior | DBTesser Advogados\",\"isPartOf\":{\"@id\":\"https:\/\/dbtesser.com.br\/en\/#website\"},\"primaryImageOfPage\":{\"@id\":\"https:\/\/palegreen-chinchilla-672815.hostingersite.com\/en\/importacao-empresario-que-deseja-ingressar-no-comercio-exterior\/#primaryimage\"},\"image\":{\"@id\":\"https:\/\/palegreen-chinchilla-672815.hostingersite.com\/en\/importacao-empresario-que-deseja-ingressar-no-comercio-exterior\/#primaryimage\"},\"thumbnailUrl\":\"https:\/\/dbtesser.com.br\/wp-content\/uploads\/2026\/01\/Quem-Somos-9.webp\",\"datePublished\":\"2019-11-19T13:22:24+00:00\",\"author\":{\"@id\":\"https:\/\/dbtesser.com.br\/en\/#\/schema\/person\/3414c67f51128e3d927f8011ab737728\"},\"breadcrumb\":{\"@id\":\"https:\/\/palegreen-chinchilla-672815.hostingersite.com\/en\/importacao-empresario-que-deseja-ingressar-no-comercio-exterior\/#breadcrumb\"},\"inLanguage\":\"en-US\",\"potentialAction\":[{\"@type\":\"ReadAction\",\"target\":[\"https:\/\/palegreen-chinchilla-672815.hostingersite.com\/en\/importacao-empresario-que-deseja-ingressar-no-comercio-exterior\/\"]}]},{\"@type\":\"ImageObject\",\"inLanguage\":\"en-US\",\"@id\":\"https:\/\/palegreen-chinchilla-672815.hostingersite.com\/en\/importacao-empresario-que-deseja-ingressar-no-comercio-exterior\/#primaryimage\",\"url\":\"https:\/\/dbtesser.com.br\/wp-content\/uploads\/2026\/01\/Quem-Somos-9.webp\",\"contentUrl\":\"https:\/\/dbtesser.com.br\/wp-content\/uploads\/2026\/01\/Quem-Somos-9.webp\",\"width\":1920,\"height\":1280,\"caption\":\"Quem Somos ()\"},{\"@type\":\"BreadcrumbList\",\"@id\":\"https:\/\/palegreen-chinchilla-672815.hostingersite.com\/en\/importacao-empresario-que-deseja-ingressar-no-comercio-exterior\/#breadcrumb\",\"itemListElement\":[{\"@type\":\"ListItem\",\"position\":1,\"name\":\"In\u00edcio\",\"item\":\"https:\/\/palegreen-chinchilla-672815.hostingersite.com\/en\/\"},{\"@type\":\"ListItem\",\"position\":2,\"name\":\"Aten\u00e7\u00e3o empres\u00e1rio que deseja ingressar no Com\u00e9rcio Exterior\"}]},{\"@type\":\"WebSite\",\"@id\":\"https:\/\/dbtesser.com.br\/en\/#website\",\"url\":\"https:\/\/dbtesser.com.br\/en\/\",\"name\":\"DB Tesser Advogados\",\"description\":\"\",\"potentialAction\":[{\"@type\":\"SearchAction\",\"target\":{\"@type\":\"EntryPoint\",\"urlTemplate\":\"https:\/\/dbtesser.com.br\/en\/?s={search_term_string}\"},\"query-input\":{\"@type\":\"PropertyValueSpecification\",\"valueRequired\":true,\"valueName\":\"search_term_string\"}}],\"inLanguage\":\"en-US\"},{\"@type\":\"Person\",\"@id\":\"https:\/\/dbtesser.com.br\/en\/#\/schema\/person\/3414c67f51128e3d927f8011ab737728\",\"name\":\"DB Tesser\",\"url\":\"https:\/\/dbtesser.com.br\/en\/author\/db-tesser\/\"}]}<\/script>\n<!-- \/ Yoast SEO plugin. -->","yoast_head_json":{"title":"Aten\u00e7\u00e3o empres\u00e1rio que deseja ingressar no Com\u00e9rcio Exterior | DBTesser Advogados","robots":{"index":"index","follow":"follow","max-snippet":"max-snippet:-1","max-image-preview":"max-image-preview:large","max-video-preview":"max-video-preview:-1"},"canonical":"https:\/\/palegreen-chinchilla-672815.hostingersite.com\/en\/importacao-empresario-que-deseja-ingressar-no-comercio-exterior\/","og_locale":"en_US","og_type":"article","og_title":"Aten\u00e7\u00e3o empres\u00e1rio que deseja ingressar no Com\u00e9rcio Exterior | DBTesser Advogados","og_description":"A Receita Federal do Brasil, a fim de fomentar o desenvolvimento econ\u00f4mico e social do pa\u00eds implantou diversas medidas com intuito de facilitar o ingresso de novas empresas no Com\u00e9rcio Exterior ap\u00f3s lan\u00e7ar o Portal Habilita no Portal \u00danico de Com\u00e9rcio Exterior. O portal permite \u00e0s empresas solicitarem via internet a habilita\u00e7\u00e3o para operarem no [&hellip;]","og_url":"https:\/\/palegreen-chinchilla-672815.hostingersite.com\/en\/importacao-empresario-que-deseja-ingressar-no-comercio-exterior\/","og_site_name":"DBTesser Advogados","article_published_time":"2019-11-19T13:22:24+00:00","og_image":[{"width":1920,"height":1280,"url":"https:\/\/palegreen-chinchilla-672815.hostingersite.com\/wp-content\/uploads\/2026\/01\/Quem-Somos-9.webp","type":"image\/webp"}],"author":"DB Tesser","twitter_card":"summary_large_image","twitter_misc":{"Written by":"DB Tesser","Est. reading time":"1 minute"},"schema":{"@context":"https:\/\/schema.org","@graph":[{"@type":"Article","@id":"https:\/\/palegreen-chinchilla-672815.hostingersite.com\/en\/importacao-empresario-que-deseja-ingressar-no-comercio-exterior\/#article","isPartOf":{"@id":"https:\/\/palegreen-chinchilla-672815.hostingersite.com\/en\/importacao-empresario-que-deseja-ingressar-no-comercio-exterior\/"},"author":{"name":"DB Tesser","@id":"https:\/\/dbtesser.com.br\/en\/#\/schema\/person\/3414c67f51128e3d927f8011ab737728"},"headline":"Aten\u00e7\u00e3o empres\u00e1rio que deseja ingressar no Com\u00e9rcio Exterior","datePublished":"2019-11-19T13:22:24+00:00","mainEntityOfPage":{"@id":"https:\/\/palegreen-chinchilla-672815.hostingersite.com\/en\/importacao-empresario-que-deseja-ingressar-no-comercio-exterior\/"},"wordCount":292,"image":{"@id":"https:\/\/palegreen-chinchilla-672815.hostingersite.com\/en\/importacao-empresario-que-deseja-ingressar-no-comercio-exterior\/#primaryimage"},"thumbnailUrl":"https:\/\/dbtesser.com.br\/wp-content\/uploads\/2026\/01\/Quem-Somos-9.webp","keywords":["Com\u00e9rcio Exterior","Com\u00e9rcio Internacional","Direito Aduaneiro","Direito Tribut\u00e1rio","Empresarial","IMPORTA\u00c7\u00c3O","Importa\u00e7\u00e3o e Exporta\u00e7\u00e3o no Brasil","Importa\u00e7\u00e3o no Brasil","Importadores","Receita Federal"],"articleSection":["Not\u00edcias"],"inLanguage":"en-US"},{"@type":"WebPage","@id":"https:\/\/palegreen-chinchilla-672815.hostingersite.com\/en\/importacao-empresario-que-deseja-ingressar-no-comercio-exterior\/","url":"https:\/\/palegreen-chinchilla-672815.hostingersite.com\/en\/importacao-empresario-que-deseja-ingressar-no-comercio-exterior\/","name":"Aten\u00e7\u00e3o empres\u00e1rio que deseja ingressar no Com\u00e9rcio Exterior | DBTesser Advogados","isPartOf":{"@id":"https:\/\/dbtesser.com.br\/en\/#website"},"primaryImageOfPage":{"@id":"https:\/\/palegreen-chinchilla-672815.hostingersite.com\/en\/importacao-empresario-que-deseja-ingressar-no-comercio-exterior\/#primaryimage"},"image":{"@id":"https:\/\/palegreen-chinchilla-672815.hostingersite.com\/en\/importacao-empresario-que-deseja-ingressar-no-comercio-exterior\/#primaryimage"},"thumbnailUrl":"https:\/\/dbtesser.com.br\/wp-content\/uploads\/2026\/01\/Quem-Somos-9.webp","datePublished":"2019-11-19T13:22:24+00:00","author":{"@id":"https:\/\/dbtesser.com.br\/en\/#\/schema\/person\/3414c67f51128e3d927f8011ab737728"},"breadcrumb":{"@id":"https:\/\/palegreen-chinchilla-672815.hostingersite.com\/en\/importacao-empresario-que-deseja-ingressar-no-comercio-exterior\/#breadcrumb"},"inLanguage":"en-US","potentialAction":[{"@type":"ReadAction","target":["https:\/\/palegreen-chinchilla-672815.hostingersite.com\/en\/importacao-empresario-que-deseja-ingressar-no-comercio-exterior\/"]}]},{"@type":"ImageObject","inLanguage":"en-US","@id":"https:\/\/palegreen-chinchilla-672815.hostingersite.com\/en\/importacao-empresario-que-deseja-ingressar-no-comercio-exterior\/#primaryimage","url":"https:\/\/dbtesser.com.br\/wp-content\/uploads\/2026\/01\/Quem-Somos-9.webp","contentUrl":"https:\/\/dbtesser.com.br\/wp-content\/uploads\/2026\/01\/Quem-Somos-9.webp","width":1920,"height":1280,"caption":"Quem Somos ()"},{"@type":"BreadcrumbList","@id":"https:\/\/palegreen-chinchilla-672815.hostingersite.com\/en\/importacao-empresario-que-deseja-ingressar-no-comercio-exterior\/#breadcrumb","itemListElement":[{"@type":"ListItem","position":1,"name":"In\u00edcio","item":"https:\/\/palegreen-chinchilla-672815.hostingersite.com\/en\/"},{"@type":"ListItem","position":2,"name":"Aten\u00e7\u00e3o empres\u00e1rio que deseja ingressar no Com\u00e9rcio Exterior"}]},{"@type":"WebSite","@id":"https:\/\/dbtesser.com.br\/en\/#website","url":"https:\/\/dbtesser.com.br\/en\/","name":"DB Tesser Lawyers","description":"","potentialAction":[{"@type":"SearchAction","target":{"@type":"EntryPoint","urlTemplate":"https:\/\/dbtesser.com.br\/en\/?s={search_term_string}"},"query-input":{"@type":"PropertyValueSpecification","valueRequired":true,"valueName":"search_term_string"}}],"inLanguage":"en-US"},{"@type":"Person","@id":"https:\/\/dbtesser.com.br\/en\/#\/schema\/person\/3414c67f51128e3d927f8011ab737728","name":"DB Tesser","url":"https:\/\/dbtesser.com.br\/en\/author\/db-tesser\/"}]}},"_links":{"self":[{"href":"https:\/\/dbtesser.com.br\/en\/wp-json\/wp\/v2\/posts\/2279","targetHints":{"allow":["GET"]}}],"collection":[{"href":"https:\/\/dbtesser.com.br\/en\/wp-json\/wp\/v2\/posts"}],"about":[{"href":"https:\/\/dbtesser.com.br\/en\/wp-json\/wp\/v2\/types\/post"}],"author":[{"embeddable":true,"href":"https:\/\/dbtesser.com.br\/en\/wp-json\/wp\/v2\/users\/4007"}],"replies":[{"embeddable":true,"href":"https:\/\/dbtesser.com.br\/en\/wp-json\/wp\/v2\/comments?post=2279"}],"version-history":[{"count":0,"href":"https:\/\/dbtesser.com.br\/en\/wp-json\/wp\/v2\/posts\/2279\/revisions"}],"wp:featuredmedia":[{"embeddable":true,"href":"https:\/\/dbtesser.com.br\/en\/wp-json\/wp\/v2\/media\/669"}],"wp:attachment":[{"href":"https:\/\/dbtesser.com.br\/en\/wp-json\/wp\/v2\/media?parent=2279"}],"wp:term":[{"taxonomy":"category","embeddable":true,"href":"https:\/\/dbtesser.com.br\/en\/wp-json\/wp\/v2\/categories?post=2279"},{"taxonomy":"post_tag","embeddable":true,"href":"https:\/\/dbtesser.com.br\/en\/wp-json\/wp\/v2\/tags?post=2279"}],"curies":[{"name":"wp","href":"https:\/\/api.w.org\/{rel}","templated":true}]}}