{"id":2283,"date":"2019-11-11T15:26:10","date_gmt":"2019-11-11T18:26:10","guid":{"rendered":"https:\/\/dbtesser.siteup.dev\/brasil-assina-acordo-com-a-china\/"},"modified":"2019-11-11T15:26:10","modified_gmt":"2019-11-11T18:26:10","slug":"brasil-assina-acordo-com-a-china","status":"publish","type":"post","link":"https:\/\/dbtesser.com.br\/en\/brasil-assina-acordo-com-a-china\/","title":{"rendered":"Brasil assina acordo de reconhecimento m\u00fatuo com a China"},"content":{"rendered":"<div class=\"wp-block-image\"><figure class=\"aligncenter\"><img decoding=\"async\" src=\"https:\/\/dbtesser.com.br\/wp-content\/uploads\/2026\/02\/11-1.jpg\" alt=\"OEAIMPORTA\u00c7\u00c3OIMPORTACAOIMPORTADORIMPORTADORESIMPORTAR DA CHINA\" class=\"wp-image-645\"\/><\/figure><\/div>\n\n\n\n<p>Em viagem \u00e0 China no final de outubro, o presidente Jair Bolsonaro assinou o chamado Acordo de Reconhecimento M\u00fatuo do Programa Operador Econ\u00f4mico Autorizado entre Brasil e China, <strong>visando a facilita\u00e7\u00e3o e seguran\u00e7a no com\u00e9rcio entre os dois pa\u00edses. <\/strong><\/p>\n\n\n\n<p>Esses acordos s\u00e3o volunt\u00e1rios,\nassinados por pa\u00edses que j\u00e1 possuem programa de integridade e buscam viabilizar\nas opera\u00e7\u00f5es entre as partes. <\/p>\n\n\n\n<p>Conforme a Receita Federal, os principais objetivos do acordo s\u00e3o reconhecimento das certifica\u00e7\u00f5es <strong>OEA<\/strong> emitidas pela Aduana do outro pa\u00eds, tratamento priorit\u00e1rio das cargas e consequente redu\u00e7\u00e3o dos custos associados \u00e0 armazenagem, comprometimento rec\u00edproco da oferta de benef\u00edcios compar\u00e1veis, <strong>previsibilidade das transa\u00e7\u00f5es e melhora na competitividade das empresas OEA no com\u00e9rcio internacional.<\/strong><\/p>\n\n\n\n<p>No acordo, <strong>a China ofereceu<\/strong> percentual reduzido de inspe\u00e7\u00e3o documental; percentual relativamente reduzido de inspe\u00e7\u00e3o de mercadorias na importa\u00e7\u00e3o e exporta\u00e7\u00e3o; prioridade de confer\u00eancia de qualquer carga selecionada para inspe\u00e7\u00e3o f\u00edsica; designa\u00e7\u00e3o de um ponto de contato na Aduana Chinesa para comunica\u00e7\u00e3o, com a finalidade de solucionar problemas enfrentados pelos OEA brasileiros durante o despacho aduaneiro na China; concess\u00e3o de prioridade no despacho quando da normaliza\u00e7\u00e3o dos servi\u00e7os ap\u00f3s perturba\u00e7\u00e3o no com\u00e9rcio internacional por for\u00e7a de eleva\u00e7\u00e3o dos n\u00edveis de alerta de seguran\u00e7a, fechamento de fronteiras e\/ou ocorr\u00eancia de desastres naturais, emerg\u00eancias perigosas ou outros incidentes significativos.<\/p>\n\n\n\n<p>A expectativa \u00e9 que <strong>os benef\u00edcios entrem em vig\u00eancia em breve e que se possa n\u00e3o apenas usufruir das prerrogativas outorgadas pela China em rela\u00e7\u00e3o \u00e0s exporta\u00e7\u00f5es brasileiras, mas que tamb\u00e9m os importadores de produtos chineses no Brasil possam, efetivamente ver a contrapartida em suas opera\u00e7\u00f5es.<\/strong><\/p>\n\n\n\n<p><strong>Dois pontos merecem destaque nesse cen\u00e1rio<\/strong>: a possibilidade de se <strong>minimizarem os custos com armazenagem<\/strong>, um \u00f4nus sempre relevante para os importadores, dando-se <strong>prioridade \u00e0s cargas e a previsibilidade nas transa\u00e7\u00f5es<\/strong>. Isso porque na pr\u00e1tica, v\u00ea-se com recorr\u00eancia interpreta\u00e7\u00f5es variadas sobre os mesmos aspectos de uma importa\u00e7\u00e3o, o que traz inseguran\u00e7a jur\u00eddica para quem pretende importar ou j\u00e1 importa da China.<\/p>\n\n\n\n<p><strong>Sua empresa j\u00e1 possui certifica\u00e7\u00e3o OEA para usufruir de todos esses benef\u00edcios e se destacar junto ao maior parceiro comercial do Brasil? <\/strong><\/p>\n\n\n\n<p>Consulte nossa equipe para se informar sobre como aderir ao Programa OEA.<\/p>\n\n\n\n<p>Source: <a href=\"http:\/\/receita.economia.gov.br\/orientacao\/aduaneira\/importacao-e-exportacao\/oea\/noticias\/2019\/assinado-acordo-de-reconhecimento-mutuo-com-a-china\">Federal Revenue Service<\/a><\/p>\n\n\n\n<p>News commented on by\u00a0<strong>Laura Ivasco, <\/strong><em>Lawyer, graduated in Law in\u00a0<\/em>2010 pela Anhanguera\/SP<em>. \u00c1rea de Atua\u00e7\u00e3o: Direito Aduaneiro, Com\u00e9rcio Exterior. OAB: <\/em>312.237.   <\/p>","protected":false},"excerpt":{"rendered":"<p>Em viagem \u00e0 China no final de outubro, o presidente Jair Bolsonaro assinou o chamado Acordo de Reconhecimento M\u00fatuo do Programa Operador Econ\u00f4mico Autorizado entre Brasil e China, visando a facilita\u00e7\u00e3o e seguran\u00e7a no com\u00e9rcio entre os dois pa\u00edses. Esses acordos s\u00e3o volunt\u00e1rios, assinados por pa\u00edses que j\u00e1 possuem programa de integridade e buscam viabilizar [&hellip;]<\/p>\n","protected":false},"author":4007,"featured_media":2282,"comment_status":"","ping_status":"open","sticky":false,"template":"","format":"standard","meta":{"footnotes":""},"categories":[23],"tags":[37,178,182,256,259,269,279,369,417,428],"class_list":["post-2283","post","type-post","status-publish","format-standard","has-post-thumbnail","hentry","category-noticias","tag-aduana","tag-direito-aduaneiro","tag-direito-tributario","tag-importacao-2","tag-importacao-da-china","tag-importacao-e-exportacao-no-brasil","tag-importadores","tag-oea","tag-programa-oea","tag-receita-federal"],"yoast_head":"<!-- This site is optimized with the Yoast SEO plugin v27.2 - https:\/\/yoast.com\/product\/yoast-seo-wordpress\/ -->\n<title>Brasil assina acordo de reconhecimento m\u00fatuo com a China | DBTesser Advogados<\/title>\n<meta name=\"robots\" content=\"index, follow, max-snippet:-1, max-image-preview:large, max-video-preview:-1\" \/>\n<link rel=\"canonical\" href=\"https:\/\/dbtesser.com.br\/en\/brasil-assina-acordo-com-a-china\/\" \/>\n<meta property=\"og:locale\" content=\"en_US\" \/>\n<meta property=\"og:type\" content=\"article\" \/>\n<meta property=\"og:title\" content=\"Brasil assina acordo de reconhecimento m\u00fatuo com a China | DBTesser Advogados\" \/>\n<meta property=\"og:description\" content=\"Em viagem \u00e0 China no final de outubro, o presidente Jair Bolsonaro assinou o chamado Acordo de Reconhecimento M\u00fatuo do Programa Operador Econ\u00f4mico Autorizado entre Brasil e China, visando a facilita\u00e7\u00e3o e seguran\u00e7a no com\u00e9rcio entre os dois pa\u00edses. Esses acordos s\u00e3o volunt\u00e1rios, assinados por pa\u00edses que j\u00e1 possuem programa de integridade e buscam viabilizar [&hellip;]\" \/>\n<meta property=\"og:url\" content=\"https:\/\/dbtesser.com.br\/en\/brasil-assina-acordo-com-a-china\/\" \/>\n<meta property=\"og:site_name\" content=\"DBTesser Advogados\" \/>\n<meta property=\"article:published_time\" content=\"2019-11-11T18:26:10+00:00\" \/>\n<meta property=\"og:image\" content=\"https:\/\/dbtesser.com.br\/wp-content\/uploads\/2026\/02\/11-1.jpg\" \/>\n\t<meta property=\"og:image:width\" content=\"800\" \/>\n\t<meta property=\"og:image:height\" content=\"533\" \/>\n\t<meta property=\"og:image:type\" content=\"image\/jpeg\" \/>\n<meta name=\"author\" content=\"DB Tesser\" \/>\n<meta name=\"twitter:card\" content=\"summary_large_image\" \/>\n<meta name=\"twitter:label1\" content=\"Written by\" \/>\n\t<meta name=\"twitter:data1\" content=\"DB Tesser\" \/>\n\t<meta name=\"twitter:label2\" content=\"Est. reading time\" \/>\n\t<meta name=\"twitter:data2\" content=\"2 minutes\" \/>\n<script type=\"application\/ld+json\" class=\"yoast-schema-graph\">{\"@context\":\"https:\/\/schema.org\",\"@graph\":[{\"@type\":\"Article\",\"@id\":\"https:\/\/dbtesser.com.br\/brasil-assina-acordo-com-a-china\/#article\",\"isPartOf\":{\"@id\":\"https:\/\/dbtesser.com.br\/brasil-assina-acordo-com-a-china\/\"},\"author\":{\"name\":\"DB Tesser\",\"@id\":\"https:\/\/dbtesser.com.br\/en\/#\/schema\/person\/3414c67f51128e3d927f8011ab737728\"},\"headline\":\"Brasil assina acordo de reconhecimento m\u00fatuo com a China\",\"datePublished\":\"2019-11-11T18:26:10+00:00\",\"mainEntityOfPage\":{\"@id\":\"https:\/\/dbtesser.com.br\/brasil-assina-acordo-com-a-china\/\"},\"wordCount\":444,\"image\":{\"@id\":\"https:\/\/dbtesser.com.br\/brasil-assina-acordo-com-a-china\/#primaryimage\"},\"thumbnailUrl\":\"https:\/\/dbtesser.com.br\/wp-content\/uploads\/2026\/02\/11-1.jpg\",\"keywords\":[\"Aduana\",\"Direito Aduaneiro\",\"Direito Tribut\u00e1rio\",\"IMPORTA\u00c7\u00c3O\",\"importa\u00e7\u00e3o da china\",\"Importa\u00e7\u00e3o e Exporta\u00e7\u00e3o no Brasil\",\"Importadores\",\"OEA\",\"Programa OEA\",\"Receita Federal\"],\"articleSection\":[\"Not\u00edcias\"],\"inLanguage\":\"en-US\"},{\"@type\":\"WebPage\",\"@id\":\"https:\/\/dbtesser.com.br\/brasil-assina-acordo-com-a-china\/\",\"url\":\"https:\/\/dbtesser.com.br\/brasil-assina-acordo-com-a-china\/\",\"name\":\"Brasil assina acordo de reconhecimento m\u00fatuo com a China | DBTesser Advogados\",\"isPartOf\":{\"@id\":\"https:\/\/dbtesser.com.br\/en\/#website\"},\"primaryImageOfPage\":{\"@id\":\"https:\/\/dbtesser.com.br\/brasil-assina-acordo-com-a-china\/#primaryimage\"},\"image\":{\"@id\":\"https:\/\/dbtesser.com.br\/brasil-assina-acordo-com-a-china\/#primaryimage\"},\"thumbnailUrl\":\"https:\/\/dbtesser.com.br\/wp-content\/uploads\/2026\/02\/11-1.jpg\",\"datePublished\":\"2019-11-11T18:26:10+00:00\",\"author\":{\"@id\":\"https:\/\/dbtesser.com.br\/en\/#\/schema\/person\/3414c67f51128e3d927f8011ab737728\"},\"breadcrumb\":{\"@id\":\"https:\/\/dbtesser.com.br\/brasil-assina-acordo-com-a-china\/#breadcrumb\"},\"inLanguage\":\"en-US\",\"potentialAction\":[{\"@type\":\"ReadAction\",\"target\":[\"https:\/\/dbtesser.com.br\/brasil-assina-acordo-com-a-china\/\"]}]},{\"@type\":\"ImageObject\",\"inLanguage\":\"en-US\",\"@id\":\"https:\/\/dbtesser.com.br\/brasil-assina-acordo-com-a-china\/#primaryimage\",\"url\":\"https:\/\/dbtesser.com.br\/wp-content\/uploads\/2026\/02\/11-1.jpg\",\"contentUrl\":\"https:\/\/dbtesser.com.br\/wp-content\/uploads\/2026\/02\/11-1.jpg\",\"width\":800,\"height\":533},{\"@type\":\"BreadcrumbList\",\"@id\":\"https:\/\/dbtesser.com.br\/brasil-assina-acordo-com-a-china\/#breadcrumb\",\"itemListElement\":[{\"@type\":\"ListItem\",\"position\":1,\"name\":\"In\u00edcio\",\"item\":\"https:\/\/palegreen-chinchilla-672815.hostingersite.com\/en\/\"},{\"@type\":\"ListItem\",\"position\":2,\"name\":\"Brasil assina acordo de reconhecimento m\u00fatuo com a China\"}]},{\"@type\":\"WebSite\",\"@id\":\"https:\/\/dbtesser.com.br\/en\/#website\",\"url\":\"https:\/\/dbtesser.com.br\/en\/\",\"name\":\"DB Tesser Advogados\",\"description\":\"\",\"potentialAction\":[{\"@type\":\"SearchAction\",\"target\":{\"@type\":\"EntryPoint\",\"urlTemplate\":\"https:\/\/dbtesser.com.br\/en\/?s={search_term_string}\"},\"query-input\":{\"@type\":\"PropertyValueSpecification\",\"valueRequired\":true,\"valueName\":\"search_term_string\"}}],\"inLanguage\":\"en-US\"},{\"@type\":\"Person\",\"@id\":\"https:\/\/dbtesser.com.br\/en\/#\/schema\/person\/3414c67f51128e3d927f8011ab737728\",\"name\":\"DB Tesser\",\"url\":\"https:\/\/dbtesser.com.br\/en\/author\/db-tesser\/\"}]}<\/script>\n<!-- \/ Yoast SEO plugin. -->","yoast_head_json":{"title":"Brasil assina acordo de reconhecimento m\u00fatuo com a China | DBTesser Advogados","robots":{"index":"index","follow":"follow","max-snippet":"max-snippet:-1","max-image-preview":"max-image-preview:large","max-video-preview":"max-video-preview:-1"},"canonical":"https:\/\/dbtesser.com.br\/en\/brasil-assina-acordo-com-a-china\/","og_locale":"en_US","og_type":"article","og_title":"Brasil assina acordo de reconhecimento m\u00fatuo com a China | DBTesser Advogados","og_description":"Em viagem \u00e0 China no final de outubro, o presidente Jair Bolsonaro assinou o chamado Acordo de Reconhecimento M\u00fatuo do Programa Operador Econ\u00f4mico Autorizado entre Brasil e China, visando a facilita\u00e7\u00e3o e seguran\u00e7a no com\u00e9rcio entre os dois pa\u00edses. Esses acordos s\u00e3o volunt\u00e1rios, assinados por pa\u00edses que j\u00e1 possuem programa de integridade e buscam viabilizar [&hellip;]","og_url":"https:\/\/dbtesser.com.br\/en\/brasil-assina-acordo-com-a-china\/","og_site_name":"DBTesser Advogados","article_published_time":"2019-11-11T18:26:10+00:00","og_image":[{"width":800,"height":533,"url":"https:\/\/dbtesser.com.br\/wp-content\/uploads\/2026\/02\/11-1.jpg","type":"image\/jpeg"}],"author":"DB Tesser","twitter_card":"summary_large_image","twitter_misc":{"Written by":"DB Tesser","Est. reading time":"2 minutes"},"schema":{"@context":"https:\/\/schema.org","@graph":[{"@type":"Article","@id":"https:\/\/dbtesser.com.br\/brasil-assina-acordo-com-a-china\/#article","isPartOf":{"@id":"https:\/\/dbtesser.com.br\/brasil-assina-acordo-com-a-china\/"},"author":{"name":"DB Tesser","@id":"https:\/\/dbtesser.com.br\/en\/#\/schema\/person\/3414c67f51128e3d927f8011ab737728"},"headline":"Brasil assina acordo de reconhecimento m\u00fatuo com a China","datePublished":"2019-11-11T18:26:10+00:00","mainEntityOfPage":{"@id":"https:\/\/dbtesser.com.br\/brasil-assina-acordo-com-a-china\/"},"wordCount":444,"image":{"@id":"https:\/\/dbtesser.com.br\/brasil-assina-acordo-com-a-china\/#primaryimage"},"thumbnailUrl":"https:\/\/dbtesser.com.br\/wp-content\/uploads\/2026\/02\/11-1.jpg","keywords":["Aduana","Direito Aduaneiro","Direito Tribut\u00e1rio","IMPORTA\u00c7\u00c3O","importa\u00e7\u00e3o da china","Importa\u00e7\u00e3o e Exporta\u00e7\u00e3o no Brasil","Importadores","OEA","Programa OEA","Receita Federal"],"articleSection":["Not\u00edcias"],"inLanguage":"en-US"},{"@type":"WebPage","@id":"https:\/\/dbtesser.com.br\/brasil-assina-acordo-com-a-china\/","url":"https:\/\/dbtesser.com.br\/brasil-assina-acordo-com-a-china\/","name":"Brasil assina acordo de reconhecimento m\u00fatuo com a China | DBTesser Advogados","isPartOf":{"@id":"https:\/\/dbtesser.com.br\/en\/#website"},"primaryImageOfPage":{"@id":"https:\/\/dbtesser.com.br\/brasil-assina-acordo-com-a-china\/#primaryimage"},"image":{"@id":"https:\/\/dbtesser.com.br\/brasil-assina-acordo-com-a-china\/#primaryimage"},"thumbnailUrl":"https:\/\/dbtesser.com.br\/wp-content\/uploads\/2026\/02\/11-1.jpg","datePublished":"2019-11-11T18:26:10+00:00","author":{"@id":"https:\/\/dbtesser.com.br\/en\/#\/schema\/person\/3414c67f51128e3d927f8011ab737728"},"breadcrumb":{"@id":"https:\/\/dbtesser.com.br\/brasil-assina-acordo-com-a-china\/#breadcrumb"},"inLanguage":"en-US","potentialAction":[{"@type":"ReadAction","target":["https:\/\/dbtesser.com.br\/brasil-assina-acordo-com-a-china\/"]}]},{"@type":"ImageObject","inLanguage":"en-US","@id":"https:\/\/dbtesser.com.br\/brasil-assina-acordo-com-a-china\/#primaryimage","url":"https:\/\/dbtesser.com.br\/wp-content\/uploads\/2026\/02\/11-1.jpg","contentUrl":"https:\/\/dbtesser.com.br\/wp-content\/uploads\/2026\/02\/11-1.jpg","width":800,"height":533},{"@type":"BreadcrumbList","@id":"https:\/\/dbtesser.com.br\/brasil-assina-acordo-com-a-china\/#breadcrumb","itemListElement":[{"@type":"ListItem","position":1,"name":"In\u00edcio","item":"https:\/\/palegreen-chinchilla-672815.hostingersite.com\/en\/"},{"@type":"ListItem","position":2,"name":"Brasil assina acordo de reconhecimento m\u00fatuo com a China"}]},{"@type":"WebSite","@id":"https:\/\/dbtesser.com.br\/en\/#website","url":"https:\/\/dbtesser.com.br\/en\/","name":"DB Tesser Lawyers","description":"","potentialAction":[{"@type":"SearchAction","target":{"@type":"EntryPoint","urlTemplate":"https:\/\/dbtesser.com.br\/en\/?s={search_term_string}"},"query-input":{"@type":"PropertyValueSpecification","valueRequired":true,"valueName":"search_term_string"}}],"inLanguage":"en-US"},{"@type":"Person","@id":"https:\/\/dbtesser.com.br\/en\/#\/schema\/person\/3414c67f51128e3d927f8011ab737728","name":"DB Tesser","url":"https:\/\/dbtesser.com.br\/en\/author\/db-tesser\/"}]}},"_links":{"self":[{"href":"https:\/\/dbtesser.com.br\/en\/wp-json\/wp\/v2\/posts\/2283","targetHints":{"allow":["GET"]}}],"collection":[{"href":"https:\/\/dbtesser.com.br\/en\/wp-json\/wp\/v2\/posts"}],"about":[{"href":"https:\/\/dbtesser.com.br\/en\/wp-json\/wp\/v2\/types\/post"}],"author":[{"embeddable":true,"href":"https:\/\/dbtesser.com.br\/en\/wp-json\/wp\/v2\/users\/4007"}],"replies":[{"embeddable":true,"href":"https:\/\/dbtesser.com.br\/en\/wp-json\/wp\/v2\/comments?post=2283"}],"version-history":[{"count":0,"href":"https:\/\/dbtesser.com.br\/en\/wp-json\/wp\/v2\/posts\/2283\/revisions"}],"wp:featuredmedia":[{"embeddable":true,"href":"https:\/\/dbtesser.com.br\/en\/wp-json\/wp\/v2\/media\/2282"}],"wp:attachment":[{"href":"https:\/\/dbtesser.com.br\/en\/wp-json\/wp\/v2\/media?parent=2283"}],"wp:term":[{"taxonomy":"category","embeddable":true,"href":"https:\/\/dbtesser.com.br\/en\/wp-json\/wp\/v2\/categories?post=2283"},{"taxonomy":"post_tag","embeddable":true,"href":"https:\/\/dbtesser.com.br\/en\/wp-json\/wp\/v2\/tags?post=2283"}],"curies":[{"name":"wp","href":"https:\/\/api.w.org\/{rel}","templated":true}]}}