{"id":2309,"date":"2019-10-10T11:35:31","date_gmt":"2019-10-10T14:35:31","guid":{"rendered":"https:\/\/dbtesser.siteup.dev\/importacao-simples-nacional-no-comercio-exterior\/"},"modified":"2019-10-10T11:35:31","modified_gmt":"2019-10-10T14:35:31","slug":"importacao-simples-nacional-no-comercio-exterior","status":"publish","type":"post","link":"https:\/\/dbtesser.com.br\/en\/importacao-simples-nacional-no-comercio-exterior\/","title":{"rendered":"Simples Nacional no com\u00e9rcio exterior"},"content":{"rendered":"<div class=\"wp-block-image\"><figure class=\"aligncenter is-resized\"><img fetchpriority=\"high\" decoding=\"async\" src=\"https:\/\/dbtesser.com.br\/wp-content\/uploads\/2026\/02\/comercio-exterior-800x477-1-1.jpg\" alt=\"comercio exteriorsimples nacionalimporta\u00e7\u00e3oimportadorreceita federal\" class=\"wp-image-566\" width=\"643\" height=\"382\"\/><\/figure><\/div>\n\n\n\n<p>O Simples Nacional trata de recolhimento em guia \u00fanica, englobando impostos e contribui\u00e7\u00f5es como IRPJ, IPI, CSLL, COFINS, PIS\/PASEP, ICMS, ISS e INSS patronal, sendo recolhidos mensalmente mediante documento \u00fanico de arrecada\u00e7\u00e3o.<\/p>\n\n\n\n<p>As pessoas jur\u00eddicas que optam pelo Simples Nacional devem se enquadrar na condi\u00e7\u00e3o de <strong>microempresas <\/strong>or <strong>empresa de pequeno porte<\/strong> e quando da realiza\u00e7\u00e3o de opera\u00e7\u00f5es de <strong><a href=\"https:\/\/dbtesser.com.br\/en\/imprensa\/news\/import-tax-customs-main-taxes-levied-on-imports\/\">import <\/a><\/strong>com sa\u00edda de produtos internacionais ficam equiparadas \u00e0 industrial pela legisla\u00e7\u00e3o do Imposto sobre Produtos Industrializados <strong>(IPI)<\/strong>.<\/p>\n\n\n\n<p>A Lei Complementar n\u00ba 123\/06 estabelece uma s\u00e9rie de\ncondi\u00e7\u00f5es que visam a facilitar e fomentar o acesso dessas empresas ao mercado\nexterno com procedimentos simplificados de habilita\u00e7\u00e3o, licenciamento, despacho\naduaneiro e c\u00e2mbio. <\/p>\n\n\n\n<p>Todavia, o Simples Nacional no com\u00e9rcio exterior <strong>n\u00e3o <\/strong>permite uso de cr\u00e9ditos de impostos e contribui\u00e7\u00f5es, ou seja, est\u00e3o sujeitas ao pagamento de todos os tributos incidentes nas opera\u00e7\u00f5es de nacionaliza\u00e7\u00e3o do produto importado. Por\u00e9m, dependendo do faturamento pode ser proveitoso para a empresa. <\/p>\n\n\n\n<p>Por isso, a consulta a um advogado especializado \u00e9 de extrema import\u00e2ncia para que se verifique o melhor enquadramento para a empresa.<\/p>\n\n\n\n<p>Stay informed!<\/p>\n\n\n\n<p>Put <strong>Anna Gabriela,  <\/strong><em>Lawyer, graduated in Law in 2012 from the Professor Dam\u00e1sio de Jesus Law School. Area of Expertise: Customs Law and Tax Law, OAB (Brazilian Bar Association): 348.552.<\/em><\/p>\n\n\n\n<p><strong><a href=\"https:\/\/dbtesser.com.br\/en\/#contato\">If you have any questions, please contact our specialized team so we can assist you.<\/a><\/strong><\/p>","protected":false},"excerpt":{"rendered":"<p>O Simples Nacional trata de recolhimento em guia \u00fanica, englobando impostos e contribui\u00e7\u00f5es como IRPJ, IPI, CSLL, COFINS, PIS\/PASEP, ICMS, ISS e INSS patronal, sendo recolhidos mensalmente mediante documento \u00fanico de arrecada\u00e7\u00e3o. As pessoas jur\u00eddicas que optam pelo Simples Nacional devem se enquadrar na condi\u00e7\u00e3o de microempresas ou empresa de pequeno porte e quando da [&hellip;]<\/p>\n","protected":false},"author":4007,"featured_media":2308,"comment_status":"","ping_status":"open","sticky":false,"template":"","format":"standard","meta":{"footnotes":""},"categories":[23],"tags":[178,182,236,256,264,282,283,323,436,459,493],"class_list":["post-2309","post","type-post","status-publish","format-standard","has-post-thumbnail","hentry","category-noticias","tag-direito-aduaneiro","tag-direito-tributario","tag-fiscalizacao-aduaneira","tag-importacao-2","tag-importacao-de-produto","tag-importar","tag-importar-e-exportar","tag-logistica","tag-regime-tributario","tag-simples-nacional","tag-tributario"],"yoast_head":"<!-- This site is optimized with the Yoast SEO plugin v27.2 - https:\/\/yoast.com\/product\/yoast-seo-wordpress\/ -->\n<title>Simples Nacional no com\u00e9rcio exterior | DBTesser Advogados<\/title>\n<meta name=\"robots\" content=\"index, follow, max-snippet:-1, max-image-preview:large, max-video-preview:-1\" \/>\n<link rel=\"canonical\" href=\"https:\/\/dbtesser.com.br\/en\/importacao-simples-nacional-no-comercio-exterior\/\" \/>\n<meta property=\"og:locale\" content=\"en_US\" \/>\n<meta property=\"og:type\" content=\"article\" \/>\n<meta property=\"og:title\" content=\"Simples Nacional no com\u00e9rcio exterior | DBTesser Advogados\" \/>\n<meta property=\"og:description\" content=\"O Simples Nacional trata de recolhimento em guia \u00fanica, englobando impostos e contribui\u00e7\u00f5es como IRPJ, IPI, CSLL, COFINS, PIS\/PASEP, ICMS, ISS e INSS patronal, sendo recolhidos mensalmente mediante documento \u00fanico de arrecada\u00e7\u00e3o. As pessoas jur\u00eddicas que optam pelo Simples Nacional devem se enquadrar na condi\u00e7\u00e3o de microempresas ou empresa de pequeno porte e quando da [&hellip;]\" \/>\n<meta property=\"og:url\" content=\"https:\/\/dbtesser.com.br\/en\/importacao-simples-nacional-no-comercio-exterior\/\" \/>\n<meta property=\"og:site_name\" content=\"DBTesser Advogados\" \/>\n<meta property=\"article:published_time\" content=\"2019-10-10T14:35:31+00:00\" \/>\n<meta property=\"og:image\" content=\"https:\/\/dbtesser.com.br\/wp-content\/uploads\/2026\/02\/comercio-exterior-800x477-1-1.jpg\" \/>\n\t<meta property=\"og:image:width\" content=\"800\" \/>\n\t<meta property=\"og:image:height\" content=\"477\" \/>\n\t<meta property=\"og:image:type\" content=\"image\/jpeg\" \/>\n<meta name=\"author\" content=\"DB Tesser\" \/>\n<meta name=\"twitter:card\" content=\"summary_large_image\" \/>\n<meta name=\"twitter:label1\" content=\"Written by\" \/>\n\t<meta name=\"twitter:data1\" content=\"DB Tesser\" \/>\n\t<meta name=\"twitter:label2\" content=\"Est. reading time\" \/>\n\t<meta name=\"twitter:data2\" content=\"1 minute\" \/>\n<script type=\"application\/ld+json\" class=\"yoast-schema-graph\">{\"@context\":\"https:\/\/schema.org\",\"@graph\":[{\"@type\":\"Article\",\"@id\":\"https:\/\/dbtesser.com.br\/en\/importacao-simples-nacional-no-comercio-exterior\/#article\",\"isPartOf\":{\"@id\":\"https:\/\/dbtesser.com.br\/en\/importacao-simples-nacional-no-comercio-exterior\/\"},\"author\":{\"name\":\"DB Tesser\",\"@id\":\"https:\/\/dbtesser.com.br\/en\/#\/schema\/person\/3414c67f51128e3d927f8011ab737728\"},\"headline\":\"Simples Nacional no com\u00e9rcio exterior\",\"datePublished\":\"2019-10-10T14:35:31+00:00\",\"mainEntityOfPage\":{\"@id\":\"https:\/\/dbtesser.com.br\/en\/importacao-simples-nacional-no-comercio-exterior\/\"},\"wordCount\":250,\"image\":{\"@id\":\"https:\/\/dbtesser.com.br\/en\/importacao-simples-nacional-no-comercio-exterior\/#primaryimage\"},\"thumbnailUrl\":\"https:\/\/dbtesser.com.br\/wp-content\/uploads\/2026\/02\/comercio-exterior-800x477-1-1.jpg\",\"keywords\":[\"Direito Aduaneiro\",\"Direito Tribut\u00e1rio\",\"Fiscaliza\u00e7\u00e3o Aduaneira\",\"IMPORTA\u00c7\u00c3O\",\"importa\u00e7\u00e3o de produto\",\"importar\",\"importar e exportar\",\"log\u00edstica\",\"regime tribut\u00e1rio\",\"Simples nacional\",\"Tribut\u00e1rio\"],\"articleSection\":[\"Not\u00edcias\"],\"inLanguage\":\"en-US\"},{\"@type\":\"WebPage\",\"@id\":\"https:\/\/dbtesser.com.br\/en\/importacao-simples-nacional-no-comercio-exterior\/\",\"url\":\"https:\/\/dbtesser.com.br\/en\/importacao-simples-nacional-no-comercio-exterior\/\",\"name\":\"Simples Nacional no com\u00e9rcio exterior | DBTesser Advogados\",\"isPartOf\":{\"@id\":\"https:\/\/dbtesser.com.br\/en\/#website\"},\"primaryImageOfPage\":{\"@id\":\"https:\/\/dbtesser.com.br\/en\/importacao-simples-nacional-no-comercio-exterior\/#primaryimage\"},\"image\":{\"@id\":\"https:\/\/dbtesser.com.br\/en\/importacao-simples-nacional-no-comercio-exterior\/#primaryimage\"},\"thumbnailUrl\":\"https:\/\/dbtesser.com.br\/wp-content\/uploads\/2026\/02\/comercio-exterior-800x477-1-1.jpg\",\"datePublished\":\"2019-10-10T14:35:31+00:00\",\"author\":{\"@id\":\"https:\/\/dbtesser.com.br\/en\/#\/schema\/person\/3414c67f51128e3d927f8011ab737728\"},\"breadcrumb\":{\"@id\":\"https:\/\/dbtesser.com.br\/en\/importacao-simples-nacional-no-comercio-exterior\/#breadcrumb\"},\"inLanguage\":\"en-US\",\"potentialAction\":[{\"@type\":\"ReadAction\",\"target\":[\"https:\/\/dbtesser.com.br\/en\/importacao-simples-nacional-no-comercio-exterior\/\"]}]},{\"@type\":\"ImageObject\",\"inLanguage\":\"en-US\",\"@id\":\"https:\/\/dbtesser.com.br\/en\/importacao-simples-nacional-no-comercio-exterior\/#primaryimage\",\"url\":\"https:\/\/dbtesser.com.br\/wp-content\/uploads\/2026\/02\/comercio-exterior-800x477-1-1.jpg\",\"contentUrl\":\"https:\/\/dbtesser.com.br\/wp-content\/uploads\/2026\/02\/comercio-exterior-800x477-1-1.jpg\",\"width\":800,\"height\":477,\"caption\":\"comercio exterior x\"},{\"@type\":\"BreadcrumbList\",\"@id\":\"https:\/\/dbtesser.com.br\/en\/importacao-simples-nacional-no-comercio-exterior\/#breadcrumb\",\"itemListElement\":[{\"@type\":\"ListItem\",\"position\":1,\"name\":\"In\u00edcio\",\"item\":\"https:\/\/palegreen-chinchilla-672815.hostingersite.com\/en\/\"},{\"@type\":\"ListItem\",\"position\":2,\"name\":\"Simples Nacional no com\u00e9rcio exterior\"}]},{\"@type\":\"WebSite\",\"@id\":\"https:\/\/dbtesser.com.br\/en\/#website\",\"url\":\"https:\/\/dbtesser.com.br\/en\/\",\"name\":\"DB Tesser Advogados\",\"description\":\"\",\"potentialAction\":[{\"@type\":\"SearchAction\",\"target\":{\"@type\":\"EntryPoint\",\"urlTemplate\":\"https:\/\/dbtesser.com.br\/en\/?s={search_term_string}\"},\"query-input\":{\"@type\":\"PropertyValueSpecification\",\"valueRequired\":true,\"valueName\":\"search_term_string\"}}],\"inLanguage\":\"en-US\"},{\"@type\":\"Person\",\"@id\":\"https:\/\/dbtesser.com.br\/en\/#\/schema\/person\/3414c67f51128e3d927f8011ab737728\",\"name\":\"DB Tesser\",\"url\":\"https:\/\/dbtesser.com.br\/en\/author\/db-tesser\/\"}]}<\/script>\n<!-- \/ Yoast SEO plugin. -->","yoast_head_json":{"title":"Simples Nacional no com\u00e9rcio exterior | DBTesser Advogados","robots":{"index":"index","follow":"follow","max-snippet":"max-snippet:-1","max-image-preview":"max-image-preview:large","max-video-preview":"max-video-preview:-1"},"canonical":"https:\/\/dbtesser.com.br\/en\/importacao-simples-nacional-no-comercio-exterior\/","og_locale":"en_US","og_type":"article","og_title":"Simples Nacional no com\u00e9rcio exterior | DBTesser Advogados","og_description":"O Simples Nacional trata de recolhimento em guia \u00fanica, englobando impostos e contribui\u00e7\u00f5es como IRPJ, IPI, CSLL, COFINS, PIS\/PASEP, ICMS, ISS e INSS patronal, sendo recolhidos mensalmente mediante documento \u00fanico de arrecada\u00e7\u00e3o. As pessoas jur\u00eddicas que optam pelo Simples Nacional devem se enquadrar na condi\u00e7\u00e3o de microempresas ou empresa de pequeno porte e quando da [&hellip;]","og_url":"https:\/\/dbtesser.com.br\/en\/importacao-simples-nacional-no-comercio-exterior\/","og_site_name":"DBTesser Advogados","article_published_time":"2019-10-10T14:35:31+00:00","og_image":[{"width":800,"height":477,"url":"https:\/\/dbtesser.com.br\/wp-content\/uploads\/2026\/02\/comercio-exterior-800x477-1-1.jpg","type":"image\/jpeg"}],"author":"DB Tesser","twitter_card":"summary_large_image","twitter_misc":{"Written by":"DB Tesser","Est. reading time":"1 minute"},"schema":{"@context":"https:\/\/schema.org","@graph":[{"@type":"Article","@id":"https:\/\/dbtesser.com.br\/en\/importacao-simples-nacional-no-comercio-exterior\/#article","isPartOf":{"@id":"https:\/\/dbtesser.com.br\/en\/importacao-simples-nacional-no-comercio-exterior\/"},"author":{"name":"DB Tesser","@id":"https:\/\/dbtesser.com.br\/en\/#\/schema\/person\/3414c67f51128e3d927f8011ab737728"},"headline":"Simples Nacional no com\u00e9rcio exterior","datePublished":"2019-10-10T14:35:31+00:00","mainEntityOfPage":{"@id":"https:\/\/dbtesser.com.br\/en\/importacao-simples-nacional-no-comercio-exterior\/"},"wordCount":250,"image":{"@id":"https:\/\/dbtesser.com.br\/en\/importacao-simples-nacional-no-comercio-exterior\/#primaryimage"},"thumbnailUrl":"https:\/\/dbtesser.com.br\/wp-content\/uploads\/2026\/02\/comercio-exterior-800x477-1-1.jpg","keywords":["Direito Aduaneiro","Direito Tribut\u00e1rio","Fiscaliza\u00e7\u00e3o Aduaneira","IMPORTA\u00c7\u00c3O","importa\u00e7\u00e3o de produto","importar","importar e exportar","log\u00edstica","regime tribut\u00e1rio","Simples nacional","Tribut\u00e1rio"],"articleSection":["Not\u00edcias"],"inLanguage":"en-US"},{"@type":"WebPage","@id":"https:\/\/dbtesser.com.br\/en\/importacao-simples-nacional-no-comercio-exterior\/","url":"https:\/\/dbtesser.com.br\/en\/importacao-simples-nacional-no-comercio-exterior\/","name":"Simples Nacional no com\u00e9rcio exterior | DBTesser Advogados","isPartOf":{"@id":"https:\/\/dbtesser.com.br\/en\/#website"},"primaryImageOfPage":{"@id":"https:\/\/dbtesser.com.br\/en\/importacao-simples-nacional-no-comercio-exterior\/#primaryimage"},"image":{"@id":"https:\/\/dbtesser.com.br\/en\/importacao-simples-nacional-no-comercio-exterior\/#primaryimage"},"thumbnailUrl":"https:\/\/dbtesser.com.br\/wp-content\/uploads\/2026\/02\/comercio-exterior-800x477-1-1.jpg","datePublished":"2019-10-10T14:35:31+00:00","author":{"@id":"https:\/\/dbtesser.com.br\/en\/#\/schema\/person\/3414c67f51128e3d927f8011ab737728"},"breadcrumb":{"@id":"https:\/\/dbtesser.com.br\/en\/importacao-simples-nacional-no-comercio-exterior\/#breadcrumb"},"inLanguage":"en-US","potentialAction":[{"@type":"ReadAction","target":["https:\/\/dbtesser.com.br\/en\/importacao-simples-nacional-no-comercio-exterior\/"]}]},{"@type":"ImageObject","inLanguage":"en-US","@id":"https:\/\/dbtesser.com.br\/en\/importacao-simples-nacional-no-comercio-exterior\/#primaryimage","url":"https:\/\/dbtesser.com.br\/wp-content\/uploads\/2026\/02\/comercio-exterior-800x477-1-1.jpg","contentUrl":"https:\/\/dbtesser.com.br\/wp-content\/uploads\/2026\/02\/comercio-exterior-800x477-1-1.jpg","width":800,"height":477,"caption":"comercio exterior x"},{"@type":"BreadcrumbList","@id":"https:\/\/dbtesser.com.br\/en\/importacao-simples-nacional-no-comercio-exterior\/#breadcrumb","itemListElement":[{"@type":"ListItem","position":1,"name":"In\u00edcio","item":"https:\/\/palegreen-chinchilla-672815.hostingersite.com\/en\/"},{"@type":"ListItem","position":2,"name":"Simples Nacional no com\u00e9rcio exterior"}]},{"@type":"WebSite","@id":"https:\/\/dbtesser.com.br\/en\/#website","url":"https:\/\/dbtesser.com.br\/en\/","name":"DB Tesser Lawyers","description":"","potentialAction":[{"@type":"SearchAction","target":{"@type":"EntryPoint","urlTemplate":"https:\/\/dbtesser.com.br\/en\/?s={search_term_string}"},"query-input":{"@type":"PropertyValueSpecification","valueRequired":true,"valueName":"search_term_string"}}],"inLanguage":"en-US"},{"@type":"Person","@id":"https:\/\/dbtesser.com.br\/en\/#\/schema\/person\/3414c67f51128e3d927f8011ab737728","name":"DB Tesser","url":"https:\/\/dbtesser.com.br\/en\/author\/db-tesser\/"}]}},"_links":{"self":[{"href":"https:\/\/dbtesser.com.br\/en\/wp-json\/wp\/v2\/posts\/2309","targetHints":{"allow":["GET"]}}],"collection":[{"href":"https:\/\/dbtesser.com.br\/en\/wp-json\/wp\/v2\/posts"}],"about":[{"href":"https:\/\/dbtesser.com.br\/en\/wp-json\/wp\/v2\/types\/post"}],"author":[{"embeddable":true,"href":"https:\/\/dbtesser.com.br\/en\/wp-json\/wp\/v2\/users\/4007"}],"replies":[{"embeddable":true,"href":"https:\/\/dbtesser.com.br\/en\/wp-json\/wp\/v2\/comments?post=2309"}],"version-history":[{"count":0,"href":"https:\/\/dbtesser.com.br\/en\/wp-json\/wp\/v2\/posts\/2309\/revisions"}],"wp:featuredmedia":[{"embeddable":true,"href":"https:\/\/dbtesser.com.br\/en\/wp-json\/wp\/v2\/media\/2308"}],"wp:attachment":[{"href":"https:\/\/dbtesser.com.br\/en\/wp-json\/wp\/v2\/media?parent=2309"}],"wp:term":[{"taxonomy":"category","embeddable":true,"href":"https:\/\/dbtesser.com.br\/en\/wp-json\/wp\/v2\/categories?post=2309"},{"taxonomy":"post_tag","embeddable":true,"href":"https:\/\/dbtesser.com.br\/en\/wp-json\/wp\/v2\/tags?post=2309"}],"curies":[{"name":"wp","href":"https:\/\/api.w.org\/{rel}","templated":true}]}}