{"id":2341,"date":"2019-08-28T09:36:54","date_gmt":"2019-08-28T12:36:54","guid":{"rendered":"https:\/\/dbtesser.siteup.dev\/advogados-passam-a-ter-prioridade-nas-unidades-da-receita-no-estado-do-rio-de-janeiro\/"},"modified":"2019-08-28T09:36:54","modified_gmt":"2019-08-28T12:36:54","slug":"advogados-passam-a-ter-prioridade-nas-unidades-da-receita-no-estado-do-rio-de-janeiro","status":"publish","type":"post","link":"https:\/\/dbtesser.com.br\/en\/advogados-passam-a-ter-prioridade-nas-unidades-da-receita-no-estado-do-rio-de-janeiro\/","title":{"rendered":"Advogados passam a ter prioridade nas unidades da Receita no Estado do Rio de Janeiro"},"content":{"rendered":"<div class=\"wp-block-image\"><figure class=\"aligncenter\"><img decoding=\"async\" src=\"https:\/\/dbtesser.com.br\/wp-content\/uploads\/2026\/02\/law2-1.jpg\" alt=\"advogado\" class=\"wp-image-487\"\/><\/figure><\/div>\n\n\n\n<p>Conforme not\u00edcia divulgada pelo Valor Econ\u00f4mico nesta ter\u00e7a-feira (27\/08), advogados passaram a ter atendimento priorit\u00e1rio nas unidades da Receita Federal no Rio de Janeiro.<\/p>\n\n\n\n<p>As unidades do Estado devem\nreceber os profissionais mesmo sem agendamento pr\u00e9vio, quando existir um prazo\nlegal ou judicial igual ou menos a cinco dias \u00fateis.<\/p>\n\n\n\n<p>Para o advogado Michel do\nescrit\u00f3rio DB Tesser, todos os dias os operadores do direito se deparam com\nsitua\u00e7\u00f5es adversas ao tentar acessar servi\u00e7os e informa\u00e7\u00f5es junto aos \u00f3rg\u00e3os da\nadministra\u00e7\u00e3o p\u00fablica, por vezes tais reparti\u00e7\u00f5es imp\u00f5em regras e normas que\napenas obstaculizam e inviabilizam o livre e o regular exerc\u00edcio das atividades\nda advocacia, bem como o m\u00fanus p\u00fablico da atividade.&nbsp; A necessidade da\ncria\u00e7\u00e3o de normas e\/ou a edi\u00e7\u00e3o de portarias para regular o acesso de advogados\na qualquer \u00f3rg\u00e3o da administra\u00e7\u00e3o p\u00fablica, por si s\u00f3, denota a completa\ninvers\u00e3o de valores.<\/p>\n\n\n\n<p>O atendimento priorit\u00e1rio nas\nunidades da Receita no Rio passa a valer para servi\u00e7os de protocolo de\nimpugna\u00e7\u00f5es, recursos, manifesta\u00e7\u00f5es de inconformidade e documentos referentes\n\u00e0 intima\u00e7\u00e3o com prazo, nos casos em que houver falha ou interrup\u00e7\u00e3o de\nfuncionamento no E-CAC (Centro Virtual de Atendimento).<\/p>\n\n\n\n<p>Source: <a href=\"https:\/\/www.valor.com.br\/legislacao\/6408079\/advogados-passam-ter-prioridade-nas-unidades-da-receita-no-estado-do-rio\">Economic Value<\/a><\/p>\n\n\n\n<p>News commented on by  <strong>Michel Pereira, &nbsp;<\/strong><em>Lawyer, graduated in Law in<\/em> 2009 by FMU\/SP<em>. Areas of Expertise: Customs Law, Tax Law, and Corporate Law, OAB (Brazilian Bar Association): &nbsp;<\/em>295.435 <em>.<\/em><\/p>\n\n\n\n<p><\/p>","protected":false},"excerpt":{"rendered":"<p>Conforme not\u00edcia divulgada pelo Valor Econ\u00f4mico nesta ter\u00e7a-feira (27\/08), advogados passaram a ter atendimento priorit\u00e1rio nas unidades da Receita Federal no Rio de Janeiro. As unidades do Estado devem receber os profissionais mesmo sem agendamento pr\u00e9vio, quando existir um prazo legal ou judicial igual ou menos a cinco dias \u00fateis. Para o advogado Michel do [&hellip;]<\/p>\n","protected":false},"author":4007,"featured_media":2340,"comment_status":"","ping_status":"open","sticky":false,"template":"","format":"standard","meta":{"footnotes":""},"categories":[23],"tags":[41,58,178,182,428],"class_list":["post-2341","post","type-post","status-publish","format-standard","has-post-thumbnail","hentry","category-noticias","tag-advocacia-especializada","tag-atendimento-prioritario","tag-direito-aduaneiro","tag-direito-tributario","tag-receita-federal"],"yoast_head":"<!-- This site is optimized with the Yoast SEO plugin v27.2 - https:\/\/yoast.com\/product\/yoast-seo-wordpress\/ -->\n<title>Advogados passam a ter prioridade nas unidades da Receita no Estado do Rio de Janeiro | DBTesser Advogados<\/title>\n<meta name=\"robots\" content=\"index, follow, max-snippet:-1, max-image-preview:large, max-video-preview:-1\" \/>\n<link rel=\"canonical\" href=\"https:\/\/dbtesser.com.br\/en\/advogados-passam-a-ter-prioridade-nas-unidades-da-receita-no-estado-do-rio-de-janeiro\/\" \/>\n<meta property=\"og:locale\" content=\"en_US\" \/>\n<meta property=\"og:type\" content=\"article\" \/>\n<meta property=\"og:title\" content=\"Advogados passam a ter prioridade nas unidades da Receita no Estado do Rio de Janeiro | DBTesser Advogados\" \/>\n<meta property=\"og:description\" content=\"Conforme not\u00edcia divulgada pelo Valor Econ\u00f4mico nesta ter\u00e7a-feira (27\/08), advogados passaram a ter atendimento priorit\u00e1rio nas unidades da Receita Federal no Rio de Janeiro. As unidades do Estado devem receber os profissionais mesmo sem agendamento pr\u00e9vio, quando existir um prazo legal ou judicial igual ou menos a cinco dias \u00fateis. Para o advogado Michel do [&hellip;]\" \/>\n<meta property=\"og:url\" content=\"https:\/\/dbtesser.com.br\/en\/advogados-passam-a-ter-prioridade-nas-unidades-da-receita-no-estado-do-rio-de-janeiro\/\" \/>\n<meta property=\"og:site_name\" content=\"DBTesser Advogados\" \/>\n<meta property=\"article:published_time\" content=\"2019-08-28T12:36:54+00:00\" \/>\n<meta property=\"og:image\" content=\"https:\/\/dbtesser.com.br\/wp-content\/uploads\/2026\/02\/law2-1.jpg\" \/>\n\t<meta property=\"og:image:width\" content=\"800\" \/>\n\t<meta property=\"og:image:height\" content=\"533\" \/>\n\t<meta property=\"og:image:type\" content=\"image\/jpeg\" \/>\n<meta name=\"author\" content=\"DB Tesser\" \/>\n<meta name=\"twitter:card\" content=\"summary_large_image\" \/>\n<meta name=\"twitter:label1\" content=\"Written by\" \/>\n\t<meta name=\"twitter:data1\" content=\"DB Tesser\" \/>\n\t<meta name=\"twitter:label2\" content=\"Est. reading time\" \/>\n\t<meta name=\"twitter:data2\" content=\"1 minute\" \/>\n<script type=\"application\/ld+json\" class=\"yoast-schema-graph\">{\"@context\":\"https:\/\/schema.org\",\"@graph\":[{\"@type\":\"Article\",\"@id\":\"https:\/\/dbtesser.com.br\/en\/advogados-passam-a-ter-prioridade-nas-unidades-da-receita-no-estado-do-rio-de-janeiro\/#article\",\"isPartOf\":{\"@id\":\"https:\/\/dbtesser.com.br\/en\/advogados-passam-a-ter-prioridade-nas-unidades-da-receita-no-estado-do-rio-de-janeiro\/\"},\"author\":{\"name\":\"DB Tesser\",\"@id\":\"https:\/\/dbtesser.com.br\/#\/schema\/person\/3414c67f51128e3d927f8011ab737728\"},\"headline\":\"Advogados passam a ter prioridade nas unidades da Receita no Estado do Rio de Janeiro\",\"datePublished\":\"2019-08-28T12:36:54+00:00\",\"mainEntityOfPage\":{\"@id\":\"https:\/\/dbtesser.com.br\/en\/advogados-passam-a-ter-prioridade-nas-unidades-da-receita-no-estado-do-rio-de-janeiro\/\"},\"wordCount\":266,\"image\":{\"@id\":\"https:\/\/dbtesser.com.br\/en\/advogados-passam-a-ter-prioridade-nas-unidades-da-receita-no-estado-do-rio-de-janeiro\/#primaryimage\"},\"thumbnailUrl\":\"https:\/\/dbtesser.com.br\/wp-content\/uploads\/2026\/02\/law2-1.jpg\",\"keywords\":[\"Advocacia especializada\",\"Atendimento priorit\u00e1rio\",\"Direito Aduaneiro\",\"Direito Tribut\u00e1rio\",\"Receita Federal\"],\"articleSection\":[\"Not\u00edcias\"],\"inLanguage\":\"en-US\"},{\"@type\":\"WebPage\",\"@id\":\"https:\/\/dbtesser.com.br\/en\/advogados-passam-a-ter-prioridade-nas-unidades-da-receita-no-estado-do-rio-de-janeiro\/\",\"url\":\"https:\/\/dbtesser.com.br\/en\/advogados-passam-a-ter-prioridade-nas-unidades-da-receita-no-estado-do-rio-de-janeiro\/\",\"name\":\"Advogados passam a ter prioridade nas unidades da Receita no Estado do Rio de Janeiro | DBTesser Advogados\",\"isPartOf\":{\"@id\":\"https:\/\/dbtesser.com.br\/#website\"},\"primaryImageOfPage\":{\"@id\":\"https:\/\/dbtesser.com.br\/en\/advogados-passam-a-ter-prioridade-nas-unidades-da-receita-no-estado-do-rio-de-janeiro\/#primaryimage\"},\"image\":{\"@id\":\"https:\/\/dbtesser.com.br\/en\/advogados-passam-a-ter-prioridade-nas-unidades-da-receita-no-estado-do-rio-de-janeiro\/#primaryimage\"},\"thumbnailUrl\":\"https:\/\/dbtesser.com.br\/wp-content\/uploads\/2026\/02\/law2-1.jpg\",\"datePublished\":\"2019-08-28T12:36:54+00:00\",\"author\":{\"@id\":\"https:\/\/dbtesser.com.br\/#\/schema\/person\/3414c67f51128e3d927f8011ab737728\"},\"breadcrumb\":{\"@id\":\"https:\/\/dbtesser.com.br\/en\/advogados-passam-a-ter-prioridade-nas-unidades-da-receita-no-estado-do-rio-de-janeiro\/#breadcrumb\"},\"inLanguage\":\"en-US\",\"potentialAction\":[{\"@type\":\"ReadAction\",\"target\":[\"https:\/\/dbtesser.com.br\/en\/advogados-passam-a-ter-prioridade-nas-unidades-da-receita-no-estado-do-rio-de-janeiro\/\"]}]},{\"@type\":\"ImageObject\",\"inLanguage\":\"en-US\",\"@id\":\"https:\/\/dbtesser.com.br\/en\/advogados-passam-a-ter-prioridade-nas-unidades-da-receita-no-estado-do-rio-de-janeiro\/#primaryimage\",\"url\":\"https:\/\/dbtesser.com.br\/wp-content\/uploads\/2026\/02\/law2-1.jpg\",\"contentUrl\":\"https:\/\/dbtesser.com.br\/wp-content\/uploads\/2026\/02\/law2-1.jpg\",\"width\":800,\"height\":533,\"caption\":\"law\"},{\"@type\":\"BreadcrumbList\",\"@id\":\"https:\/\/dbtesser.com.br\/en\/advogados-passam-a-ter-prioridade-nas-unidades-da-receita-no-estado-do-rio-de-janeiro\/#breadcrumb\",\"itemListElement\":[{\"@type\":\"ListItem\",\"position\":1,\"name\":\"In\u00edcio\",\"item\":\"https:\/\/dbtesser.com.br\/en\/\"},{\"@type\":\"ListItem\",\"position\":2,\"name\":\"Advogados passam a ter prioridade nas unidades da Receita no Estado do Rio de Janeiro\"}]},{\"@type\":\"WebSite\",\"@id\":\"https:\/\/dbtesser.com.br\/#website\",\"url\":\"https:\/\/dbtesser.com.br\/\",\"name\":\"DB Tesser Advogados\",\"description\":\"\",\"potentialAction\":[{\"@type\":\"SearchAction\",\"target\":{\"@type\":\"EntryPoint\",\"urlTemplate\":\"https:\/\/dbtesser.com.br\/?s={search_term_string}\"},\"query-input\":{\"@type\":\"PropertyValueSpecification\",\"valueRequired\":true,\"valueName\":\"search_term_string\"}}],\"inLanguage\":\"en-US\"},{\"@type\":\"Person\",\"@id\":\"https:\/\/dbtesser.com.br\/#\/schema\/person\/3414c67f51128e3d927f8011ab737728\",\"name\":\"DB Tesser\",\"url\":\"https:\/\/dbtesser.com.br\/en\/author\/db-tesser\/\"}]}<\/script>\n<!-- \/ Yoast SEO plugin. -->","yoast_head_json":{"title":"Advogados passam a ter prioridade nas unidades da Receita no Estado do Rio de Janeiro | DBTesser Advogados","robots":{"index":"index","follow":"follow","max-snippet":"max-snippet:-1","max-image-preview":"max-image-preview:large","max-video-preview":"max-video-preview:-1"},"canonical":"https:\/\/dbtesser.com.br\/en\/advogados-passam-a-ter-prioridade-nas-unidades-da-receita-no-estado-do-rio-de-janeiro\/","og_locale":"en_US","og_type":"article","og_title":"Advogados passam a ter prioridade nas unidades da Receita no Estado do Rio de Janeiro | DBTesser Advogados","og_description":"Conforme not\u00edcia divulgada pelo Valor Econ\u00f4mico nesta ter\u00e7a-feira (27\/08), advogados passaram a ter atendimento priorit\u00e1rio nas unidades da Receita Federal no Rio de Janeiro. As unidades do Estado devem receber os profissionais mesmo sem agendamento pr\u00e9vio, quando existir um prazo legal ou judicial igual ou menos a cinco dias \u00fateis. Para o advogado Michel do [&hellip;]","og_url":"https:\/\/dbtesser.com.br\/en\/advogados-passam-a-ter-prioridade-nas-unidades-da-receita-no-estado-do-rio-de-janeiro\/","og_site_name":"DBTesser Advogados","article_published_time":"2019-08-28T12:36:54+00:00","og_image":[{"width":800,"height":533,"url":"https:\/\/dbtesser.com.br\/wp-content\/uploads\/2026\/02\/law2-1.jpg","type":"image\/jpeg"}],"author":"DB Tesser","twitter_card":"summary_large_image","twitter_misc":{"Written by":"DB Tesser","Est. reading time":"1 minute"},"schema":{"@context":"https:\/\/schema.org","@graph":[{"@type":"Article","@id":"https:\/\/dbtesser.com.br\/en\/advogados-passam-a-ter-prioridade-nas-unidades-da-receita-no-estado-do-rio-de-janeiro\/#article","isPartOf":{"@id":"https:\/\/dbtesser.com.br\/en\/advogados-passam-a-ter-prioridade-nas-unidades-da-receita-no-estado-do-rio-de-janeiro\/"},"author":{"name":"DB Tesser","@id":"https:\/\/dbtesser.com.br\/#\/schema\/person\/3414c67f51128e3d927f8011ab737728"},"headline":"Advogados passam a ter prioridade nas unidades da Receita no Estado do Rio de Janeiro","datePublished":"2019-08-28T12:36:54+00:00","mainEntityOfPage":{"@id":"https:\/\/dbtesser.com.br\/en\/advogados-passam-a-ter-prioridade-nas-unidades-da-receita-no-estado-do-rio-de-janeiro\/"},"wordCount":266,"image":{"@id":"https:\/\/dbtesser.com.br\/en\/advogados-passam-a-ter-prioridade-nas-unidades-da-receita-no-estado-do-rio-de-janeiro\/#primaryimage"},"thumbnailUrl":"https:\/\/dbtesser.com.br\/wp-content\/uploads\/2026\/02\/law2-1.jpg","keywords":["Advocacia especializada","Atendimento priorit\u00e1rio","Direito Aduaneiro","Direito Tribut\u00e1rio","Receita Federal"],"articleSection":["Not\u00edcias"],"inLanguage":"en-US"},{"@type":"WebPage","@id":"https:\/\/dbtesser.com.br\/en\/advogados-passam-a-ter-prioridade-nas-unidades-da-receita-no-estado-do-rio-de-janeiro\/","url":"https:\/\/dbtesser.com.br\/en\/advogados-passam-a-ter-prioridade-nas-unidades-da-receita-no-estado-do-rio-de-janeiro\/","name":"Advogados passam a ter prioridade nas unidades da Receita no Estado do Rio de Janeiro | DBTesser Advogados","isPartOf":{"@id":"https:\/\/dbtesser.com.br\/#website"},"primaryImageOfPage":{"@id":"https:\/\/dbtesser.com.br\/en\/advogados-passam-a-ter-prioridade-nas-unidades-da-receita-no-estado-do-rio-de-janeiro\/#primaryimage"},"image":{"@id":"https:\/\/dbtesser.com.br\/en\/advogados-passam-a-ter-prioridade-nas-unidades-da-receita-no-estado-do-rio-de-janeiro\/#primaryimage"},"thumbnailUrl":"https:\/\/dbtesser.com.br\/wp-content\/uploads\/2026\/02\/law2-1.jpg","datePublished":"2019-08-28T12:36:54+00:00","author":{"@id":"https:\/\/dbtesser.com.br\/#\/schema\/person\/3414c67f51128e3d927f8011ab737728"},"breadcrumb":{"@id":"https:\/\/dbtesser.com.br\/en\/advogados-passam-a-ter-prioridade-nas-unidades-da-receita-no-estado-do-rio-de-janeiro\/#breadcrumb"},"inLanguage":"en-US","potentialAction":[{"@type":"ReadAction","target":["https:\/\/dbtesser.com.br\/en\/advogados-passam-a-ter-prioridade-nas-unidades-da-receita-no-estado-do-rio-de-janeiro\/"]}]},{"@type":"ImageObject","inLanguage":"en-US","@id":"https:\/\/dbtesser.com.br\/en\/advogados-passam-a-ter-prioridade-nas-unidades-da-receita-no-estado-do-rio-de-janeiro\/#primaryimage","url":"https:\/\/dbtesser.com.br\/wp-content\/uploads\/2026\/02\/law2-1.jpg","contentUrl":"https:\/\/dbtesser.com.br\/wp-content\/uploads\/2026\/02\/law2-1.jpg","width":800,"height":533,"caption":"law"},{"@type":"BreadcrumbList","@id":"https:\/\/dbtesser.com.br\/en\/advogados-passam-a-ter-prioridade-nas-unidades-da-receita-no-estado-do-rio-de-janeiro\/#breadcrumb","itemListElement":[{"@type":"ListItem","position":1,"name":"In\u00edcio","item":"https:\/\/dbtesser.com.br\/en\/"},{"@type":"ListItem","position":2,"name":"Advogados passam a ter prioridade nas unidades da Receita no Estado do Rio de Janeiro"}]},{"@type":"WebSite","@id":"https:\/\/dbtesser.com.br\/#website","url":"https:\/\/dbtesser.com.br\/","name":"DB Tesser Lawyers","description":"","potentialAction":[{"@type":"SearchAction","target":{"@type":"EntryPoint","urlTemplate":"https:\/\/dbtesser.com.br\/?s={search_term_string}"},"query-input":{"@type":"PropertyValueSpecification","valueRequired":true,"valueName":"search_term_string"}}],"inLanguage":"en-US"},{"@type":"Person","@id":"https:\/\/dbtesser.com.br\/#\/schema\/person\/3414c67f51128e3d927f8011ab737728","name":"DB Tesser","url":"https:\/\/dbtesser.com.br\/en\/author\/db-tesser\/"}]}},"_links":{"self":[{"href":"https:\/\/dbtesser.com.br\/en\/wp-json\/wp\/v2\/posts\/2341","targetHints":{"allow":["GET"]}}],"collection":[{"href":"https:\/\/dbtesser.com.br\/en\/wp-json\/wp\/v2\/posts"}],"about":[{"href":"https:\/\/dbtesser.com.br\/en\/wp-json\/wp\/v2\/types\/post"}],"author":[{"embeddable":true,"href":"https:\/\/dbtesser.com.br\/en\/wp-json\/wp\/v2\/users\/4007"}],"replies":[{"embeddable":true,"href":"https:\/\/dbtesser.com.br\/en\/wp-json\/wp\/v2\/comments?post=2341"}],"version-history":[{"count":0,"href":"https:\/\/dbtesser.com.br\/en\/wp-json\/wp\/v2\/posts\/2341\/revisions"}],"wp:featuredmedia":[{"embeddable":true,"href":"https:\/\/dbtesser.com.br\/en\/wp-json\/wp\/v2\/media\/2340"}],"wp:attachment":[{"href":"https:\/\/dbtesser.com.br\/en\/wp-json\/wp\/v2\/media?parent=2341"}],"wp:term":[{"taxonomy":"category","embeddable":true,"href":"https:\/\/dbtesser.com.br\/en\/wp-json\/wp\/v2\/categories?post=2341"},{"taxonomy":"post_tag","embeddable":true,"href":"https:\/\/dbtesser.com.br\/en\/wp-json\/wp\/v2\/tags?post=2341"}],"curies":[{"name":"wp","href":"https:\/\/api.w.org\/{rel}","templated":true}]}}