{"id":2348,"date":"2019-08-23T10:28:03","date_gmt":"2019-08-23T13:28:03","guid":{"rendered":"https:\/\/dbtesser.siteup.dev\/parcelamento-icms-contribuinte-do-estado-de-sp-esta-autorizado-a-parcelar-debito-de-icms\/"},"modified":"2019-08-23T10:28:03","modified_gmt":"2019-08-23T13:28:03","slug":"parcelamento-icms-contribuinte-do-estado-de-sp-esta-autorizado-a-parcelar-debito-de-icms","status":"publish","type":"post","link":"https:\/\/dbtesser.com.br\/en\/parcelamento-icms-contribuinte-do-estado-de-sp-esta-autorizado-a-parcelar-debito-de-icms\/","title":{"rendered":"Contribuinte do estado de SP est\u00e1 autorizado a parcelar d\u00e9bito de ICMS"},"content":{"rendered":"<div class=\"wp-block-image\"><figure class=\"aligncenter\"><img decoding=\"async\" src=\"https:\/\/dbtesser.com.br\/wp-content\/uploads\/2026\/02\/ECONOMIA-SITE-1.jpg\" alt=\"ICMS\" class=\"wp-image-474\"\/><\/figure><\/div>\n\n\n\n<p>Foi publicada no dia 14 de agosto de 2019 no Di\u00e1rio Oficial do Estado de S\u00e3o Paulo a Resolu\u00e7\u00e3o Conjunta SFP\/PGE n\u02da 3\/2019 que disp\u00f5e sobre o <strong>parcelamento de d\u00e9bitos fiscais<\/strong> relacionados com o <strong>ICMS <\/strong>devidos a t\u00edtulos de sujei\u00e7\u00e3o passiva por substitui\u00e7\u00e3o tribut\u00e1ria.<\/p>\n\n\n\n<p><strong>O contribuinte do estado de SP est\u00e1 autorizado a parcelar d\u00e9bito de ICMS devido a t\u00edtulo de substitui\u00e7\u00e3o tribut\u00e1ria em at\u00e9 60 meses.<\/strong><\/p>\n\n\n\n<p>Conforme resolu\u00e7\u00e3o mencionada os parcelamentos poder\u00e3o ser requeridos at\u00e9 31 de dezembro de 2019 e o valor m\u00ednimo de cada parcela \u00e9 de R$500,00.<\/p>\n\n\n\n<p>Stay informed!<\/p>\n\n\n\n<p>Source: <a href=\"https:\/\/portal.fazenda.sp.gov.br\/DiarioOficial\/Paginas\/Resolu%C3%A7%C3%A3o-Conjunta-SFP_PGE-3,-de-13-de-agosto-de-2019.aspx\">DI\u00c1RIO OFICIAL<\/a><\/p>\n\n\n\n<p><strong><a href=\"https:\/\/dbtesser.com.br\/en\/#contato\">If you have any questions, please contact our specialized team so we can assist you.<\/a><\/strong><\/p>\n\n\n\n<p><\/p>","protected":false},"excerpt":{"rendered":"<p>Foi publicada no dia 14 de agosto de 2019 no Di\u00e1rio Oficial do Estado de S\u00e3o Paulo a Resolu\u00e7\u00e3o Conjunta SFP\/PGE n\u02da 3\/2019 que disp\u00f5e sobre o parcelamento de d\u00e9bitos fiscais relacionados com o ICMS devidos a t\u00edtulos de sujei\u00e7\u00e3o passiva por substitui\u00e7\u00e3o tribut\u00e1ria. O contribuinte do estado de SP est\u00e1 autorizado a parcelar d\u00e9bito [&hellip;]<\/p>\n","protected":false},"author":4007,"featured_media":2347,"comment_status":"","ping_status":"open","sticky":false,"template":"","format":"standard","meta":{"footnotes":""},"categories":[23],"tags":[147,148,178,182,220,249,256,384,385,470],"class_list":["post-2348","post","type-post","status-publish","format-standard","has-post-thumbnail","hentry","category-noticias","tag-db-tesser","tag-debitos-fiscais","tag-direito-aduaneiro","tag-direito-tributario","tag-exportacao","tag-icms","tag-importacao-2","tag-parcelamento","tag-parcelamento-de-icms","tag-substituicao-tributaria"],"yoast_head":"<!-- This site is optimized with the Yoast SEO plugin v27.2 - https:\/\/yoast.com\/product\/yoast-seo-wordpress\/ -->\n<title>Contribuinte do estado de SP est\u00e1 autorizado a parcelar d\u00e9bito de ICMS | DBTesser Advogados<\/title>\n<meta name=\"robots\" content=\"index, follow, max-snippet:-1, max-image-preview:large, max-video-preview:-1\" \/>\n<link rel=\"canonical\" href=\"https:\/\/dbtesser.com.br\/en\/parcelamento-icms-contribuinte-do-estado-de-sp-esta-autorizado-a-parcelar-debito-de-icms\/\" \/>\n<meta property=\"og:locale\" content=\"en_US\" \/>\n<meta property=\"og:type\" content=\"article\" \/>\n<meta property=\"og:title\" content=\"Contribuinte do estado de SP est\u00e1 autorizado a parcelar d\u00e9bito de ICMS | DBTesser Advogados\" \/>\n<meta property=\"og:description\" content=\"Foi publicada no dia 14 de agosto de 2019 no Di\u00e1rio Oficial do Estado de S\u00e3o Paulo a Resolu\u00e7\u00e3o Conjunta SFP\/PGE n\u02da 3\/2019 que disp\u00f5e sobre o parcelamento de d\u00e9bitos fiscais relacionados com o ICMS devidos a t\u00edtulos de sujei\u00e7\u00e3o passiva por substitui\u00e7\u00e3o tribut\u00e1ria. O contribuinte do estado de SP est\u00e1 autorizado a parcelar d\u00e9bito [&hellip;]\" \/>\n<meta property=\"og:url\" content=\"https:\/\/dbtesser.com.br\/en\/parcelamento-icms-contribuinte-do-estado-de-sp-esta-autorizado-a-parcelar-debito-de-icms\/\" \/>\n<meta property=\"og:site_name\" content=\"DBTesser Advogados\" \/>\n<meta property=\"article:published_time\" content=\"2019-08-23T13:28:03+00:00\" \/>\n<meta property=\"og:image\" content=\"https:\/\/dbtesser.com.br\/wp-content\/uploads\/2026\/02\/ECONOMIA-SITE-1.jpg\" \/>\n\t<meta property=\"og:image:width\" content=\"800\" \/>\n\t<meta property=\"og:image:height\" content=\"533\" \/>\n\t<meta property=\"og:image:type\" content=\"image\/jpeg\" \/>\n<meta name=\"author\" content=\"DB Tesser\" \/>\n<meta name=\"twitter:card\" content=\"summary_large_image\" \/>\n<meta name=\"twitter:label1\" content=\"Written by\" \/>\n\t<meta name=\"twitter:data1\" content=\"DB Tesser\" \/>\n\t<meta name=\"twitter:label2\" content=\"Est. reading time\" \/>\n\t<meta name=\"twitter:data2\" content=\"1 minute\" \/>\n<script type=\"application\/ld+json\" class=\"yoast-schema-graph\">{\"@context\":\"https:\/\/schema.org\",\"@graph\":[{\"@type\":\"Article\",\"@id\":\"https:\/\/dbtesser.com.br\/parcelamento-icms-contribuinte-do-estado-de-sp-esta-autorizado-a-parcelar-debito-de-icms\/#article\",\"isPartOf\":{\"@id\":\"https:\/\/dbtesser.com.br\/parcelamento-icms-contribuinte-do-estado-de-sp-esta-autorizado-a-parcelar-debito-de-icms\/\"},\"author\":{\"name\":\"DB Tesser\",\"@id\":\"https:\/\/dbtesser.com.br\/#\/schema\/person\/3414c67f51128e3d927f8011ab737728\"},\"headline\":\"Contribuinte do estado de SP est\u00e1 autorizado a parcelar d\u00e9bito de ICMS\",\"datePublished\":\"2019-08-23T13:28:03+00:00\",\"mainEntityOfPage\":{\"@id\":\"https:\/\/dbtesser.com.br\/parcelamento-icms-contribuinte-do-estado-de-sp-esta-autorizado-a-parcelar-debito-de-icms\/\"},\"wordCount\":137,\"image\":{\"@id\":\"https:\/\/dbtesser.com.br\/parcelamento-icms-contribuinte-do-estado-de-sp-esta-autorizado-a-parcelar-debito-de-icms\/#primaryimage\"},\"thumbnailUrl\":\"https:\/\/dbtesser.com.br\/wp-content\/uploads\/2026\/02\/ECONOMIA-SITE-1.jpg\",\"keywords\":[\"DB Tesser\",\"D\u00e9bitos fiscais\",\"Direito Aduaneiro\",\"Direito Tribut\u00e1rio\",\"Exporta\u00e7\u00e3o\",\"ICMS\",\"IMPORTA\u00c7\u00c3O\",\"Parcelamento\",\"Parcelamento de ICMS\",\"Substitui\u00e7\u00e3o tribut\u00e1ria\"],\"articleSection\":[\"Not\u00edcias\"],\"inLanguage\":\"en-US\"},{\"@type\":\"WebPage\",\"@id\":\"https:\/\/dbtesser.com.br\/parcelamento-icms-contribuinte-do-estado-de-sp-esta-autorizado-a-parcelar-debito-de-icms\/\",\"url\":\"https:\/\/dbtesser.com.br\/parcelamento-icms-contribuinte-do-estado-de-sp-esta-autorizado-a-parcelar-debito-de-icms\/\",\"name\":\"Contribuinte do estado de SP est\u00e1 autorizado a parcelar d\u00e9bito de ICMS | DBTesser Advogados\",\"isPartOf\":{\"@id\":\"https:\/\/dbtesser.com.br\/#website\"},\"primaryImageOfPage\":{\"@id\":\"https:\/\/dbtesser.com.br\/parcelamento-icms-contribuinte-do-estado-de-sp-esta-autorizado-a-parcelar-debito-de-icms\/#primaryimage\"},\"image\":{\"@id\":\"https:\/\/dbtesser.com.br\/parcelamento-icms-contribuinte-do-estado-de-sp-esta-autorizado-a-parcelar-debito-de-icms\/#primaryimage\"},\"thumbnailUrl\":\"https:\/\/dbtesser.com.br\/wp-content\/uploads\/2026\/02\/ECONOMIA-SITE-1.jpg\",\"datePublished\":\"2019-08-23T13:28:03+00:00\",\"author\":{\"@id\":\"https:\/\/dbtesser.com.br\/#\/schema\/person\/3414c67f51128e3d927f8011ab737728\"},\"breadcrumb\":{\"@id\":\"https:\/\/dbtesser.com.br\/parcelamento-icms-contribuinte-do-estado-de-sp-esta-autorizado-a-parcelar-debito-de-icms\/#breadcrumb\"},\"inLanguage\":\"en-US\",\"potentialAction\":[{\"@type\":\"ReadAction\",\"target\":[\"https:\/\/dbtesser.com.br\/parcelamento-icms-contribuinte-do-estado-de-sp-esta-autorizado-a-parcelar-debito-de-icms\/\"]}]},{\"@type\":\"ImageObject\",\"inLanguage\":\"en-US\",\"@id\":\"https:\/\/dbtesser.com.br\/parcelamento-icms-contribuinte-do-estado-de-sp-esta-autorizado-a-parcelar-debito-de-icms\/#primaryimage\",\"url\":\"https:\/\/dbtesser.com.br\/wp-content\/uploads\/2026\/02\/ECONOMIA-SITE-1.jpg\",\"contentUrl\":\"https:\/\/dbtesser.com.br\/wp-content\/uploads\/2026\/02\/ECONOMIA-SITE-1.jpg\",\"width\":800,\"height\":533,\"caption\":\"ECONOMIA SITE\"},{\"@type\":\"BreadcrumbList\",\"@id\":\"https:\/\/dbtesser.com.br\/parcelamento-icms-contribuinte-do-estado-de-sp-esta-autorizado-a-parcelar-debito-de-icms\/#breadcrumb\",\"itemListElement\":[{\"@type\":\"ListItem\",\"position\":1,\"name\":\"In\u00edcio\",\"item\":\"https:\/\/dbtesser.com.br\/en\/\"},{\"@type\":\"ListItem\",\"position\":2,\"name\":\"Contribuinte do estado de SP est\u00e1 autorizado a parcelar d\u00e9bito de ICMS\"}]},{\"@type\":\"WebSite\",\"@id\":\"https:\/\/dbtesser.com.br\/#website\",\"url\":\"https:\/\/dbtesser.com.br\/\",\"name\":\"DB Tesser Advogados\",\"description\":\"\",\"potentialAction\":[{\"@type\":\"SearchAction\",\"target\":{\"@type\":\"EntryPoint\",\"urlTemplate\":\"https:\/\/dbtesser.com.br\/?s={search_term_string}\"},\"query-input\":{\"@type\":\"PropertyValueSpecification\",\"valueRequired\":true,\"valueName\":\"search_term_string\"}}],\"inLanguage\":\"en-US\"},{\"@type\":\"Person\",\"@id\":\"https:\/\/dbtesser.com.br\/#\/schema\/person\/3414c67f51128e3d927f8011ab737728\",\"name\":\"DB Tesser\",\"url\":\"https:\/\/dbtesser.com.br\/en\/author\/db-tesser\/\"}]}<\/script>\n<!-- \/ Yoast SEO plugin. -->","yoast_head_json":{"title":"Contribuinte do estado de SP est\u00e1 autorizado a parcelar d\u00e9bito de ICMS | DBTesser Advogados","robots":{"index":"index","follow":"follow","max-snippet":"max-snippet:-1","max-image-preview":"max-image-preview:large","max-video-preview":"max-video-preview:-1"},"canonical":"https:\/\/dbtesser.com.br\/en\/parcelamento-icms-contribuinte-do-estado-de-sp-esta-autorizado-a-parcelar-debito-de-icms\/","og_locale":"en_US","og_type":"article","og_title":"Contribuinte do estado de SP est\u00e1 autorizado a parcelar d\u00e9bito de ICMS | DBTesser Advogados","og_description":"Foi publicada no dia 14 de agosto de 2019 no Di\u00e1rio Oficial do Estado de S\u00e3o Paulo a Resolu\u00e7\u00e3o Conjunta SFP\/PGE n\u02da 3\/2019 que disp\u00f5e sobre o parcelamento de d\u00e9bitos fiscais relacionados com o ICMS devidos a t\u00edtulos de sujei\u00e7\u00e3o passiva por substitui\u00e7\u00e3o tribut\u00e1ria. O contribuinte do estado de SP est\u00e1 autorizado a parcelar d\u00e9bito [&hellip;]","og_url":"https:\/\/dbtesser.com.br\/en\/parcelamento-icms-contribuinte-do-estado-de-sp-esta-autorizado-a-parcelar-debito-de-icms\/","og_site_name":"DBTesser Advogados","article_published_time":"2019-08-23T13:28:03+00:00","og_image":[{"width":800,"height":533,"url":"https:\/\/dbtesser.com.br\/wp-content\/uploads\/2026\/02\/ECONOMIA-SITE-1.jpg","type":"image\/jpeg"}],"author":"DB Tesser","twitter_card":"summary_large_image","twitter_misc":{"Written by":"DB Tesser","Est. reading time":"1 minute"},"schema":{"@context":"https:\/\/schema.org","@graph":[{"@type":"Article","@id":"https:\/\/dbtesser.com.br\/parcelamento-icms-contribuinte-do-estado-de-sp-esta-autorizado-a-parcelar-debito-de-icms\/#article","isPartOf":{"@id":"https:\/\/dbtesser.com.br\/parcelamento-icms-contribuinte-do-estado-de-sp-esta-autorizado-a-parcelar-debito-de-icms\/"},"author":{"name":"DB Tesser","@id":"https:\/\/dbtesser.com.br\/#\/schema\/person\/3414c67f51128e3d927f8011ab737728"},"headline":"Contribuinte do estado de SP est\u00e1 autorizado a parcelar d\u00e9bito de ICMS","datePublished":"2019-08-23T13:28:03+00:00","mainEntityOfPage":{"@id":"https:\/\/dbtesser.com.br\/parcelamento-icms-contribuinte-do-estado-de-sp-esta-autorizado-a-parcelar-debito-de-icms\/"},"wordCount":137,"image":{"@id":"https:\/\/dbtesser.com.br\/parcelamento-icms-contribuinte-do-estado-de-sp-esta-autorizado-a-parcelar-debito-de-icms\/#primaryimage"},"thumbnailUrl":"https:\/\/dbtesser.com.br\/wp-content\/uploads\/2026\/02\/ECONOMIA-SITE-1.jpg","keywords":["DB Tesser","D\u00e9bitos fiscais","Direito Aduaneiro","Direito Tribut\u00e1rio","Exporta\u00e7\u00e3o","ICMS","IMPORTA\u00c7\u00c3O","Parcelamento","Parcelamento de ICMS","Substitui\u00e7\u00e3o tribut\u00e1ria"],"articleSection":["Not\u00edcias"],"inLanguage":"en-US"},{"@type":"WebPage","@id":"https:\/\/dbtesser.com.br\/parcelamento-icms-contribuinte-do-estado-de-sp-esta-autorizado-a-parcelar-debito-de-icms\/","url":"https:\/\/dbtesser.com.br\/parcelamento-icms-contribuinte-do-estado-de-sp-esta-autorizado-a-parcelar-debito-de-icms\/","name":"Contribuinte do estado de SP est\u00e1 autorizado a parcelar d\u00e9bito de ICMS | DBTesser Advogados","isPartOf":{"@id":"https:\/\/dbtesser.com.br\/#website"},"primaryImageOfPage":{"@id":"https:\/\/dbtesser.com.br\/parcelamento-icms-contribuinte-do-estado-de-sp-esta-autorizado-a-parcelar-debito-de-icms\/#primaryimage"},"image":{"@id":"https:\/\/dbtesser.com.br\/parcelamento-icms-contribuinte-do-estado-de-sp-esta-autorizado-a-parcelar-debito-de-icms\/#primaryimage"},"thumbnailUrl":"https:\/\/dbtesser.com.br\/wp-content\/uploads\/2026\/02\/ECONOMIA-SITE-1.jpg","datePublished":"2019-08-23T13:28:03+00:00","author":{"@id":"https:\/\/dbtesser.com.br\/#\/schema\/person\/3414c67f51128e3d927f8011ab737728"},"breadcrumb":{"@id":"https:\/\/dbtesser.com.br\/parcelamento-icms-contribuinte-do-estado-de-sp-esta-autorizado-a-parcelar-debito-de-icms\/#breadcrumb"},"inLanguage":"en-US","potentialAction":[{"@type":"ReadAction","target":["https:\/\/dbtesser.com.br\/parcelamento-icms-contribuinte-do-estado-de-sp-esta-autorizado-a-parcelar-debito-de-icms\/"]}]},{"@type":"ImageObject","inLanguage":"en-US","@id":"https:\/\/dbtesser.com.br\/parcelamento-icms-contribuinte-do-estado-de-sp-esta-autorizado-a-parcelar-debito-de-icms\/#primaryimage","url":"https:\/\/dbtesser.com.br\/wp-content\/uploads\/2026\/02\/ECONOMIA-SITE-1.jpg","contentUrl":"https:\/\/dbtesser.com.br\/wp-content\/uploads\/2026\/02\/ECONOMIA-SITE-1.jpg","width":800,"height":533,"caption":"ECONOMIA SITE"},{"@type":"BreadcrumbList","@id":"https:\/\/dbtesser.com.br\/parcelamento-icms-contribuinte-do-estado-de-sp-esta-autorizado-a-parcelar-debito-de-icms\/#breadcrumb","itemListElement":[{"@type":"ListItem","position":1,"name":"In\u00edcio","item":"https:\/\/dbtesser.com.br\/en\/"},{"@type":"ListItem","position":2,"name":"Contribuinte do estado de SP est\u00e1 autorizado a parcelar d\u00e9bito de ICMS"}]},{"@type":"WebSite","@id":"https:\/\/dbtesser.com.br\/#website","url":"https:\/\/dbtesser.com.br\/","name":"DB Tesser Lawyers","description":"","potentialAction":[{"@type":"SearchAction","target":{"@type":"EntryPoint","urlTemplate":"https:\/\/dbtesser.com.br\/?s={search_term_string}"},"query-input":{"@type":"PropertyValueSpecification","valueRequired":true,"valueName":"search_term_string"}}],"inLanguage":"en-US"},{"@type":"Person","@id":"https:\/\/dbtesser.com.br\/#\/schema\/person\/3414c67f51128e3d927f8011ab737728","name":"DB Tesser","url":"https:\/\/dbtesser.com.br\/en\/author\/db-tesser\/"}]}},"_links":{"self":[{"href":"https:\/\/dbtesser.com.br\/en\/wp-json\/wp\/v2\/posts\/2348","targetHints":{"allow":["GET"]}}],"collection":[{"href":"https:\/\/dbtesser.com.br\/en\/wp-json\/wp\/v2\/posts"}],"about":[{"href":"https:\/\/dbtesser.com.br\/en\/wp-json\/wp\/v2\/types\/post"}],"author":[{"embeddable":true,"href":"https:\/\/dbtesser.com.br\/en\/wp-json\/wp\/v2\/users\/4007"}],"replies":[{"embeddable":true,"href":"https:\/\/dbtesser.com.br\/en\/wp-json\/wp\/v2\/comments?post=2348"}],"version-history":[{"count":0,"href":"https:\/\/dbtesser.com.br\/en\/wp-json\/wp\/v2\/posts\/2348\/revisions"}],"wp:featuredmedia":[{"embeddable":true,"href":"https:\/\/dbtesser.com.br\/en\/wp-json\/wp\/v2\/media\/2347"}],"wp:attachment":[{"href":"https:\/\/dbtesser.com.br\/en\/wp-json\/wp\/v2\/media?parent=2348"}],"wp:term":[{"taxonomy":"category","embeddable":true,"href":"https:\/\/dbtesser.com.br\/en\/wp-json\/wp\/v2\/categories?post=2348"},{"taxonomy":"post_tag","embeddable":true,"href":"https:\/\/dbtesser.com.br\/en\/wp-json\/wp\/v2\/tags?post=2348"}],"curies":[{"name":"wp","href":"https:\/\/api.w.org\/{rel}","templated":true}]}}