{"id":2357,"date":"2019-08-13T12:39:24","date_gmt":"2019-08-13T15:39:24","guid":{"rendered":"https:\/\/dbtesser.siteup.dev\/admissao-pelo-carf-de-provas-ilicitamente-obtidas-mantem-cobranca-tributaria\/"},"modified":"2019-08-13T12:39:24","modified_gmt":"2019-08-13T15:39:24","slug":"admissao-pelo-carf-de-provas-ilicitamente-obtidas-mantem-cobranca-tributaria","status":"publish","type":"post","link":"https:\/\/dbtesser.com.br\/en\/admissao-pelo-carf-de-provas-ilicitamente-obtidas-mantem-cobranca-tributaria\/","title":{"rendered":"Admiss\u00e3o pelo CARF de provas ilicitamente obtidas mant\u00e9m cobran\u00e7a tribut\u00e1ria"},"content":{"rendered":"<div class=\"wp-block-image\"><figure class=\"aligncenter\"><img decoding=\"async\" src=\"https:\/\/dbtesser.com.br\/wp-content\/uploads\/2026\/02\/new1-sit-1.jpg\" alt=\"\" class=\"wp-image-441\"\/><\/figure><\/div>\n\n\n\n<p>Em Acord\u00e3o promovido pelo 3\u00aa Turma da C\u00e2mara Superior de Recursos Fiscais \u2013 CARF, entendeu-se por bem admitir provas ilicitamente obtidas, servindo de base para manter um auto de infra\u00e7\u00e3o da Receita Federal, e , com consequ\u00eancia gerar uma cobran\u00e7a tribut\u00e1ria.<\/p>\n\n\n\n<p>Tal entendimento \u00e9 resultado da utiliza\u00e7\u00e3o da Teoria da\nDescoberta Inevit\u00e1vel, pertencente ao universo do direito penal, aqui aplicada\n\u00e0 a\u00e7\u00e3o fiscal. Segundo o CARF, tal transbordamento \u00e9 permitido sob o argumento\nde que as provas poderiam ser obtidas por meios independentes, seguindo os\nprocedimentos de praxe da Fiscaliza\u00e7\u00e3o, chegando ao mesmo resultado.<\/p>\n\n\n\n<p>Em contrapartida, especialistas e Conselheiros do pr\u00f3prio CARF divergem de tal entendimento.<\/p>\n\n\n\n<p>Source: <a href=\"https:\/\/www.jota.info\/tributos-e-empresas\/tributario\/carf-provas-ilicitas-operacao-diluvio-02082019\">JOTA<\/a><\/p>\n\n\n\n<p><strong><a href=\"https:\/\/dbtesser.com.br\/en\/#contato\">If you have any questions, please contact our specialized team so we can assist you.<\/a><\/strong><\/p>","protected":false},"excerpt":{"rendered":"<p>Em Acord\u00e3o promovido pelo 3\u00aa Turma da C\u00e2mara Superior de Recursos Fiscais \u2013 CARF, entendeu-se por bem admitir provas ilicitamente obtidas, servindo de base para manter um auto de infra\u00e7\u00e3o da Receita Federal, e , com consequ\u00eancia gerar uma cobran\u00e7a tribut\u00e1ria. Tal entendimento \u00e9 resultado da utiliza\u00e7\u00e3o da Teoria da Descoberta Inevit\u00e1vel, pertencente ao universo [&hellip;]<\/p>\n","protected":false},"author":4007,"featured_media":2356,"comment_status":"","ping_status":"open","sticky":false,"template":"","format":"standard","meta":{"footnotes":""},"categories":[23],"tags":[92,108,178,182,467],"class_list":["post-2357","post","type-post","status-publish","format-standard","has-post-thumbnail","hentry","category-noticias","tag-carf","tag-cobranca-tributaria","tag-direito-aduaneiro","tag-direito-tributario","tag-stj"],"yoast_head":"<!-- This site is optimized with the Yoast SEO plugin v27.2 - https:\/\/yoast.com\/product\/yoast-seo-wordpress\/ -->\n<title>Admiss\u00e3o pelo CARF de provas ilicitamente obtidas mant\u00e9m cobran\u00e7a tribut\u00e1ria | DBTesser Advogados<\/title>\n<meta name=\"robots\" content=\"index, follow, max-snippet:-1, max-image-preview:large, max-video-preview:-1\" \/>\n<link rel=\"canonical\" href=\"https:\/\/dbtesser.com.br\/en\/admissao-pelo-carf-de-provas-ilicitamente-obtidas-mantem-cobranca-tributaria\/\" \/>\n<meta property=\"og:locale\" content=\"en_US\" \/>\n<meta property=\"og:type\" content=\"article\" \/>\n<meta property=\"og:title\" content=\"Admiss\u00e3o pelo CARF de provas ilicitamente obtidas mant\u00e9m cobran\u00e7a tribut\u00e1ria | DBTesser Advogados\" \/>\n<meta property=\"og:description\" content=\"Em Acord\u00e3o promovido pelo 3\u00aa Turma da C\u00e2mara Superior de Recursos Fiscais \u2013 CARF, entendeu-se por bem admitir provas ilicitamente obtidas, servindo de base para manter um auto de infra\u00e7\u00e3o da Receita Federal, e , com consequ\u00eancia gerar uma cobran\u00e7a tribut\u00e1ria. Tal entendimento \u00e9 resultado da utiliza\u00e7\u00e3o da Teoria da Descoberta Inevit\u00e1vel, pertencente ao universo [&hellip;]\" \/>\n<meta property=\"og:url\" content=\"https:\/\/dbtesser.com.br\/en\/admissao-pelo-carf-de-provas-ilicitamente-obtidas-mantem-cobranca-tributaria\/\" \/>\n<meta property=\"og:site_name\" content=\"DBTesser Advogados\" \/>\n<meta property=\"article:published_time\" content=\"2019-08-13T15:39:24+00:00\" \/>\n<meta property=\"og:image\" content=\"https:\/\/dbtesser.com.br\/wp-content\/uploads\/2026\/02\/new1-sit-1.jpg\" \/>\n\t<meta property=\"og:image:width\" content=\"800\" \/>\n\t<meta property=\"og:image:height\" content=\"470\" \/>\n\t<meta property=\"og:image:type\" content=\"image\/jpeg\" \/>\n<meta name=\"author\" content=\"DB Tesser\" \/>\n<meta name=\"twitter:card\" content=\"summary_large_image\" \/>\n<meta name=\"twitter:label1\" content=\"Written by\" \/>\n\t<meta name=\"twitter:data1\" content=\"DB Tesser\" \/>\n\t<meta name=\"twitter:label2\" content=\"Est. reading time\" \/>\n\t<meta name=\"twitter:data2\" content=\"1 minute\" \/>\n<script type=\"application\/ld+json\" class=\"yoast-schema-graph\">{\"@context\":\"https:\/\/schema.org\",\"@graph\":[{\"@type\":\"Article\",\"@id\":\"https:\/\/dbtesser.com.br\/en\/admissao-pelo-carf-de-provas-ilicitamente-obtidas-mantem-cobranca-tributaria\/#article\",\"isPartOf\":{\"@id\":\"https:\/\/dbtesser.com.br\/en\/admissao-pelo-carf-de-provas-ilicitamente-obtidas-mantem-cobranca-tributaria\/\"},\"author\":{\"name\":\"DB Tesser\",\"@id\":\"https:\/\/dbtesser.com.br\/#\/schema\/person\/3414c67f51128e3d927f8011ab737728\"},\"headline\":\"Admiss\u00e3o pelo CARF de provas ilicitamente obtidas mant\u00e9m cobran\u00e7a tribut\u00e1ria\",\"datePublished\":\"2019-08-13T15:39:24+00:00\",\"mainEntityOfPage\":{\"@id\":\"https:\/\/dbtesser.com.br\/en\/admissao-pelo-carf-de-provas-ilicitamente-obtidas-mantem-cobranca-tributaria\/\"},\"wordCount\":145,\"image\":{\"@id\":\"https:\/\/dbtesser.com.br\/en\/admissao-pelo-carf-de-provas-ilicitamente-obtidas-mantem-cobranca-tributaria\/#primaryimage\"},\"thumbnailUrl\":\"https:\/\/dbtesser.com.br\/wp-content\/uploads\/2026\/02\/new1-sit-1.jpg\",\"keywords\":[\"Carf\",\"Cobran\u00e7a Tribut\u00e1ria\",\"Direito Aduaneiro\",\"Direito Tribut\u00e1rio\",\"STJ\"],\"articleSection\":[\"Not\u00edcias\"],\"inLanguage\":\"en-US\"},{\"@type\":\"WebPage\",\"@id\":\"https:\/\/dbtesser.com.br\/en\/admissao-pelo-carf-de-provas-ilicitamente-obtidas-mantem-cobranca-tributaria\/\",\"url\":\"https:\/\/dbtesser.com.br\/en\/admissao-pelo-carf-de-provas-ilicitamente-obtidas-mantem-cobranca-tributaria\/\",\"name\":\"Admiss\u00e3o pelo CARF de provas ilicitamente obtidas mant\u00e9m cobran\u00e7a tribut\u00e1ria | DBTesser Advogados\",\"isPartOf\":{\"@id\":\"https:\/\/dbtesser.com.br\/#website\"},\"primaryImageOfPage\":{\"@id\":\"https:\/\/dbtesser.com.br\/en\/admissao-pelo-carf-de-provas-ilicitamente-obtidas-mantem-cobranca-tributaria\/#primaryimage\"},\"image\":{\"@id\":\"https:\/\/dbtesser.com.br\/en\/admissao-pelo-carf-de-provas-ilicitamente-obtidas-mantem-cobranca-tributaria\/#primaryimage\"},\"thumbnailUrl\":\"https:\/\/dbtesser.com.br\/wp-content\/uploads\/2026\/02\/new1-sit-1.jpg\",\"datePublished\":\"2019-08-13T15:39:24+00:00\",\"author\":{\"@id\":\"https:\/\/dbtesser.com.br\/#\/schema\/person\/3414c67f51128e3d927f8011ab737728\"},\"breadcrumb\":{\"@id\":\"https:\/\/dbtesser.com.br\/en\/admissao-pelo-carf-de-provas-ilicitamente-obtidas-mantem-cobranca-tributaria\/#breadcrumb\"},\"inLanguage\":\"en-US\",\"potentialAction\":[{\"@type\":\"ReadAction\",\"target\":[\"https:\/\/dbtesser.com.br\/en\/admissao-pelo-carf-de-provas-ilicitamente-obtidas-mantem-cobranca-tributaria\/\"]}]},{\"@type\":\"ImageObject\",\"inLanguage\":\"en-US\",\"@id\":\"https:\/\/dbtesser.com.br\/en\/admissao-pelo-carf-de-provas-ilicitamente-obtidas-mantem-cobranca-tributaria\/#primaryimage\",\"url\":\"https:\/\/dbtesser.com.br\/wp-content\/uploads\/2026\/02\/new1-sit-1.jpg\",\"contentUrl\":\"https:\/\/dbtesser.com.br\/wp-content\/uploads\/2026\/02\/new1-sit-1.jpg\",\"width\":800,\"height\":470,\"caption\":\"new sit\"},{\"@type\":\"BreadcrumbList\",\"@id\":\"https:\/\/dbtesser.com.br\/en\/admissao-pelo-carf-de-provas-ilicitamente-obtidas-mantem-cobranca-tributaria\/#breadcrumb\",\"itemListElement\":[{\"@type\":\"ListItem\",\"position\":1,\"name\":\"In\u00edcio\",\"item\":\"https:\/\/dbtesser.com.br\/en\/\"},{\"@type\":\"ListItem\",\"position\":2,\"name\":\"Admiss\u00e3o pelo CARF de provas ilicitamente obtidas mant\u00e9m cobran\u00e7a tribut\u00e1ria\"}]},{\"@type\":\"WebSite\",\"@id\":\"https:\/\/dbtesser.com.br\/#website\",\"url\":\"https:\/\/dbtesser.com.br\/\",\"name\":\"DB Tesser Advogados\",\"description\":\"\",\"potentialAction\":[{\"@type\":\"SearchAction\",\"target\":{\"@type\":\"EntryPoint\",\"urlTemplate\":\"https:\/\/dbtesser.com.br\/?s={search_term_string}\"},\"query-input\":{\"@type\":\"PropertyValueSpecification\",\"valueRequired\":true,\"valueName\":\"search_term_string\"}}],\"inLanguage\":\"en-US\"},{\"@type\":\"Person\",\"@id\":\"https:\/\/dbtesser.com.br\/#\/schema\/person\/3414c67f51128e3d927f8011ab737728\",\"name\":\"DB Tesser\",\"url\":\"https:\/\/dbtesser.com.br\/en\/author\/db-tesser\/\"}]}<\/script>\n<!-- \/ Yoast SEO plugin. -->","yoast_head_json":{"title":"Admiss\u00e3o pelo CARF de provas ilicitamente obtidas mant\u00e9m cobran\u00e7a tribut\u00e1ria | DBTesser Advogados","robots":{"index":"index","follow":"follow","max-snippet":"max-snippet:-1","max-image-preview":"max-image-preview:large","max-video-preview":"max-video-preview:-1"},"canonical":"https:\/\/dbtesser.com.br\/en\/admissao-pelo-carf-de-provas-ilicitamente-obtidas-mantem-cobranca-tributaria\/","og_locale":"en_US","og_type":"article","og_title":"Admiss\u00e3o pelo CARF de provas ilicitamente obtidas mant\u00e9m cobran\u00e7a tribut\u00e1ria | DBTesser Advogados","og_description":"Em Acord\u00e3o promovido pelo 3\u00aa Turma da C\u00e2mara Superior de Recursos Fiscais \u2013 CARF, entendeu-se por bem admitir provas ilicitamente obtidas, servindo de base para manter um auto de infra\u00e7\u00e3o da Receita Federal, e , com consequ\u00eancia gerar uma cobran\u00e7a tribut\u00e1ria. Tal entendimento \u00e9 resultado da utiliza\u00e7\u00e3o da Teoria da Descoberta Inevit\u00e1vel, pertencente ao universo [&hellip;]","og_url":"https:\/\/dbtesser.com.br\/en\/admissao-pelo-carf-de-provas-ilicitamente-obtidas-mantem-cobranca-tributaria\/","og_site_name":"DBTesser Advogados","article_published_time":"2019-08-13T15:39:24+00:00","og_image":[{"width":800,"height":470,"url":"https:\/\/dbtesser.com.br\/wp-content\/uploads\/2026\/02\/new1-sit-1.jpg","type":"image\/jpeg"}],"author":"DB Tesser","twitter_card":"summary_large_image","twitter_misc":{"Written by":"DB Tesser","Est. reading time":"1 minute"},"schema":{"@context":"https:\/\/schema.org","@graph":[{"@type":"Article","@id":"https:\/\/dbtesser.com.br\/en\/admissao-pelo-carf-de-provas-ilicitamente-obtidas-mantem-cobranca-tributaria\/#article","isPartOf":{"@id":"https:\/\/dbtesser.com.br\/en\/admissao-pelo-carf-de-provas-ilicitamente-obtidas-mantem-cobranca-tributaria\/"},"author":{"name":"DB Tesser","@id":"https:\/\/dbtesser.com.br\/#\/schema\/person\/3414c67f51128e3d927f8011ab737728"},"headline":"Admiss\u00e3o pelo CARF de provas ilicitamente obtidas mant\u00e9m cobran\u00e7a tribut\u00e1ria","datePublished":"2019-08-13T15:39:24+00:00","mainEntityOfPage":{"@id":"https:\/\/dbtesser.com.br\/en\/admissao-pelo-carf-de-provas-ilicitamente-obtidas-mantem-cobranca-tributaria\/"},"wordCount":145,"image":{"@id":"https:\/\/dbtesser.com.br\/en\/admissao-pelo-carf-de-provas-ilicitamente-obtidas-mantem-cobranca-tributaria\/#primaryimage"},"thumbnailUrl":"https:\/\/dbtesser.com.br\/wp-content\/uploads\/2026\/02\/new1-sit-1.jpg","keywords":["Carf","Cobran\u00e7a Tribut\u00e1ria","Direito Aduaneiro","Direito Tribut\u00e1rio","STJ"],"articleSection":["Not\u00edcias"],"inLanguage":"en-US"},{"@type":"WebPage","@id":"https:\/\/dbtesser.com.br\/en\/admissao-pelo-carf-de-provas-ilicitamente-obtidas-mantem-cobranca-tributaria\/","url":"https:\/\/dbtesser.com.br\/en\/admissao-pelo-carf-de-provas-ilicitamente-obtidas-mantem-cobranca-tributaria\/","name":"Admiss\u00e3o pelo CARF de provas ilicitamente obtidas mant\u00e9m cobran\u00e7a tribut\u00e1ria | DBTesser Advogados","isPartOf":{"@id":"https:\/\/dbtesser.com.br\/#website"},"primaryImageOfPage":{"@id":"https:\/\/dbtesser.com.br\/en\/admissao-pelo-carf-de-provas-ilicitamente-obtidas-mantem-cobranca-tributaria\/#primaryimage"},"image":{"@id":"https:\/\/dbtesser.com.br\/en\/admissao-pelo-carf-de-provas-ilicitamente-obtidas-mantem-cobranca-tributaria\/#primaryimage"},"thumbnailUrl":"https:\/\/dbtesser.com.br\/wp-content\/uploads\/2026\/02\/new1-sit-1.jpg","datePublished":"2019-08-13T15:39:24+00:00","author":{"@id":"https:\/\/dbtesser.com.br\/#\/schema\/person\/3414c67f51128e3d927f8011ab737728"},"breadcrumb":{"@id":"https:\/\/dbtesser.com.br\/en\/admissao-pelo-carf-de-provas-ilicitamente-obtidas-mantem-cobranca-tributaria\/#breadcrumb"},"inLanguage":"en-US","potentialAction":[{"@type":"ReadAction","target":["https:\/\/dbtesser.com.br\/en\/admissao-pelo-carf-de-provas-ilicitamente-obtidas-mantem-cobranca-tributaria\/"]}]},{"@type":"ImageObject","inLanguage":"en-US","@id":"https:\/\/dbtesser.com.br\/en\/admissao-pelo-carf-de-provas-ilicitamente-obtidas-mantem-cobranca-tributaria\/#primaryimage","url":"https:\/\/dbtesser.com.br\/wp-content\/uploads\/2026\/02\/new1-sit-1.jpg","contentUrl":"https:\/\/dbtesser.com.br\/wp-content\/uploads\/2026\/02\/new1-sit-1.jpg","width":800,"height":470,"caption":"new sit"},{"@type":"BreadcrumbList","@id":"https:\/\/dbtesser.com.br\/en\/admissao-pelo-carf-de-provas-ilicitamente-obtidas-mantem-cobranca-tributaria\/#breadcrumb","itemListElement":[{"@type":"ListItem","position":1,"name":"In\u00edcio","item":"https:\/\/dbtesser.com.br\/en\/"},{"@type":"ListItem","position":2,"name":"Admiss\u00e3o pelo CARF de provas ilicitamente obtidas mant\u00e9m cobran\u00e7a tribut\u00e1ria"}]},{"@type":"WebSite","@id":"https:\/\/dbtesser.com.br\/#website","url":"https:\/\/dbtesser.com.br\/","name":"DB Tesser Lawyers","description":"","potentialAction":[{"@type":"SearchAction","target":{"@type":"EntryPoint","urlTemplate":"https:\/\/dbtesser.com.br\/?s={search_term_string}"},"query-input":{"@type":"PropertyValueSpecification","valueRequired":true,"valueName":"search_term_string"}}],"inLanguage":"en-US"},{"@type":"Person","@id":"https:\/\/dbtesser.com.br\/#\/schema\/person\/3414c67f51128e3d927f8011ab737728","name":"DB Tesser","url":"https:\/\/dbtesser.com.br\/en\/author\/db-tesser\/"}]}},"_links":{"self":[{"href":"https:\/\/dbtesser.com.br\/en\/wp-json\/wp\/v2\/posts\/2357","targetHints":{"allow":["GET"]}}],"collection":[{"href":"https:\/\/dbtesser.com.br\/en\/wp-json\/wp\/v2\/posts"}],"about":[{"href":"https:\/\/dbtesser.com.br\/en\/wp-json\/wp\/v2\/types\/post"}],"author":[{"embeddable":true,"href":"https:\/\/dbtesser.com.br\/en\/wp-json\/wp\/v2\/users\/4007"}],"replies":[{"embeddable":true,"href":"https:\/\/dbtesser.com.br\/en\/wp-json\/wp\/v2\/comments?post=2357"}],"version-history":[{"count":0,"href":"https:\/\/dbtesser.com.br\/en\/wp-json\/wp\/v2\/posts\/2357\/revisions"}],"wp:featuredmedia":[{"embeddable":true,"href":"https:\/\/dbtesser.com.br\/en\/wp-json\/wp\/v2\/media\/2356"}],"wp:attachment":[{"href":"https:\/\/dbtesser.com.br\/en\/wp-json\/wp\/v2\/media?parent=2357"}],"wp:term":[{"taxonomy":"category","embeddable":true,"href":"https:\/\/dbtesser.com.br\/en\/wp-json\/wp\/v2\/categories?post=2357"},{"taxonomy":"post_tag","embeddable":true,"href":"https:\/\/dbtesser.com.br\/en\/wp-json\/wp\/v2\/tags?post=2357"}],"curies":[{"name":"wp","href":"https:\/\/api.w.org\/{rel}","templated":true}]}}