{"id":2361,"date":"2019-08-07T13:19:44","date_gmt":"2019-08-07T16:19:44","guid":{"rendered":"https:\/\/dbtesser.siteup.dev\/erro-na-capitulacao-legal-e-causa-de-nulidade-do-auto-de-infracao\/"},"modified":"2019-08-07T13:19:44","modified_gmt":"2019-08-07T16:19:44","slug":"error-in-legal-classification-and-cause-for-annulment-of-the-infraction-notice","status":"publish","type":"post","link":"https:\/\/dbtesser.com.br\/en\/erro-na-capitulacao-legal-e-causa-de-nulidade-do-auto-de-infracao\/","title":{"rendered":"An error in the legal classification is grounds for annulment of the infraction notice."},"content":{"rendered":"<div class=\"wp-block-image\"><figure class=\"aligncenter\"><img decoding=\"async\" src=\"https:\/\/dbtesser.com.br\/wp-content\/uploads\/2026\/02\/INFRACAO-07.08-1.jpg\" alt=\"\" class=\"wp-image-430\"\/><\/figure><\/div>\n\n\n\n<p>In case number 11050.721119\/2013-73, the CARF (Administrative Council of Tax Appeals), in accordance with the understanding expressed in ruling number 9303-006.206, unanimously denied the appeal of the National Treasury, upholding the annulment of the tax assessment due to an error in the classification of the imposed fine. In this case, the taxpayer was notified of the issuance of a tax assessment, following a customs inspection, due to the alleged occurrence of under-invoicing in imports.<\/p>\n\n\n\n<p>The problem is that the tax authorities, in addition to demanding the taxes resulting from the import operation, also ordered the application of a fine as a conversion of the forfeiture penalty, based on the value of the goods. However, current legislation provides for the application of a fine based on the difference between the declared price and the price actually practiced in the import.<\/p>\n\n\n\n<p>Given the error in the legal classification of the penalty, the infraction notice was annulled in a decision issued by the CARF (Administrative Council of Tax Appeals). <\/p>\n\n\n\n<p>Many companies suffer from undue taxation, and to avoid such tax problems with their imported goods, importers have sought legal counsel to gain greater security regarding the tax classification of their goods, as well as preventing illegal customs valuations.<\/p>\n\n\n\n<p>Stay informed! <\/p>\n\n\n\n<p>News commented on by\u00a0<strong>Jacqueline Margutti,\u00a0<\/strong><em>Lawyer, graduated in Law in<\/em>\u00a02011 by Mackenzie Presbyterian University.<br><em>Area of Expertise: Tax Law. Brazilian Bar Association (OAB):<\/em>\u00a0320.845. <\/p>\n\n\n\n<p><strong><a href=\"https:\/\/dbtesser.com.br\/en\/#contato\">If you have any questions, please contact our specialized team so we can assist you.<\/a><\/strong><\/p>\n\n\n\n<p><\/p>","protected":false},"excerpt":{"rendered":"<p>O CARF nos autos do processo n\u00ba 11050.721119\/2013-73, conforme entendimento proferido no ac\u00f3rd\u00e3o n\u00ba 9303-006.206, por unanimidade de votos, negou provimento ao recurso da Fazenda Nacional, sendo mantida a anula\u00e7\u00e3o do auto de infra\u00e7\u00e3o em decorr\u00eancia de erro na capitula\u00e7\u00e3o da multa arbitrada. No caso em apre\u00e7o o contribuinte foi notificado da lavratura de auto [&hellip;]<\/p>\n","protected":false},"author":4007,"featured_media":2360,"comment_status":"","ping_status":"open","sticky":false,"template":"","format":"standard","meta":{"footnotes":""},"categories":[23],"tags":[61,92,178,182,236,256,469,490],"class_list":["post-2361","post","type-post","status-publish","format-standard","has-post-thumbnail","hentry","category-noticias","tag-auto-de-infracao","tag-carf","tag-direito-aduaneiro","tag-direito-tributario","tag-fiscalizacao-aduaneira","tag-importacao-2","tag-subfaturamento","tag-tributacao"],"yoast_head":"<!-- This site is optimized with the Yoast SEO plugin v27.2 - https:\/\/yoast.com\/product\/yoast-seo-wordpress\/ -->\n<title>Erro na capitula\u00e7\u00e3o legal \u00e9 causa de nulidade do Auto de Infra\u00e7\u00e3o | DBTesser Advogados<\/title>\n<meta name=\"robots\" content=\"index, follow, max-snippet:-1, max-image-preview:large, max-video-preview:-1\" \/>\n<link rel=\"canonical\" href=\"https:\/\/dbtesser.com.br\/en\/error-in-legal-classification-and-cause-for-annulment-of-the-infraction-notice\/\" \/>\n<meta property=\"og:locale\" content=\"en_US\" \/>\n<meta property=\"og:type\" content=\"article\" \/>\n<meta property=\"og:title\" content=\"Erro na capitula\u00e7\u00e3o legal \u00e9 causa de nulidade do Auto de Infra\u00e7\u00e3o | DBTesser Advogados\" \/>\n<meta property=\"og:description\" content=\"O CARF nos autos do processo n\u00ba 11050.721119\/2013-73, conforme entendimento proferido no ac\u00f3rd\u00e3o n\u00ba 9303-006.206, por unanimidade de votos, negou provimento ao recurso da Fazenda Nacional, sendo mantida a anula\u00e7\u00e3o do auto de infra\u00e7\u00e3o em decorr\u00eancia de erro na capitula\u00e7\u00e3o da multa arbitrada. No caso em apre\u00e7o o contribuinte foi notificado da lavratura de auto [&hellip;]\" \/>\n<meta property=\"og:url\" content=\"https:\/\/dbtesser.com.br\/en\/error-in-legal-classification-and-cause-for-annulment-of-the-infraction-notice\/\" \/>\n<meta property=\"og:site_name\" content=\"DBTesser Advogados\" \/>\n<meta property=\"article:published_time\" content=\"2019-08-07T16:19:44+00:00\" \/>\n<meta property=\"og:image\" content=\"https:\/\/dbtesser.com.br\/wp-content\/uploads\/2026\/02\/INFRACAO-07.08-1.jpg\" \/>\n\t<meta property=\"og:image:width\" content=\"800\" \/>\n\t<meta property=\"og:image:height\" content=\"533\" \/>\n\t<meta property=\"og:image:type\" content=\"image\/jpeg\" \/>\n<meta name=\"author\" content=\"DB Tesser\" \/>\n<meta name=\"twitter:card\" content=\"summary_large_image\" \/>\n<meta name=\"twitter:label1\" content=\"Written by\" \/>\n\t<meta name=\"twitter:data1\" content=\"DB Tesser\" \/>\n\t<meta name=\"twitter:label2\" content=\"Est. reading time\" \/>\n\t<meta name=\"twitter:data2\" content=\"1 minute\" \/>\n<script type=\"application\/ld+json\" class=\"yoast-schema-graph\">{\"@context\":\"https:\/\/schema.org\",\"@graph\":[{\"@type\":\"Article\",\"@id\":\"https:\/\/dbtesser.com.br\/erro-na-capitulacao-legal-e-causa-de-nulidade-do-auto-de-infracao\/#article\",\"isPartOf\":{\"@id\":\"https:\/\/dbtesser.com.br\/erro-na-capitulacao-legal-e-causa-de-nulidade-do-auto-de-infracao\/\"},\"author\":{\"name\":\"DB Tesser\",\"@id\":\"https:\/\/dbtesser.com.br\/#\/schema\/person\/3414c67f51128e3d927f8011ab737728\"},\"headline\":\"Erro na capitula\u00e7\u00e3o legal \u00e9 causa de nulidade do Auto de Infra\u00e7\u00e3o\",\"datePublished\":\"2019-08-07T16:19:44+00:00\",\"mainEntityOfPage\":{\"@id\":\"https:\/\/dbtesser.com.br\/erro-na-capitulacao-legal-e-causa-de-nulidade-do-auto-de-infracao\/\"},\"wordCount\":286,\"image\":{\"@id\":\"https:\/\/dbtesser.com.br\/erro-na-capitulacao-legal-e-causa-de-nulidade-do-auto-de-infracao\/#primaryimage\"},\"thumbnailUrl\":\"https:\/\/dbtesser.com.br\/wp-content\/uploads\/2026\/02\/INFRACAO-07.08-1.jpg\",\"keywords\":[\"Auto de infra\u00e7\u00e3o\",\"Carf\",\"Direito Aduaneiro\",\"Direito Tribut\u00e1rio\",\"Fiscaliza\u00e7\u00e3o Aduaneira\",\"IMPORTA\u00c7\u00c3O\",\"Subfaturamento\",\"Tributa\u00e7\u00e3o\"],\"articleSection\":[\"Not\u00edcias\"],\"inLanguage\":\"en-US\"},{\"@type\":\"WebPage\",\"@id\":\"https:\/\/dbtesser.com.br\/erro-na-capitulacao-legal-e-causa-de-nulidade-do-auto-de-infracao\/\",\"url\":\"https:\/\/dbtesser.com.br\/erro-na-capitulacao-legal-e-causa-de-nulidade-do-auto-de-infracao\/\",\"name\":\"Erro na capitula\u00e7\u00e3o legal \u00e9 causa de nulidade do Auto de Infra\u00e7\u00e3o | DBTesser Advogados\",\"isPartOf\":{\"@id\":\"https:\/\/dbtesser.com.br\/#website\"},\"primaryImageOfPage\":{\"@id\":\"https:\/\/dbtesser.com.br\/erro-na-capitulacao-legal-e-causa-de-nulidade-do-auto-de-infracao\/#primaryimage\"},\"image\":{\"@id\":\"https:\/\/dbtesser.com.br\/erro-na-capitulacao-legal-e-causa-de-nulidade-do-auto-de-infracao\/#primaryimage\"},\"thumbnailUrl\":\"https:\/\/dbtesser.com.br\/wp-content\/uploads\/2026\/02\/INFRACAO-07.08-1.jpg\",\"datePublished\":\"2019-08-07T16:19:44+00:00\",\"author\":{\"@id\":\"https:\/\/dbtesser.com.br\/#\/schema\/person\/3414c67f51128e3d927f8011ab737728\"},\"breadcrumb\":{\"@id\":\"https:\/\/dbtesser.com.br\/erro-na-capitulacao-legal-e-causa-de-nulidade-do-auto-de-infracao\/#breadcrumb\"},\"inLanguage\":\"en-US\",\"potentialAction\":[{\"@type\":\"ReadAction\",\"target\":[\"https:\/\/dbtesser.com.br\/erro-na-capitulacao-legal-e-causa-de-nulidade-do-auto-de-infracao\/\"]}]},{\"@type\":\"ImageObject\",\"inLanguage\":\"en-US\",\"@id\":\"https:\/\/dbtesser.com.br\/erro-na-capitulacao-legal-e-causa-de-nulidade-do-auto-de-infracao\/#primaryimage\",\"url\":\"https:\/\/dbtesser.com.br\/wp-content\/uploads\/2026\/02\/INFRACAO-07.08-1.jpg\",\"contentUrl\":\"https:\/\/dbtesser.com.br\/wp-content\/uploads\/2026\/02\/INFRACAO-07.08-1.jpg\",\"width\":800,\"height\":533,\"caption\":\"INFRACAO\"},{\"@type\":\"BreadcrumbList\",\"@id\":\"https:\/\/dbtesser.com.br\/erro-na-capitulacao-legal-e-causa-de-nulidade-do-auto-de-infracao\/#breadcrumb\",\"itemListElement\":[{\"@type\":\"ListItem\",\"position\":1,\"name\":\"In\u00edcio\",\"item\":\"https:\/\/dbtesser.com.br\/en\/\"},{\"@type\":\"ListItem\",\"position\":2,\"name\":\"Erro na capitula\u00e7\u00e3o legal \u00e9 causa de nulidade do Auto de Infra\u00e7\u00e3o\"}]},{\"@type\":\"WebSite\",\"@id\":\"https:\/\/dbtesser.com.br\/#website\",\"url\":\"https:\/\/dbtesser.com.br\/\",\"name\":\"DB Tesser Advogados\",\"description\":\"\",\"potentialAction\":[{\"@type\":\"SearchAction\",\"target\":{\"@type\":\"EntryPoint\",\"urlTemplate\":\"https:\/\/dbtesser.com.br\/?s={search_term_string}\"},\"query-input\":{\"@type\":\"PropertyValueSpecification\",\"valueRequired\":true,\"valueName\":\"search_term_string\"}}],\"inLanguage\":\"en-US\"},{\"@type\":\"Person\",\"@id\":\"https:\/\/dbtesser.com.br\/#\/schema\/person\/3414c67f51128e3d927f8011ab737728\",\"name\":\"DB Tesser\",\"url\":\"https:\/\/dbtesser.com.br\/en\/author\/db-tesser\/\"}]}<\/script>\n<!-- \/ Yoast SEO plugin. -->","yoast_head_json":{"title":"Error in legal classification is grounds for annulment of the infraction notice | DBTesser Lawyers","robots":{"index":"index","follow":"follow","max-snippet":"max-snippet:-1","max-image-preview":"max-image-preview:large","max-video-preview":"max-video-preview:-1"},"canonical":"https:\/\/dbtesser.com.br\/en\/error-in-legal-classification-and-cause-for-annulment-of-the-infraction-notice\/","og_locale":"en_US","og_type":"article","og_title":"Erro na capitula\u00e7\u00e3o legal \u00e9 causa de nulidade do Auto de Infra\u00e7\u00e3o | DBTesser Advogados","og_description":"O CARF nos autos do processo n\u00ba 11050.721119\/2013-73, conforme entendimento proferido no ac\u00f3rd\u00e3o n\u00ba 9303-006.206, por unanimidade de votos, negou provimento ao recurso da Fazenda Nacional, sendo mantida a anula\u00e7\u00e3o do auto de infra\u00e7\u00e3o em decorr\u00eancia de erro na capitula\u00e7\u00e3o da multa arbitrada. No caso em apre\u00e7o o contribuinte foi notificado da lavratura de auto [&hellip;]","og_url":"https:\/\/dbtesser.com.br\/en\/error-in-legal-classification-and-cause-for-annulment-of-the-infraction-notice\/","og_site_name":"DBTesser Advogados","article_published_time":"2019-08-07T16:19:44+00:00","og_image":[{"width":800,"height":533,"url":"https:\/\/dbtesser.com.br\/wp-content\/uploads\/2026\/02\/INFRACAO-07.08-1.jpg","type":"image\/jpeg"}],"author":"DB Tesser","twitter_card":"summary_large_image","twitter_misc":{"Written by":"DB Tesser","Est. reading time":"1 minute"},"schema":{"@context":"https:\/\/schema.org","@graph":[{"@type":"Article","@id":"https:\/\/dbtesser.com.br\/erro-na-capitulacao-legal-e-causa-de-nulidade-do-auto-de-infracao\/#article","isPartOf":{"@id":"https:\/\/dbtesser.com.br\/erro-na-capitulacao-legal-e-causa-de-nulidade-do-auto-de-infracao\/"},"author":{"name":"DB Tesser","@id":"https:\/\/dbtesser.com.br\/#\/schema\/person\/3414c67f51128e3d927f8011ab737728"},"headline":"Erro na capitula\u00e7\u00e3o legal \u00e9 causa de nulidade do Auto de Infra\u00e7\u00e3o","datePublished":"2019-08-07T16:19:44+00:00","mainEntityOfPage":{"@id":"https:\/\/dbtesser.com.br\/erro-na-capitulacao-legal-e-causa-de-nulidade-do-auto-de-infracao\/"},"wordCount":286,"image":{"@id":"https:\/\/dbtesser.com.br\/erro-na-capitulacao-legal-e-causa-de-nulidade-do-auto-de-infracao\/#primaryimage"},"thumbnailUrl":"https:\/\/dbtesser.com.br\/wp-content\/uploads\/2026\/02\/INFRACAO-07.08-1.jpg","keywords":["Auto de infra\u00e7\u00e3o","Carf","Direito Aduaneiro","Direito Tribut\u00e1rio","Fiscaliza\u00e7\u00e3o Aduaneira","IMPORTA\u00c7\u00c3O","Subfaturamento","Tributa\u00e7\u00e3o"],"articleSection":["Not\u00edcias"],"inLanguage":"en-US"},{"@type":"WebPage","@id":"https:\/\/dbtesser.com.br\/erro-na-capitulacao-legal-e-causa-de-nulidade-do-auto-de-infracao\/","url":"https:\/\/dbtesser.com.br\/erro-na-capitulacao-legal-e-causa-de-nulidade-do-auto-de-infracao\/","name":"Error in legal classification is grounds for annulment of the infraction notice | DBTesser Lawyers","isPartOf":{"@id":"https:\/\/dbtesser.com.br\/#website"},"primaryImageOfPage":{"@id":"https:\/\/dbtesser.com.br\/erro-na-capitulacao-legal-e-causa-de-nulidade-do-auto-de-infracao\/#primaryimage"},"image":{"@id":"https:\/\/dbtesser.com.br\/erro-na-capitulacao-legal-e-causa-de-nulidade-do-auto-de-infracao\/#primaryimage"},"thumbnailUrl":"https:\/\/dbtesser.com.br\/wp-content\/uploads\/2026\/02\/INFRACAO-07.08-1.jpg","datePublished":"2019-08-07T16:19:44+00:00","author":{"@id":"https:\/\/dbtesser.com.br\/#\/schema\/person\/3414c67f51128e3d927f8011ab737728"},"breadcrumb":{"@id":"https:\/\/dbtesser.com.br\/erro-na-capitulacao-legal-e-causa-de-nulidade-do-auto-de-infracao\/#breadcrumb"},"inLanguage":"en-US","potentialAction":[{"@type":"ReadAction","target":["https:\/\/dbtesser.com.br\/erro-na-capitulacao-legal-e-causa-de-nulidade-do-auto-de-infracao\/"]}]},{"@type":"ImageObject","inLanguage":"en-US","@id":"https:\/\/dbtesser.com.br\/erro-na-capitulacao-legal-e-causa-de-nulidade-do-auto-de-infracao\/#primaryimage","url":"https:\/\/dbtesser.com.br\/wp-content\/uploads\/2026\/02\/INFRACAO-07.08-1.jpg","contentUrl":"https:\/\/dbtesser.com.br\/wp-content\/uploads\/2026\/02\/INFRACAO-07.08-1.jpg","width":800,"height":533,"caption":"INFRACAO"},{"@type":"BreadcrumbList","@id":"https:\/\/dbtesser.com.br\/erro-na-capitulacao-legal-e-causa-de-nulidade-do-auto-de-infracao\/#breadcrumb","itemListElement":[{"@type":"ListItem","position":1,"name":"In\u00edcio","item":"https:\/\/dbtesser.com.br\/en\/"},{"@type":"ListItem","position":2,"name":"Erro na capitula\u00e7\u00e3o legal \u00e9 causa de nulidade do Auto de Infra\u00e7\u00e3o"}]},{"@type":"WebSite","@id":"https:\/\/dbtesser.com.br\/#website","url":"https:\/\/dbtesser.com.br\/","name":"DB Tesser Lawyers","description":"","potentialAction":[{"@type":"SearchAction","target":{"@type":"EntryPoint","urlTemplate":"https:\/\/dbtesser.com.br\/?s={search_term_string}"},"query-input":{"@type":"PropertyValueSpecification","valueRequired":true,"valueName":"search_term_string"}}],"inLanguage":"en-US"},{"@type":"Person","@id":"https:\/\/dbtesser.com.br\/#\/schema\/person\/3414c67f51128e3d927f8011ab737728","name":"DB Tesser","url":"https:\/\/dbtesser.com.br\/en\/author\/db-tesser\/"}]}},"_links":{"self":[{"href":"https:\/\/dbtesser.com.br\/en\/wp-json\/wp\/v2\/posts\/2361","targetHints":{"allow":["GET"]}}],"collection":[{"href":"https:\/\/dbtesser.com.br\/en\/wp-json\/wp\/v2\/posts"}],"about":[{"href":"https:\/\/dbtesser.com.br\/en\/wp-json\/wp\/v2\/types\/post"}],"author":[{"embeddable":true,"href":"https:\/\/dbtesser.com.br\/en\/wp-json\/wp\/v2\/users\/4007"}],"replies":[{"embeddable":true,"href":"https:\/\/dbtesser.com.br\/en\/wp-json\/wp\/v2\/comments?post=2361"}],"version-history":[{"count":0,"href":"https:\/\/dbtesser.com.br\/en\/wp-json\/wp\/v2\/posts\/2361\/revisions"}],"wp:featuredmedia":[{"embeddable":true,"href":"https:\/\/dbtesser.com.br\/en\/wp-json\/wp\/v2\/media\/2360"}],"wp:attachment":[{"href":"https:\/\/dbtesser.com.br\/en\/wp-json\/wp\/v2\/media?parent=2361"}],"wp:term":[{"taxonomy":"category","embeddable":true,"href":"https:\/\/dbtesser.com.br\/en\/wp-json\/wp\/v2\/categories?post=2361"},{"taxonomy":"post_tag","embeddable":true,"href":"https:\/\/dbtesser.com.br\/en\/wp-json\/wp\/v2\/tags?post=2361"}],"curies":[{"name":"wp","href":"https:\/\/api.w.org\/{rel}","templated":true}]}}