{"id":2363,"date":"2019-07-31T17:33:50","date_gmt":"2019-07-31T20:33:50","guid":{"rendered":"https:\/\/dbtesser.siteup.dev\/da-lei-de-acesso-a-informacao\/"},"modified":"2019-07-31T17:33:50","modified_gmt":"2019-07-31T20:33:50","slug":"da-lei-de-acesso-a-informacao","status":"publish","type":"post","link":"https:\/\/dbtesser.com.br\/en\/da-lei-de-acesso-a-informacao\/","title":{"rendered":"Da Lei de acesso \u00e0 informa\u00e7\u00e3o"},"content":{"rendered":"<div class=\"wp-block-image\"><figure class=\"aligncenter\"><img decoding=\"async\" src=\"https:\/\/dbtesser.com.br\/wp-content\/uploads\/2026\/02\/info-SITE-1.jpg\" alt=\"\" class=\"wp-image-424\"\/><\/figure><\/div>\n\n\n\n<p>\u00c9 direito fundamental do cidad\u00e3o \u201creceber dos \u00f3rg\u00e3os p\u00fablicos informa\u00e7\u00f5es de seu interesse particular, ou de interesse coletivo ou geral, que ser\u00e3o prestadas no prazo da lei, sob pena de responsabilidade, ressalvadas aquelas cujo sigilo seja imprescind\u00edvel \u00e0 seguran\u00e7a da sociedade e do Estado\u201d (art. 5\u00ba, inciso XXXIII da Constitui\u00e7\u00e3o Federal).<\/p>\n\n\n\n<p>Assim, em atendimento ao disposto na Constitui\u00e7\u00e3o Federal, em maio de 2012, entrou em vigor a LEI n\u00ba 12.527\/2011, mais conhecida como a Lei de Acesso \u00e0 Informa\u00e7\u00e3o.<\/p>\n\n\n\n<p>Art. 1\u00ba Esta Lei disp\u00f5e sobre os procedimentos a serem observados pela Uni\u00e3o, Estados, Distrito Federal e Munic\u00edpios, com o fim de <strong>garantir o acesso a informa\u00e7\u00f5es<\/strong> previsto no&nbsp;<a href=\"http:\/\/www.planalto.gov.br\/ccivil_03\/Constituicao\/Constituicao.htm#art5xxxiii\">inciso XXXIII do art. 5\u00ba ,&nbsp;<\/a>no&nbsp;<a href=\"http:\/\/www.planalto.gov.br\/ccivil_03\/Constituicao\/Constituicao.htm#art37%C2%A73ii\">inciso II do \u00a7 3\u00ba do art. 37&nbsp;<\/a>e no&nbsp;<a href=\"http:\/\/www.planalto.gov.br\/ccivil_03\/Constituicao\/Constituicao.htm#art216%C2%A72\">\u00a7 2\u00ba do art. 216 da Constitui\u00e7\u00e3o Federal.<\/a><\/p>\n\n\n\n<p><strong>Par\u00e1grafo \u00fanico. Subordinam-se ao regime desta Lei:<\/strong><\/p>\n\n\n\n<p><strong>I \u2013<\/strong> os \u00f3rg\u00e3os p\u00fablicos integrantes da administra\u00e7\u00e3o direta dos Poderes Executivo, Legislativo, incluindo as Cortes de Contas, e Judici\u00e1rio e do Minist\u00e9rio P\u00fablico;<\/p>\n\n\n\n<p><strong>II<\/strong> &#8211; as autarquias, as funda\u00e7\u00f5es p\u00fablicas, as empresas p\u00fablicas, as sociedades de economia mista e demais entidades controladas direta ou indiretamente pela Uni\u00e3o, Estados, Distrito Federal e Munic\u00edpios.<\/p>\n\n\n\n<p>Da simples leitura da Lei, denota-se, <strong>a regra \u00e9 a publicidade de todos os atos administrativos praticados pela Administra\u00e7\u00e3o P\u00fablica, sendo o sigilo, a exce\u00e7\u00e3o. &nbsp;<\/strong><\/p>\n\n\n\n<p>Dessa forma, conforme disp\u00f5e o art. 10 e seguintes da Lei n\u00ba 12.527\/2011, <strong>qualquer cidad\u00e3o poder\u00e1 apresentar um pedido de acesso \u00e0s informa\u00e7\u00f5es aos \u00f3rg\u00e3os e entidades referidas<\/strong> no art. 1\u00ba, frise-se, inclusive a Receita Federal do Brasil. E mais, <strong>se tratando de informa\u00e7\u00e3o do pr\u00f3prio contribuinte, cabe ao Fisco disponibilizar imediatamente e, n\u00e3o o fazendo, justificar a sua decis\u00e3o, da qual cabe recurso administrativo.<\/strong><\/p>\n\n\n\n<p>Portanto, sendo retirado o direito do contribuinte ao acesso as suas informa\u00e7\u00f5es fiscais, principalmente aqueles dispostos na <strong><em>e-Financeira<\/em><\/strong> (movimenta\u00e7\u00e3o global), muito utilizada pelo Fisco para se chegar \u00e0 conclus\u00e3o da exist\u00eancia de omiss\u00e3o de receitas, deve o contribuinte buscar amparo junto ao Poder Judici\u00e1rio.<\/p>\n\n\n\n<p>News commented on by&nbsp;<strong>Juliana Perpetual<\/strong><em>, Lawyer, graduated in Law in 2003 from the Centro Universit\u00e1rio das Faculdades Metropolitanas Unidas \u2013 FMU, Area of expertise: Customs Law, Tax Law and Criminal Law. OAB: 242.614.<\/em><\/p>","protected":false},"excerpt":{"rendered":"<p>\u00c9 direito fundamental do cidad\u00e3o \u201creceber dos \u00f3rg\u00e3os p\u00fablicos informa\u00e7\u00f5es de seu interesse particular, ou de interesse coletivo ou geral, que ser\u00e3o prestadas no prazo da lei, sob pena de responsabilidade, ressalvadas aquelas cujo sigilo seja imprescind\u00edvel \u00e0 seguran\u00e7a da sociedade e do Estado\u201d (art. 5\u00ba, inciso XXXIII da Constitui\u00e7\u00e3o Federal). Assim, em atendimento ao [&hellip;]<\/p>\n","protected":false},"author":4007,"featured_media":2362,"comment_status":"","ping_status":"open","sticky":false,"template":"","format":"standard","meta":{"footnotes":""},"categories":[23],"tags":[101,176,178,182,239,300,316,428],"class_list":["post-2363","post","type-post","status-publish","format-standard","has-post-thumbnail","hentry","category-noticias","tag-cidadao","tag-direito","tag-direito-aduaneiro","tag-direito-tributario","tag-fisco","tag-informacao","tag-lei-de-acesso-a-informacao","tag-receita-federal"],"yoast_head":"<!-- This site is optimized with the Yoast SEO plugin v27.2 - https:\/\/yoast.com\/product\/yoast-seo-wordpress\/ -->\n<title>Da Lei de acesso \u00e0 informa\u00e7\u00e3o | DBTesser Advogados<\/title>\n<meta name=\"robots\" content=\"index, follow, max-snippet:-1, max-image-preview:large, max-video-preview:-1\" \/>\n<link rel=\"canonical\" href=\"https:\/\/dbtesser.com.br\/en\/da-lei-de-acesso-a-informacao\/\" \/>\n<meta property=\"og:locale\" content=\"en_US\" \/>\n<meta property=\"og:type\" content=\"article\" \/>\n<meta property=\"og:title\" content=\"Da Lei de acesso \u00e0 informa\u00e7\u00e3o | DBTesser Advogados\" \/>\n<meta property=\"og:description\" content=\"\u00c9 direito fundamental do cidad\u00e3o \u201creceber dos \u00f3rg\u00e3os p\u00fablicos informa\u00e7\u00f5es de seu interesse particular, ou de interesse coletivo ou geral, que ser\u00e3o prestadas no prazo da lei, sob pena de responsabilidade, ressalvadas aquelas cujo sigilo seja imprescind\u00edvel \u00e0 seguran\u00e7a da sociedade e do Estado\u201d (art. 5\u00ba, inciso XXXIII da Constitui\u00e7\u00e3o Federal). Assim, em atendimento ao [&hellip;]\" \/>\n<meta property=\"og:url\" content=\"https:\/\/dbtesser.com.br\/en\/da-lei-de-acesso-a-informacao\/\" \/>\n<meta property=\"og:site_name\" content=\"DBTesser Advogados\" \/>\n<meta property=\"article:published_time\" content=\"2019-07-31T20:33:50+00:00\" \/>\n<meta property=\"og:image\" content=\"https:\/\/dbtesser.com.br\/wp-content\/uploads\/2026\/02\/info-SITE-1.jpg\" \/>\n\t<meta property=\"og:image:width\" content=\"800\" \/>\n\t<meta property=\"og:image:height\" content=\"575\" \/>\n\t<meta property=\"og:image:type\" content=\"image\/jpeg\" \/>\n<meta name=\"author\" content=\"DB Tesser\" \/>\n<meta name=\"twitter:card\" content=\"summary_large_image\" \/>\n<meta name=\"twitter:label1\" content=\"Written by\" \/>\n\t<meta name=\"twitter:data1\" content=\"DB Tesser\" \/>\n\t<meta name=\"twitter:label2\" content=\"Est. reading time\" \/>\n\t<meta name=\"twitter:data2\" content=\"2 minutes\" \/>\n<script type=\"application\/ld+json\" class=\"yoast-schema-graph\">{\"@context\":\"https:\/\/schema.org\",\"@graph\":[{\"@type\":\"Article\",\"@id\":\"https:\/\/dbtesser.com.br\/da-lei-de-acesso-a-informacao\/#article\",\"isPartOf\":{\"@id\":\"https:\/\/dbtesser.com.br\/da-lei-de-acesso-a-informacao\/\"},\"author\":{\"name\":\"DB Tesser\",\"@id\":\"https:\/\/dbtesser.com.br\/en\/#\/schema\/person\/3414c67f51128e3d927f8011ab737728\"},\"headline\":\"Da Lei de acesso \u00e0 informa\u00e7\u00e3o\",\"datePublished\":\"2019-07-31T20:33:50+00:00\",\"mainEntityOfPage\":{\"@id\":\"https:\/\/dbtesser.com.br\/da-lei-de-acesso-a-informacao\/\"},\"wordCount\":398,\"image\":{\"@id\":\"https:\/\/dbtesser.com.br\/da-lei-de-acesso-a-informacao\/#primaryimage\"},\"thumbnailUrl\":\"https:\/\/dbtesser.com.br\/wp-content\/uploads\/2026\/02\/info-SITE-1.jpg\",\"keywords\":[\"Cidad\u00e3o\",\"Direito\",\"Direito Aduaneiro\",\"Direito Tribut\u00e1rio\",\"Fisco\",\"Informa\u00e7\u00e3o\",\"Lei de acesso a informa\u00e7\u00e3o\",\"Receita Federal\"],\"articleSection\":[\"Not\u00edcias\"],\"inLanguage\":\"en-US\"},{\"@type\":\"WebPage\",\"@id\":\"https:\/\/dbtesser.com.br\/da-lei-de-acesso-a-informacao\/\",\"url\":\"https:\/\/dbtesser.com.br\/da-lei-de-acesso-a-informacao\/\",\"name\":\"Da Lei de acesso \u00e0 informa\u00e7\u00e3o | DBTesser Advogados\",\"isPartOf\":{\"@id\":\"https:\/\/dbtesser.com.br\/en\/#website\"},\"primaryImageOfPage\":{\"@id\":\"https:\/\/dbtesser.com.br\/da-lei-de-acesso-a-informacao\/#primaryimage\"},\"image\":{\"@id\":\"https:\/\/dbtesser.com.br\/da-lei-de-acesso-a-informacao\/#primaryimage\"},\"thumbnailUrl\":\"https:\/\/dbtesser.com.br\/wp-content\/uploads\/2026\/02\/info-SITE-1.jpg\",\"datePublished\":\"2019-07-31T20:33:50+00:00\",\"author\":{\"@id\":\"https:\/\/dbtesser.com.br\/en\/#\/schema\/person\/3414c67f51128e3d927f8011ab737728\"},\"breadcrumb\":{\"@id\":\"https:\/\/dbtesser.com.br\/da-lei-de-acesso-a-informacao\/#breadcrumb\"},\"inLanguage\":\"en-US\",\"potentialAction\":[{\"@type\":\"ReadAction\",\"target\":[\"https:\/\/dbtesser.com.br\/da-lei-de-acesso-a-informacao\/\"]}]},{\"@type\":\"ImageObject\",\"inLanguage\":\"en-US\",\"@id\":\"https:\/\/dbtesser.com.br\/da-lei-de-acesso-a-informacao\/#primaryimage\",\"url\":\"https:\/\/dbtesser.com.br\/wp-content\/uploads\/2026\/02\/info-SITE-1.jpg\",\"contentUrl\":\"https:\/\/dbtesser.com.br\/wp-content\/uploads\/2026\/02\/info-SITE-1.jpg\",\"width\":800,\"height\":575,\"caption\":\"info SITE\"},{\"@type\":\"BreadcrumbList\",\"@id\":\"https:\/\/dbtesser.com.br\/da-lei-de-acesso-a-informacao\/#breadcrumb\",\"itemListElement\":[{\"@type\":\"ListItem\",\"position\":1,\"name\":\"In\u00edcio\",\"item\":\"https:\/\/palegreen-chinchilla-672815.hostingersite.com\/en\/\"},{\"@type\":\"ListItem\",\"position\":2,\"name\":\"Da Lei de acesso \u00e0 informa\u00e7\u00e3o\"}]},{\"@type\":\"WebSite\",\"@id\":\"https:\/\/dbtesser.com.br\/en\/#website\",\"url\":\"https:\/\/dbtesser.com.br\/en\/\",\"name\":\"DB Tesser Advogados\",\"description\":\"\",\"potentialAction\":[{\"@type\":\"SearchAction\",\"target\":{\"@type\":\"EntryPoint\",\"urlTemplate\":\"https:\/\/dbtesser.com.br\/en\/?s={search_term_string}\"},\"query-input\":{\"@type\":\"PropertyValueSpecification\",\"valueRequired\":true,\"valueName\":\"search_term_string\"}}],\"inLanguage\":\"en-US\"},{\"@type\":\"Person\",\"@id\":\"https:\/\/dbtesser.com.br\/en\/#\/schema\/person\/3414c67f51128e3d927f8011ab737728\",\"name\":\"DB Tesser\",\"url\":\"https:\/\/dbtesser.com.br\/en\/author\/db-tesser\/\"}]}<\/script>\n<!-- \/ Yoast SEO plugin. -->","yoast_head_json":{"title":"Da Lei de acesso \u00e0 informa\u00e7\u00e3o | DBTesser Advogados","robots":{"index":"index","follow":"follow","max-snippet":"max-snippet:-1","max-image-preview":"max-image-preview:large","max-video-preview":"max-video-preview:-1"},"canonical":"https:\/\/dbtesser.com.br\/en\/da-lei-de-acesso-a-informacao\/","og_locale":"en_US","og_type":"article","og_title":"Da Lei de acesso \u00e0 informa\u00e7\u00e3o | DBTesser Advogados","og_description":"\u00c9 direito fundamental do cidad\u00e3o \u201creceber dos \u00f3rg\u00e3os p\u00fablicos informa\u00e7\u00f5es de seu interesse particular, ou de interesse coletivo ou geral, que ser\u00e3o prestadas no prazo da lei, sob pena de responsabilidade, ressalvadas aquelas cujo sigilo seja imprescind\u00edvel \u00e0 seguran\u00e7a da sociedade e do Estado\u201d (art. 5\u00ba, inciso XXXIII da Constitui\u00e7\u00e3o Federal). Assim, em atendimento ao [&hellip;]","og_url":"https:\/\/dbtesser.com.br\/en\/da-lei-de-acesso-a-informacao\/","og_site_name":"DBTesser Advogados","article_published_time":"2019-07-31T20:33:50+00:00","og_image":[{"width":800,"height":575,"url":"https:\/\/dbtesser.com.br\/wp-content\/uploads\/2026\/02\/info-SITE-1.jpg","type":"image\/jpeg"}],"author":"DB Tesser","twitter_card":"summary_large_image","twitter_misc":{"Written by":"DB Tesser","Est. reading time":"2 minutes"},"schema":{"@context":"https:\/\/schema.org","@graph":[{"@type":"Article","@id":"https:\/\/dbtesser.com.br\/da-lei-de-acesso-a-informacao\/#article","isPartOf":{"@id":"https:\/\/dbtesser.com.br\/da-lei-de-acesso-a-informacao\/"},"author":{"name":"DB Tesser","@id":"https:\/\/dbtesser.com.br\/en\/#\/schema\/person\/3414c67f51128e3d927f8011ab737728"},"headline":"Da Lei de acesso \u00e0 informa\u00e7\u00e3o","datePublished":"2019-07-31T20:33:50+00:00","mainEntityOfPage":{"@id":"https:\/\/dbtesser.com.br\/da-lei-de-acesso-a-informacao\/"},"wordCount":398,"image":{"@id":"https:\/\/dbtesser.com.br\/da-lei-de-acesso-a-informacao\/#primaryimage"},"thumbnailUrl":"https:\/\/dbtesser.com.br\/wp-content\/uploads\/2026\/02\/info-SITE-1.jpg","keywords":["Cidad\u00e3o","Direito","Direito Aduaneiro","Direito Tribut\u00e1rio","Fisco","Informa\u00e7\u00e3o","Lei de acesso a informa\u00e7\u00e3o","Receita Federal"],"articleSection":["Not\u00edcias"],"inLanguage":"en-US"},{"@type":"WebPage","@id":"https:\/\/dbtesser.com.br\/da-lei-de-acesso-a-informacao\/","url":"https:\/\/dbtesser.com.br\/da-lei-de-acesso-a-informacao\/","name":"Da Lei de acesso \u00e0 informa\u00e7\u00e3o | DBTesser Advogados","isPartOf":{"@id":"https:\/\/dbtesser.com.br\/en\/#website"},"primaryImageOfPage":{"@id":"https:\/\/dbtesser.com.br\/da-lei-de-acesso-a-informacao\/#primaryimage"},"image":{"@id":"https:\/\/dbtesser.com.br\/da-lei-de-acesso-a-informacao\/#primaryimage"},"thumbnailUrl":"https:\/\/dbtesser.com.br\/wp-content\/uploads\/2026\/02\/info-SITE-1.jpg","datePublished":"2019-07-31T20:33:50+00:00","author":{"@id":"https:\/\/dbtesser.com.br\/en\/#\/schema\/person\/3414c67f51128e3d927f8011ab737728"},"breadcrumb":{"@id":"https:\/\/dbtesser.com.br\/da-lei-de-acesso-a-informacao\/#breadcrumb"},"inLanguage":"en-US","potentialAction":[{"@type":"ReadAction","target":["https:\/\/dbtesser.com.br\/da-lei-de-acesso-a-informacao\/"]}]},{"@type":"ImageObject","inLanguage":"en-US","@id":"https:\/\/dbtesser.com.br\/da-lei-de-acesso-a-informacao\/#primaryimage","url":"https:\/\/dbtesser.com.br\/wp-content\/uploads\/2026\/02\/info-SITE-1.jpg","contentUrl":"https:\/\/dbtesser.com.br\/wp-content\/uploads\/2026\/02\/info-SITE-1.jpg","width":800,"height":575,"caption":"info SITE"},{"@type":"BreadcrumbList","@id":"https:\/\/dbtesser.com.br\/da-lei-de-acesso-a-informacao\/#breadcrumb","itemListElement":[{"@type":"ListItem","position":1,"name":"In\u00edcio","item":"https:\/\/palegreen-chinchilla-672815.hostingersite.com\/en\/"},{"@type":"ListItem","position":2,"name":"Da Lei de acesso \u00e0 informa\u00e7\u00e3o"}]},{"@type":"WebSite","@id":"https:\/\/dbtesser.com.br\/en\/#website","url":"https:\/\/dbtesser.com.br\/en\/","name":"DB Tesser Lawyers","description":"","potentialAction":[{"@type":"SearchAction","target":{"@type":"EntryPoint","urlTemplate":"https:\/\/dbtesser.com.br\/en\/?s={search_term_string}"},"query-input":{"@type":"PropertyValueSpecification","valueRequired":true,"valueName":"search_term_string"}}],"inLanguage":"en-US"},{"@type":"Person","@id":"https:\/\/dbtesser.com.br\/en\/#\/schema\/person\/3414c67f51128e3d927f8011ab737728","name":"DB Tesser","url":"https:\/\/dbtesser.com.br\/en\/author\/db-tesser\/"}]}},"_links":{"self":[{"href":"https:\/\/dbtesser.com.br\/en\/wp-json\/wp\/v2\/posts\/2363","targetHints":{"allow":["GET"]}}],"collection":[{"href":"https:\/\/dbtesser.com.br\/en\/wp-json\/wp\/v2\/posts"}],"about":[{"href":"https:\/\/dbtesser.com.br\/en\/wp-json\/wp\/v2\/types\/post"}],"author":[{"embeddable":true,"href":"https:\/\/dbtesser.com.br\/en\/wp-json\/wp\/v2\/users\/4007"}],"replies":[{"embeddable":true,"href":"https:\/\/dbtesser.com.br\/en\/wp-json\/wp\/v2\/comments?post=2363"}],"version-history":[{"count":0,"href":"https:\/\/dbtesser.com.br\/en\/wp-json\/wp\/v2\/posts\/2363\/revisions"}],"wp:featuredmedia":[{"embeddable":true,"href":"https:\/\/dbtesser.com.br\/en\/wp-json\/wp\/v2\/media\/2362"}],"wp:attachment":[{"href":"https:\/\/dbtesser.com.br\/en\/wp-json\/wp\/v2\/media?parent=2363"}],"wp:term":[{"taxonomy":"category","embeddable":true,"href":"https:\/\/dbtesser.com.br\/en\/wp-json\/wp\/v2\/categories?post=2363"},{"taxonomy":"post_tag","embeddable":true,"href":"https:\/\/dbtesser.com.br\/en\/wp-json\/wp\/v2\/tags?post=2363"}],"curies":[{"name":"wp","href":"https:\/\/api.w.org\/{rel}","templated":true}]}}