{"id":2365,"date":"2019-07-30T12:29:00","date_gmt":"2019-07-30T15:29:00","guid":{"rendered":"https:\/\/dbtesser.siteup.dev\/do-reajuste-inconstitucional-da-taxa-do-siscomex\/"},"modified":"2019-07-30T12:29:00","modified_gmt":"2019-07-30T15:29:00","slug":"do-reajuste-inconstitucional-da-taxa-do-siscomex","status":"publish","type":"post","link":"https:\/\/dbtesser.com.br\/en\/do-reajuste-inconstitucional-da-taxa-do-siscomex\/","title":{"rendered":"Do reajuste inconstitucional da taxa do Siscomex"},"content":{"rendered":"<div class=\"wp-block-image\"><figure class=\"aligncenter\"><img decoding=\"async\" src=\"https:\/\/dbtesser.com.br\/wp-content\/uploads\/2026\/02\/news-3-SITE-1.jpg\" alt=\"\" class=\"wp-image-418\"\/><\/figure><\/div>\n\n\n\n<p>De acordo com o entendimento proferido pelo Supremo Tribunal Federal, no julgamento do Recurso Extraordin\u00e1rio n\u00ba 1095001, \u00e9 deveras inconstitucional o reajuste abrupto da taxa Siscomex, autorizado pela Portaria n\u00ba 257\/2011, do Minist\u00e9rio da Fazenda.<\/p>\n\n\n\n<p>\u201cAnte o exposto, dou provimento ao recurso extraordin\u00e1rio t\u00e3o somente para declarar o direito de o recorrente recolher a Taxa de Utiliza\u00e7\u00e3o do Sistema Integrado de Com\u00e9rcio Exterior \u2013 SISCOMEX a partir dos valores vigentes <strong>anteriormente \u00e0 edi\u00e7\u00e3o da Portaria MF n\u00ba 257\/11<\/strong>, ficando ressalvada a possibilidade de o Poder Executivo atualizar monetariamente os valores previstos no art. 3\u00ba, \u00a7 1\u00ba, I e II, da Lei n\u00ba 9.716\/98 <strong>em percentual n\u00e3o superior aos \u00edndices oficiais<\/strong>. <br>Destaco, ainda, que eventuais controv\u00e9rsias relativas \u00e0 prescri\u00e7\u00e3o, \u00e0 corre\u00e7\u00e3o monet\u00e1ria, aos juros, \u00e0 compensa\u00e7\u00e3o e ao levantamento de eventual dep\u00f3sito judicial devem ser examinadas pelo ju\u00edzo de origem (RE n\u00b0 499.634\/SC-AgR-EDED, Primeira Turma, Relator o Ministro Ricardo Lewandowski, DJe de 28\/8\/09 e RE n\u00b0 455.394\/MG-ED, Segunda Turma, Relator o Ministro Joaquim Barbosa, DJe de 1\u00b0\/2\/11). Sem condena\u00e7\u00e3o em honor\u00e1rios, nos termos da S\u00famula n\u00ba 512\/STF. Custas ex lege.\u201d<\/p>\n\n\n\n<p>Isso porque, apesar da atualiza\u00e7\u00e3o monet\u00e1ria ser legal,\ndeve-se respeitar os \u00edndices oficiais, o que, por raz\u00f5es \u00f3bvias, n\u00e3o se observa\nno caso subsume, j\u00e1 que a Portaria n\u00ba 257\/2011 majorou a taxa em mais de 500%.<\/p>\n\n\n\n<p><strong>Art.1\u00ba <\/strong>Reajustar a Taxa de Utiliza\u00e7\u00e3o do Sistema Integrado de Com\u00e9rcio Exterior (SISCOMEX), devida no Registro da Declara\u00e7\u00e3o de Importa\u00e7\u00e3o (DI), de que trata o par\u00e1grafo 1\u00ba do artigo 3\u00ba da Lei n\u00ba 9.716, de 1998, nos seguintes valores:<\/p>\n\n\n\n<p><strong>I<\/strong> \u2013 R$ 185,00 (cento e oitenta e cinco reais) por DI;<\/p>\n\n\n\n<p><strong>II<\/strong>&#8211; R$ 29,50 (vinte e nove reais e cinquenta centavos) para cada adi\u00e7\u00e3o de mercadorias \u00e0 DI, observados os limites fixados pela Secretaria da Receita Federal do Brasil (RFB);<\/p>\n\n\n\n<p>Assim, os contribuintes poder\u00e3o discutir judicialmente a ilegalidade da Portaria n\u00ba 257\/2011, pleiteando, ainda, a restitui\u00e7\u00e3o dos valores pagos a maior nos \u00faltimos 5 anos.<\/p>\n\n\n\n<p>News commented on by <strong>Juliana Perpetual<\/strong><em>, Lawyer, graduated in Law in 2003 from the Centro Universit\u00e1rio das Faculdades Metropolitanas Unidas \u2013 FMU. Areas of expertise: Customs Law, Tax Law, and Criminal Law. OAB (Brazilian Bar Association): 242.614<\/em> <\/p>","protected":false},"excerpt":{"rendered":"<p>De acordo com o entendimento proferido pelo Supremo Tribunal Federal, no julgamento do Recurso Extraordin\u00e1rio n\u00ba 1095001, \u00e9 deveras inconstitucional o reajuste abrupto da taxa Siscomex, autorizado pela Portaria n\u00ba 257\/2011, do Minist\u00e9rio da Fazenda. \u201cAnte o exposto, dou provimento ao recurso extraordin\u00e1rio t\u00e3o somente para declarar o direito de o recorrente recolher a Taxa [&hellip;]<\/p>\n","protected":false},"author":4007,"featured_media":2364,"comment_status":"","ping_status":"open","sticky":false,"template":"","format":"standard","meta":{"footnotes":""},"categories":[23],"tags":[116,120,176,178,182,424,425,460,466,476],"class_list":["post-2365","post","type-post","status-publish","format-standard","has-post-thumbnail","hentry","category-noticias","tag-comercio-exterior","tag-comex","tag-direito","tag-direito-aduaneiro","tag-direito-tributario","tag-reajuste","tag-reajuste-inconstitucional","tag-siscomex","tag-stf","tag-taxa-siscomex"],"yoast_head":"<!-- This site is optimized with the Yoast SEO plugin v27.2 - https:\/\/yoast.com\/product\/yoast-seo-wordpress\/ -->\n<title>Do reajuste inconstitucional da taxa do Siscomex | DBTesser Advogados<\/title>\n<meta name=\"robots\" content=\"index, follow, max-snippet:-1, max-image-preview:large, max-video-preview:-1\" \/>\n<link rel=\"canonical\" href=\"https:\/\/dbtesser.com.br\/en\/do-reajuste-inconstitucional-da-taxa-do-siscomex\/\" \/>\n<meta property=\"og:locale\" content=\"en_US\" \/>\n<meta property=\"og:type\" content=\"article\" \/>\n<meta property=\"og:title\" content=\"Do reajuste inconstitucional da taxa do Siscomex | DBTesser Advogados\" \/>\n<meta property=\"og:description\" content=\"De acordo com o entendimento proferido pelo Supremo Tribunal Federal, no julgamento do Recurso Extraordin\u00e1rio n\u00ba 1095001, \u00e9 deveras inconstitucional o reajuste abrupto da taxa Siscomex, autorizado pela Portaria n\u00ba 257\/2011, do Minist\u00e9rio da Fazenda. \u201cAnte o exposto, dou provimento ao recurso extraordin\u00e1rio t\u00e3o somente para declarar o direito de o recorrente recolher a Taxa [&hellip;]\" \/>\n<meta property=\"og:url\" content=\"https:\/\/dbtesser.com.br\/en\/do-reajuste-inconstitucional-da-taxa-do-siscomex\/\" \/>\n<meta property=\"og:site_name\" content=\"DBTesser Advogados\" \/>\n<meta property=\"article:published_time\" content=\"2019-07-30T15:29:00+00:00\" \/>\n<meta property=\"og:image\" content=\"https:\/\/dbtesser.com.br\/wp-content\/uploads\/2026\/02\/news-3-SITE-1.jpg\" \/>\n\t<meta property=\"og:image:width\" content=\"800\" \/>\n\t<meta property=\"og:image:height\" content=\"533\" \/>\n\t<meta property=\"og:image:type\" content=\"image\/jpeg\" \/>\n<meta name=\"author\" content=\"DB Tesser\" \/>\n<meta name=\"twitter:card\" content=\"summary_large_image\" \/>\n<meta name=\"twitter:label1\" content=\"Written by\" \/>\n\t<meta name=\"twitter:data1\" content=\"DB Tesser\" \/>\n\t<meta name=\"twitter:label2\" content=\"Est. reading time\" \/>\n\t<meta name=\"twitter:data2\" content=\"2 minutes\" \/>\n<script type=\"application\/ld+json\" class=\"yoast-schema-graph\">{\"@context\":\"https:\/\/schema.org\",\"@graph\":[{\"@type\":\"Article\",\"@id\":\"https:\/\/dbtesser.com.br\/en\/do-reajuste-inconstitucional-da-taxa-do-siscomex\/#article\",\"isPartOf\":{\"@id\":\"https:\/\/dbtesser.com.br\/en\/do-reajuste-inconstitucional-da-taxa-do-siscomex\/\"},\"author\":{\"name\":\"DB Tesser\",\"@id\":\"https:\/\/dbtesser.com.br\/#\/schema\/person\/3414c67f51128e3d927f8011ab737728\"},\"headline\":\"Do reajuste inconstitucional da taxa do Siscomex\",\"datePublished\":\"2019-07-30T15:29:00+00:00\",\"mainEntityOfPage\":{\"@id\":\"https:\/\/dbtesser.com.br\/en\/do-reajuste-inconstitucional-da-taxa-do-siscomex\/\"},\"wordCount\":365,\"image\":{\"@id\":\"https:\/\/dbtesser.com.br\/en\/do-reajuste-inconstitucional-da-taxa-do-siscomex\/#primaryimage\"},\"thumbnailUrl\":\"https:\/\/dbtesser.com.br\/wp-content\/uploads\/2026\/02\/news-3-SITE-1.jpg\",\"keywords\":[\"Com\u00e9rcio Exterior\",\"COMEX\",\"Direito\",\"Direito Aduaneiro\",\"Direito Tribut\u00e1rio\",\"Reajuste\",\"Reajuste inconstitucional\",\"Siscomex\",\"STF\",\"Taxa Siscomex\"],\"articleSection\":[\"Not\u00edcias\"],\"inLanguage\":\"en-US\"},{\"@type\":\"WebPage\",\"@id\":\"https:\/\/dbtesser.com.br\/en\/do-reajuste-inconstitucional-da-taxa-do-siscomex\/\",\"url\":\"https:\/\/dbtesser.com.br\/en\/do-reajuste-inconstitucional-da-taxa-do-siscomex\/\",\"name\":\"Do reajuste inconstitucional da taxa do Siscomex | DBTesser Advogados\",\"isPartOf\":{\"@id\":\"https:\/\/dbtesser.com.br\/#website\"},\"primaryImageOfPage\":{\"@id\":\"https:\/\/dbtesser.com.br\/en\/do-reajuste-inconstitucional-da-taxa-do-siscomex\/#primaryimage\"},\"image\":{\"@id\":\"https:\/\/dbtesser.com.br\/en\/do-reajuste-inconstitucional-da-taxa-do-siscomex\/#primaryimage\"},\"thumbnailUrl\":\"https:\/\/dbtesser.com.br\/wp-content\/uploads\/2026\/02\/news-3-SITE-1.jpg\",\"datePublished\":\"2019-07-30T15:29:00+00:00\",\"author\":{\"@id\":\"https:\/\/dbtesser.com.br\/#\/schema\/person\/3414c67f51128e3d927f8011ab737728\"},\"breadcrumb\":{\"@id\":\"https:\/\/dbtesser.com.br\/en\/do-reajuste-inconstitucional-da-taxa-do-siscomex\/#breadcrumb\"},\"inLanguage\":\"en-US\",\"potentialAction\":[{\"@type\":\"ReadAction\",\"target\":[\"https:\/\/dbtesser.com.br\/en\/do-reajuste-inconstitucional-da-taxa-do-siscomex\/\"]}]},{\"@type\":\"ImageObject\",\"inLanguage\":\"en-US\",\"@id\":\"https:\/\/dbtesser.com.br\/en\/do-reajuste-inconstitucional-da-taxa-do-siscomex\/#primaryimage\",\"url\":\"https:\/\/dbtesser.com.br\/wp-content\/uploads\/2026\/02\/news-3-SITE-1.jpg\",\"contentUrl\":\"https:\/\/dbtesser.com.br\/wp-content\/uploads\/2026\/02\/news-3-SITE-1.jpg\",\"width\":800,\"height\":533,\"caption\":\"news SITE\"},{\"@type\":\"BreadcrumbList\",\"@id\":\"https:\/\/dbtesser.com.br\/en\/do-reajuste-inconstitucional-da-taxa-do-siscomex\/#breadcrumb\",\"itemListElement\":[{\"@type\":\"ListItem\",\"position\":1,\"name\":\"In\u00edcio\",\"item\":\"https:\/\/dbtesser.com.br\/en\/\"},{\"@type\":\"ListItem\",\"position\":2,\"name\":\"Do reajuste inconstitucional da taxa do Siscomex\"}]},{\"@type\":\"WebSite\",\"@id\":\"https:\/\/dbtesser.com.br\/#website\",\"url\":\"https:\/\/dbtesser.com.br\/\",\"name\":\"DB Tesser Advogados\",\"description\":\"\",\"potentialAction\":[{\"@type\":\"SearchAction\",\"target\":{\"@type\":\"EntryPoint\",\"urlTemplate\":\"https:\/\/dbtesser.com.br\/?s={search_term_string}\"},\"query-input\":{\"@type\":\"PropertyValueSpecification\",\"valueRequired\":true,\"valueName\":\"search_term_string\"}}],\"inLanguage\":\"en-US\"},{\"@type\":\"Person\",\"@id\":\"https:\/\/dbtesser.com.br\/#\/schema\/person\/3414c67f51128e3d927f8011ab737728\",\"name\":\"DB Tesser\",\"url\":\"https:\/\/dbtesser.com.br\/en\/author\/db-tesser\/\"}]}<\/script>\n<!-- \/ Yoast SEO plugin. -->","yoast_head_json":{"title":"Do reajuste inconstitucional da taxa do Siscomex | DBTesser Advogados","robots":{"index":"index","follow":"follow","max-snippet":"max-snippet:-1","max-image-preview":"max-image-preview:large","max-video-preview":"max-video-preview:-1"},"canonical":"https:\/\/dbtesser.com.br\/en\/do-reajuste-inconstitucional-da-taxa-do-siscomex\/","og_locale":"en_US","og_type":"article","og_title":"Do reajuste inconstitucional da taxa do Siscomex | DBTesser Advogados","og_description":"De acordo com o entendimento proferido pelo Supremo Tribunal Federal, no julgamento do Recurso Extraordin\u00e1rio n\u00ba 1095001, \u00e9 deveras inconstitucional o reajuste abrupto da taxa Siscomex, autorizado pela Portaria n\u00ba 257\/2011, do Minist\u00e9rio da Fazenda. \u201cAnte o exposto, dou provimento ao recurso extraordin\u00e1rio t\u00e3o somente para declarar o direito de o recorrente recolher a Taxa [&hellip;]","og_url":"https:\/\/dbtesser.com.br\/en\/do-reajuste-inconstitucional-da-taxa-do-siscomex\/","og_site_name":"DBTesser Advogados","article_published_time":"2019-07-30T15:29:00+00:00","og_image":[{"width":800,"height":533,"url":"https:\/\/dbtesser.com.br\/wp-content\/uploads\/2026\/02\/news-3-SITE-1.jpg","type":"image\/jpeg"}],"author":"DB Tesser","twitter_card":"summary_large_image","twitter_misc":{"Written by":"DB Tesser","Est. reading time":"2 minutes"},"schema":{"@context":"https:\/\/schema.org","@graph":[{"@type":"Article","@id":"https:\/\/dbtesser.com.br\/en\/do-reajuste-inconstitucional-da-taxa-do-siscomex\/#article","isPartOf":{"@id":"https:\/\/dbtesser.com.br\/en\/do-reajuste-inconstitucional-da-taxa-do-siscomex\/"},"author":{"name":"DB Tesser","@id":"https:\/\/dbtesser.com.br\/#\/schema\/person\/3414c67f51128e3d927f8011ab737728"},"headline":"Do reajuste inconstitucional da taxa do Siscomex","datePublished":"2019-07-30T15:29:00+00:00","mainEntityOfPage":{"@id":"https:\/\/dbtesser.com.br\/en\/do-reajuste-inconstitucional-da-taxa-do-siscomex\/"},"wordCount":365,"image":{"@id":"https:\/\/dbtesser.com.br\/en\/do-reajuste-inconstitucional-da-taxa-do-siscomex\/#primaryimage"},"thumbnailUrl":"https:\/\/dbtesser.com.br\/wp-content\/uploads\/2026\/02\/news-3-SITE-1.jpg","keywords":["Com\u00e9rcio Exterior","COMEX","Direito","Direito Aduaneiro","Direito Tribut\u00e1rio","Reajuste","Reajuste inconstitucional","Siscomex","STF","Taxa Siscomex"],"articleSection":["Not\u00edcias"],"inLanguage":"en-US"},{"@type":"WebPage","@id":"https:\/\/dbtesser.com.br\/en\/do-reajuste-inconstitucional-da-taxa-do-siscomex\/","url":"https:\/\/dbtesser.com.br\/en\/do-reajuste-inconstitucional-da-taxa-do-siscomex\/","name":"Do reajuste inconstitucional da taxa do Siscomex | DBTesser Advogados","isPartOf":{"@id":"https:\/\/dbtesser.com.br\/#website"},"primaryImageOfPage":{"@id":"https:\/\/dbtesser.com.br\/en\/do-reajuste-inconstitucional-da-taxa-do-siscomex\/#primaryimage"},"image":{"@id":"https:\/\/dbtesser.com.br\/en\/do-reajuste-inconstitucional-da-taxa-do-siscomex\/#primaryimage"},"thumbnailUrl":"https:\/\/dbtesser.com.br\/wp-content\/uploads\/2026\/02\/news-3-SITE-1.jpg","datePublished":"2019-07-30T15:29:00+00:00","author":{"@id":"https:\/\/dbtesser.com.br\/#\/schema\/person\/3414c67f51128e3d927f8011ab737728"},"breadcrumb":{"@id":"https:\/\/dbtesser.com.br\/en\/do-reajuste-inconstitucional-da-taxa-do-siscomex\/#breadcrumb"},"inLanguage":"en-US","potentialAction":[{"@type":"ReadAction","target":["https:\/\/dbtesser.com.br\/en\/do-reajuste-inconstitucional-da-taxa-do-siscomex\/"]}]},{"@type":"ImageObject","inLanguage":"en-US","@id":"https:\/\/dbtesser.com.br\/en\/do-reajuste-inconstitucional-da-taxa-do-siscomex\/#primaryimage","url":"https:\/\/dbtesser.com.br\/wp-content\/uploads\/2026\/02\/news-3-SITE-1.jpg","contentUrl":"https:\/\/dbtesser.com.br\/wp-content\/uploads\/2026\/02\/news-3-SITE-1.jpg","width":800,"height":533,"caption":"news SITE"},{"@type":"BreadcrumbList","@id":"https:\/\/dbtesser.com.br\/en\/do-reajuste-inconstitucional-da-taxa-do-siscomex\/#breadcrumb","itemListElement":[{"@type":"ListItem","position":1,"name":"In\u00edcio","item":"https:\/\/dbtesser.com.br\/en\/"},{"@type":"ListItem","position":2,"name":"Do reajuste inconstitucional da taxa do Siscomex"}]},{"@type":"WebSite","@id":"https:\/\/dbtesser.com.br\/#website","url":"https:\/\/dbtesser.com.br\/","name":"DB Tesser Lawyers","description":"","potentialAction":[{"@type":"SearchAction","target":{"@type":"EntryPoint","urlTemplate":"https:\/\/dbtesser.com.br\/?s={search_term_string}"},"query-input":{"@type":"PropertyValueSpecification","valueRequired":true,"valueName":"search_term_string"}}],"inLanguage":"en-US"},{"@type":"Person","@id":"https:\/\/dbtesser.com.br\/#\/schema\/person\/3414c67f51128e3d927f8011ab737728","name":"DB Tesser","url":"https:\/\/dbtesser.com.br\/en\/author\/db-tesser\/"}]}},"_links":{"self":[{"href":"https:\/\/dbtesser.com.br\/en\/wp-json\/wp\/v2\/posts\/2365","targetHints":{"allow":["GET"]}}],"collection":[{"href":"https:\/\/dbtesser.com.br\/en\/wp-json\/wp\/v2\/posts"}],"about":[{"href":"https:\/\/dbtesser.com.br\/en\/wp-json\/wp\/v2\/types\/post"}],"author":[{"embeddable":true,"href":"https:\/\/dbtesser.com.br\/en\/wp-json\/wp\/v2\/users\/4007"}],"replies":[{"embeddable":true,"href":"https:\/\/dbtesser.com.br\/en\/wp-json\/wp\/v2\/comments?post=2365"}],"version-history":[{"count":0,"href":"https:\/\/dbtesser.com.br\/en\/wp-json\/wp\/v2\/posts\/2365\/revisions"}],"wp:featuredmedia":[{"embeddable":true,"href":"https:\/\/dbtesser.com.br\/en\/wp-json\/wp\/v2\/media\/2364"}],"wp:attachment":[{"href":"https:\/\/dbtesser.com.br\/en\/wp-json\/wp\/v2\/media?parent=2365"}],"wp:term":[{"taxonomy":"category","embeddable":true,"href":"https:\/\/dbtesser.com.br\/en\/wp-json\/wp\/v2\/categories?post=2365"},{"taxonomy":"post_tag","embeddable":true,"href":"https:\/\/dbtesser.com.br\/en\/wp-json\/wp\/v2\/tags?post=2365"}],"curies":[{"name":"wp","href":"https:\/\/api.w.org\/{rel}","templated":true}]}}