{"id":2377,"date":"2019-07-17T13:54:08","date_gmt":"2019-07-17T16:54:08","guid":{"rendered":"https:\/\/dbtesser.siteup.dev\/medida-provisoria-cria-comite-para-aplicacao-de-decisoes-do-carf\/"},"modified":"2019-07-17T13:54:08","modified_gmt":"2019-07-17T16:54:08","slug":"medida-provisoria-cria-comite-para-aplicacao-de-decisoes-do-carf","status":"publish","type":"post","link":"https:\/\/dbtesser.com.br\/en\/medida-provisoria-cria-comite-para-aplicacao-de-decisoes-do-carf\/","title":{"rendered":"Medida Provis\u00f3ria cria comit\u00ea para aplica\u00e7\u00e3o de decis\u00f5es do Carf"},"content":{"rendered":"<div class=\"wp-block-image\"><figure class=\"aligncenter\"><img decoding=\"async\" src=\"https:\/\/dbtesser.com.br\/wp-content\/uploads\/2026\/02\/NEW2-1024x653-2.jpg\" alt=\"\" class=\"wp-image-378\"\/><\/figure><\/div>\n\n\n\n<p>Conforme not\u00edcia divulgada segunda-feira (15\/07) pelo Valor Econ\u00f4mico informa que, a comiss\u00e3o do Congresso Nacional que analisa a Medida Provis\u00f3ria da Liberdade Econ\u00f4mica aprovou a cria\u00e7\u00e3o de um comit\u00ea para aplica\u00e7\u00e3o de decis\u00f5es do Carf.<\/p>\n\n\n\n<p>O comit\u00ea ser\u00e1 composto apenas\npor integrantes do pr\u00f3prio Carf, Receita e PGFN. Sem a participa\u00e7\u00e3o de\nrepresentante de uma das confedera\u00e7\u00f5es empresariais, como a da Ind\u00fastria (CNI).<\/p>\n\n\n\n<p>A cria\u00e7\u00e3o do comit\u00ea sem a participa\u00e7\u00e3o de entidades da sociedade civil, tal como funciona na composi\u00e7\u00e3o das turmas do CARF, certamente criar\u00e1 um \u00f3rg\u00e3o desequilibrado, onde, na maioria das vezes, para n\u00e3o dizer sempre, os interesses dos contribuintes pesar\u00e3o muito menos na edi\u00e7\u00e3o das futuras s\u00famulas. <\/p>\n\n\n\n<p>Source: <a href=\"https:\/\/www.valor.com.br\/legislacao\/6341243\/medida-provisoria-cria-comite-para-aplicacao-de-decisoes-do-carf\">VALOR ECON\u00d4MICO<\/a><\/p>\n\n\n\n<p>News commented on by  <strong>Michel Pereira, &nbsp;<\/strong><em>Lawyer, graduated in Law in<\/em> 2009 by FMU\/SP<em>. Areas of Expertise: Customs Law, Tax Law, and Corporate Law, OAB (Brazilian Bar Association): &nbsp;<\/em>295.435 <em>.<\/em> <\/p>","protected":false},"excerpt":{"rendered":"<p>Conforme not\u00edcia divulgada segunda-feira (15\/07) pelo Valor Econ\u00f4mico informa que, a comiss\u00e3o do Congresso Nacional que analisa a Medida Provis\u00f3ria da Liberdade Econ\u00f4mica aprovou a cria\u00e7\u00e3o de um comit\u00ea para aplica\u00e7\u00e3o de decis\u00f5es do Carf. O comit\u00ea ser\u00e1 composto apenas por integrantes do pr\u00f3prio Carf, Receita e PGFN. Sem a participa\u00e7\u00e3o de representante de uma [&hellip;]<\/p>\n","protected":false},"author":4007,"featured_media":2376,"comment_status":"","ping_status":"open","sticky":false,"template":"","format":"standard","meta":{"footnotes":""},"categories":[23],"tags":[92,150,176,178,182,335],"class_list":["post-2377","post","type-post","status-publish","format-standard","has-post-thumbnail","hentry","category-noticias","tag-carf","tag-decisoes-do-carf","tag-direito","tag-direito-aduaneiro","tag-direito-tributario","tag-medida-provisoria"],"yoast_head":"<!-- This site is optimized with the Yoast SEO plugin v27.2 - https:\/\/yoast.com\/product\/yoast-seo-wordpress\/ -->\n<title>Medida Provis\u00f3ria cria comit\u00ea para aplica\u00e7\u00e3o de decis\u00f5es do Carf | DBTesser Advogados<\/title>\n<meta name=\"robots\" content=\"index, follow, max-snippet:-1, max-image-preview:large, max-video-preview:-1\" \/>\n<link rel=\"canonical\" href=\"https:\/\/dbtesser.com.br\/en\/medida-provisoria-cria-comite-para-aplicacao-de-decisoes-do-carf\/\" \/>\n<meta property=\"og:locale\" content=\"en_US\" \/>\n<meta property=\"og:type\" content=\"article\" \/>\n<meta property=\"og:title\" content=\"Medida Provis\u00f3ria cria comit\u00ea para aplica\u00e7\u00e3o de decis\u00f5es do Carf | DBTesser Advogados\" \/>\n<meta property=\"og:description\" content=\"Conforme not\u00edcia divulgada segunda-feira (15\/07) pelo Valor Econ\u00f4mico informa que, a comiss\u00e3o do Congresso Nacional que analisa a Medida Provis\u00f3ria da Liberdade Econ\u00f4mica aprovou a cria\u00e7\u00e3o de um comit\u00ea para aplica\u00e7\u00e3o de decis\u00f5es do Carf. O comit\u00ea ser\u00e1 composto apenas por integrantes do pr\u00f3prio Carf, Receita e PGFN. Sem a participa\u00e7\u00e3o de representante de uma [&hellip;]\" \/>\n<meta property=\"og:url\" content=\"https:\/\/dbtesser.com.br\/en\/medida-provisoria-cria-comite-para-aplicacao-de-decisoes-do-carf\/\" \/>\n<meta property=\"og:site_name\" content=\"DBTesser Advogados\" \/>\n<meta property=\"article:published_time\" content=\"2019-07-17T16:54:08+00:00\" \/>\n<meta property=\"og:image\" content=\"https:\/\/dbtesser.com.br\/wp-content\/uploads\/2026\/02\/NEW2-1024x653-2.jpg\" \/>\n\t<meta property=\"og:image:width\" content=\"1024\" \/>\n\t<meta property=\"og:image:height\" content=\"653\" \/>\n\t<meta property=\"og:image:type\" content=\"image\/jpeg\" \/>\n<meta name=\"author\" content=\"DB Tesser\" \/>\n<meta name=\"twitter:card\" content=\"summary_large_image\" \/>\n<meta name=\"twitter:label1\" content=\"Written by\" \/>\n\t<meta name=\"twitter:data1\" content=\"DB Tesser\" \/>\n\t<meta name=\"twitter:label2\" content=\"Est. reading time\" \/>\n\t<meta name=\"twitter:data2\" content=\"1 minute\" \/>\n<script type=\"application\/ld+json\" class=\"yoast-schema-graph\">{\"@context\":\"https:\/\/schema.org\",\"@graph\":[{\"@type\":\"Article\",\"@id\":\"https:\/\/dbtesser.com.br\/medida-provisoria-cria-comite-para-aplicacao-de-decisoes-do-carf\/#article\",\"isPartOf\":{\"@id\":\"https:\/\/dbtesser.com.br\/medida-provisoria-cria-comite-para-aplicacao-de-decisoes-do-carf\/\"},\"author\":{\"name\":\"DB Tesser\",\"@id\":\"https:\/\/dbtesser.com.br\/#\/schema\/person\/3414c67f51128e3d927f8011ab737728\"},\"headline\":\"Medida Provis\u00f3ria cria comit\u00ea para aplica\u00e7\u00e3o de decis\u00f5es do Carf\",\"datePublished\":\"2019-07-17T16:54:08+00:00\",\"mainEntityOfPage\":{\"@id\":\"https:\/\/dbtesser.com.br\/medida-provisoria-cria-comite-para-aplicacao-de-decisoes-do-carf\/\"},\"wordCount\":175,\"image\":{\"@id\":\"https:\/\/dbtesser.com.br\/medida-provisoria-cria-comite-para-aplicacao-de-decisoes-do-carf\/#primaryimage\"},\"thumbnailUrl\":\"https:\/\/dbtesser.com.br\/wp-content\/uploads\/2026\/02\/NEW2-1024x653-2.jpg\",\"keywords\":[\"Carf\",\"Decis\u00f5es do Carf\",\"Direito\",\"Direito Aduaneiro\",\"Direito Tribut\u00e1rio\",\"Medida Provis\u00f3ria\"],\"articleSection\":[\"Not\u00edcias\"],\"inLanguage\":\"en-US\"},{\"@type\":\"WebPage\",\"@id\":\"https:\/\/dbtesser.com.br\/medida-provisoria-cria-comite-para-aplicacao-de-decisoes-do-carf\/\",\"url\":\"https:\/\/dbtesser.com.br\/medida-provisoria-cria-comite-para-aplicacao-de-decisoes-do-carf\/\",\"name\":\"Medida Provis\u00f3ria cria comit\u00ea para aplica\u00e7\u00e3o de decis\u00f5es do Carf | DBTesser Advogados\",\"isPartOf\":{\"@id\":\"https:\/\/dbtesser.com.br\/#website\"},\"primaryImageOfPage\":{\"@id\":\"https:\/\/dbtesser.com.br\/medida-provisoria-cria-comite-para-aplicacao-de-decisoes-do-carf\/#primaryimage\"},\"image\":{\"@id\":\"https:\/\/dbtesser.com.br\/medida-provisoria-cria-comite-para-aplicacao-de-decisoes-do-carf\/#primaryimage\"},\"thumbnailUrl\":\"https:\/\/dbtesser.com.br\/wp-content\/uploads\/2026\/02\/NEW2-1024x653-2.jpg\",\"datePublished\":\"2019-07-17T16:54:08+00:00\",\"author\":{\"@id\":\"https:\/\/dbtesser.com.br\/#\/schema\/person\/3414c67f51128e3d927f8011ab737728\"},\"breadcrumb\":{\"@id\":\"https:\/\/dbtesser.com.br\/medida-provisoria-cria-comite-para-aplicacao-de-decisoes-do-carf\/#breadcrumb\"},\"inLanguage\":\"en-US\",\"potentialAction\":[{\"@type\":\"ReadAction\",\"target\":[\"https:\/\/dbtesser.com.br\/medida-provisoria-cria-comite-para-aplicacao-de-decisoes-do-carf\/\"]}]},{\"@type\":\"ImageObject\",\"inLanguage\":\"en-US\",\"@id\":\"https:\/\/dbtesser.com.br\/medida-provisoria-cria-comite-para-aplicacao-de-decisoes-do-carf\/#primaryimage\",\"url\":\"https:\/\/dbtesser.com.br\/wp-content\/uploads\/2026\/02\/NEW2-1024x653-2.jpg\",\"contentUrl\":\"https:\/\/dbtesser.com.br\/wp-content\/uploads\/2026\/02\/NEW2-1024x653-2.jpg\",\"width\":1024,\"height\":653,\"caption\":\"NEW x\"},{\"@type\":\"BreadcrumbList\",\"@id\":\"https:\/\/dbtesser.com.br\/medida-provisoria-cria-comite-para-aplicacao-de-decisoes-do-carf\/#breadcrumb\",\"itemListElement\":[{\"@type\":\"ListItem\",\"position\":1,\"name\":\"In\u00edcio\",\"item\":\"https:\/\/dbtesser.com.br\/en\/\"},{\"@type\":\"ListItem\",\"position\":2,\"name\":\"Medida Provis\u00f3ria cria comit\u00ea para aplica\u00e7\u00e3o de decis\u00f5es do Carf\"}]},{\"@type\":\"WebSite\",\"@id\":\"https:\/\/dbtesser.com.br\/#website\",\"url\":\"https:\/\/dbtesser.com.br\/\",\"name\":\"DB Tesser Advogados\",\"description\":\"\",\"potentialAction\":[{\"@type\":\"SearchAction\",\"target\":{\"@type\":\"EntryPoint\",\"urlTemplate\":\"https:\/\/dbtesser.com.br\/?s={search_term_string}\"},\"query-input\":{\"@type\":\"PropertyValueSpecification\",\"valueRequired\":true,\"valueName\":\"search_term_string\"}}],\"inLanguage\":\"en-US\"},{\"@type\":\"Person\",\"@id\":\"https:\/\/dbtesser.com.br\/#\/schema\/person\/3414c67f51128e3d927f8011ab737728\",\"name\":\"DB Tesser\",\"url\":\"https:\/\/dbtesser.com.br\/en\/author\/db-tesser\/\"}]}<\/script>\n<!-- \/ Yoast SEO plugin. -->","yoast_head_json":{"title":"Medida Provis\u00f3ria cria comit\u00ea para aplica\u00e7\u00e3o de decis\u00f5es do Carf | DBTesser Advogados","robots":{"index":"index","follow":"follow","max-snippet":"max-snippet:-1","max-image-preview":"max-image-preview:large","max-video-preview":"max-video-preview:-1"},"canonical":"https:\/\/dbtesser.com.br\/en\/medida-provisoria-cria-comite-para-aplicacao-de-decisoes-do-carf\/","og_locale":"en_US","og_type":"article","og_title":"Medida Provis\u00f3ria cria comit\u00ea para aplica\u00e7\u00e3o de decis\u00f5es do Carf | DBTesser Advogados","og_description":"Conforme not\u00edcia divulgada segunda-feira (15\/07) pelo Valor Econ\u00f4mico informa que, a comiss\u00e3o do Congresso Nacional que analisa a Medida Provis\u00f3ria da Liberdade Econ\u00f4mica aprovou a cria\u00e7\u00e3o de um comit\u00ea para aplica\u00e7\u00e3o de decis\u00f5es do Carf. O comit\u00ea ser\u00e1 composto apenas por integrantes do pr\u00f3prio Carf, Receita e PGFN. Sem a participa\u00e7\u00e3o de representante de uma [&hellip;]","og_url":"https:\/\/dbtesser.com.br\/en\/medida-provisoria-cria-comite-para-aplicacao-de-decisoes-do-carf\/","og_site_name":"DBTesser Advogados","article_published_time":"2019-07-17T16:54:08+00:00","og_image":[{"width":1024,"height":653,"url":"https:\/\/dbtesser.com.br\/wp-content\/uploads\/2026\/02\/NEW2-1024x653-2.jpg","type":"image\/jpeg"}],"author":"DB Tesser","twitter_card":"summary_large_image","twitter_misc":{"Written by":"DB Tesser","Est. reading time":"1 minute"},"schema":{"@context":"https:\/\/schema.org","@graph":[{"@type":"Article","@id":"https:\/\/dbtesser.com.br\/medida-provisoria-cria-comite-para-aplicacao-de-decisoes-do-carf\/#article","isPartOf":{"@id":"https:\/\/dbtesser.com.br\/medida-provisoria-cria-comite-para-aplicacao-de-decisoes-do-carf\/"},"author":{"name":"DB Tesser","@id":"https:\/\/dbtesser.com.br\/#\/schema\/person\/3414c67f51128e3d927f8011ab737728"},"headline":"Medida Provis\u00f3ria cria comit\u00ea para aplica\u00e7\u00e3o de decis\u00f5es do Carf","datePublished":"2019-07-17T16:54:08+00:00","mainEntityOfPage":{"@id":"https:\/\/dbtesser.com.br\/medida-provisoria-cria-comite-para-aplicacao-de-decisoes-do-carf\/"},"wordCount":175,"image":{"@id":"https:\/\/dbtesser.com.br\/medida-provisoria-cria-comite-para-aplicacao-de-decisoes-do-carf\/#primaryimage"},"thumbnailUrl":"https:\/\/dbtesser.com.br\/wp-content\/uploads\/2026\/02\/NEW2-1024x653-2.jpg","keywords":["Carf","Decis\u00f5es do Carf","Direito","Direito Aduaneiro","Direito Tribut\u00e1rio","Medida Provis\u00f3ria"],"articleSection":["Not\u00edcias"],"inLanguage":"en-US"},{"@type":"WebPage","@id":"https:\/\/dbtesser.com.br\/medida-provisoria-cria-comite-para-aplicacao-de-decisoes-do-carf\/","url":"https:\/\/dbtesser.com.br\/medida-provisoria-cria-comite-para-aplicacao-de-decisoes-do-carf\/","name":"Medida Provis\u00f3ria cria comit\u00ea para aplica\u00e7\u00e3o de decis\u00f5es do Carf | DBTesser Advogados","isPartOf":{"@id":"https:\/\/dbtesser.com.br\/#website"},"primaryImageOfPage":{"@id":"https:\/\/dbtesser.com.br\/medida-provisoria-cria-comite-para-aplicacao-de-decisoes-do-carf\/#primaryimage"},"image":{"@id":"https:\/\/dbtesser.com.br\/medida-provisoria-cria-comite-para-aplicacao-de-decisoes-do-carf\/#primaryimage"},"thumbnailUrl":"https:\/\/dbtesser.com.br\/wp-content\/uploads\/2026\/02\/NEW2-1024x653-2.jpg","datePublished":"2019-07-17T16:54:08+00:00","author":{"@id":"https:\/\/dbtesser.com.br\/#\/schema\/person\/3414c67f51128e3d927f8011ab737728"},"breadcrumb":{"@id":"https:\/\/dbtesser.com.br\/medida-provisoria-cria-comite-para-aplicacao-de-decisoes-do-carf\/#breadcrumb"},"inLanguage":"en-US","potentialAction":[{"@type":"ReadAction","target":["https:\/\/dbtesser.com.br\/medida-provisoria-cria-comite-para-aplicacao-de-decisoes-do-carf\/"]}]},{"@type":"ImageObject","inLanguage":"en-US","@id":"https:\/\/dbtesser.com.br\/medida-provisoria-cria-comite-para-aplicacao-de-decisoes-do-carf\/#primaryimage","url":"https:\/\/dbtesser.com.br\/wp-content\/uploads\/2026\/02\/NEW2-1024x653-2.jpg","contentUrl":"https:\/\/dbtesser.com.br\/wp-content\/uploads\/2026\/02\/NEW2-1024x653-2.jpg","width":1024,"height":653,"caption":"NEW x"},{"@type":"BreadcrumbList","@id":"https:\/\/dbtesser.com.br\/medida-provisoria-cria-comite-para-aplicacao-de-decisoes-do-carf\/#breadcrumb","itemListElement":[{"@type":"ListItem","position":1,"name":"In\u00edcio","item":"https:\/\/dbtesser.com.br\/en\/"},{"@type":"ListItem","position":2,"name":"Medida Provis\u00f3ria cria comit\u00ea para aplica\u00e7\u00e3o de decis\u00f5es do Carf"}]},{"@type":"WebSite","@id":"https:\/\/dbtesser.com.br\/#website","url":"https:\/\/dbtesser.com.br\/","name":"DB Tesser Lawyers","description":"","potentialAction":[{"@type":"SearchAction","target":{"@type":"EntryPoint","urlTemplate":"https:\/\/dbtesser.com.br\/?s={search_term_string}"},"query-input":{"@type":"PropertyValueSpecification","valueRequired":true,"valueName":"search_term_string"}}],"inLanguage":"en-US"},{"@type":"Person","@id":"https:\/\/dbtesser.com.br\/#\/schema\/person\/3414c67f51128e3d927f8011ab737728","name":"DB Tesser","url":"https:\/\/dbtesser.com.br\/en\/author\/db-tesser\/"}]}},"_links":{"self":[{"href":"https:\/\/dbtesser.com.br\/en\/wp-json\/wp\/v2\/posts\/2377","targetHints":{"allow":["GET"]}}],"collection":[{"href":"https:\/\/dbtesser.com.br\/en\/wp-json\/wp\/v2\/posts"}],"about":[{"href":"https:\/\/dbtesser.com.br\/en\/wp-json\/wp\/v2\/types\/post"}],"author":[{"embeddable":true,"href":"https:\/\/dbtesser.com.br\/en\/wp-json\/wp\/v2\/users\/4007"}],"replies":[{"embeddable":true,"href":"https:\/\/dbtesser.com.br\/en\/wp-json\/wp\/v2\/comments?post=2377"}],"version-history":[{"count":0,"href":"https:\/\/dbtesser.com.br\/en\/wp-json\/wp\/v2\/posts\/2377\/revisions"}],"wp:featuredmedia":[{"embeddable":true,"href":"https:\/\/dbtesser.com.br\/en\/wp-json\/wp\/v2\/media\/2376"}],"wp:attachment":[{"href":"https:\/\/dbtesser.com.br\/en\/wp-json\/wp\/v2\/media?parent=2377"}],"wp:term":[{"taxonomy":"category","embeddable":true,"href":"https:\/\/dbtesser.com.br\/en\/wp-json\/wp\/v2\/categories?post=2377"},{"taxonomy":"post_tag","embeddable":true,"href":"https:\/\/dbtesser.com.br\/en\/wp-json\/wp\/v2\/tags?post=2377"}],"curies":[{"name":"wp","href":"https:\/\/api.w.org\/{rel}","templated":true}]}}