{"id":2417,"date":"2019-05-23T16:47:19","date_gmt":"2019-05-23T19:47:19","guid":{"rendered":"https:\/\/dbtesser.siteup.dev\/do-redirecionamento-da-execucao-fiscal\/"},"modified":"2019-05-23T16:47:19","modified_gmt":"2019-05-23T19:47:19","slug":"do-redirecionamento-da-execucao-fiscal","status":"publish","type":"post","link":"https:\/\/dbtesser.com.br\/en\/do-redirecionamento-da-execucao-fiscal\/","title":{"rendered":"Do Redirecionamento da Execu\u00e7\u00e3o Fiscal"},"content":{"rendered":"<div class=\"wp-block-image\"><figure class=\"aligncenter\"><img decoding=\"async\" src=\"https:\/\/dbtesser.com.br\/wp-content\/uploads\/2026\/02\/ARTIGO-SITE-1.jpg\" alt=\"\" class=\"wp-image-224\"\/><\/figure><\/div>\n\n\n\n<p style=\"text-align:left\">No redirecionamento da execu\u00e7\u00e3o fiscal aos s\u00f3cios\/administradores, discute-se a <strong>legitimidade do s\u00f3cio para responder pelas d\u00edvidas da pessoa jur\u00eddica<\/strong>, ou seja, se ele pode ou n\u00e3o figurar no p\u00f3lo passivo da execu\u00e7\u00e3o fiscal, sendo poss\u00edvel o redirecionamento em duas hip\u00f3teses, quais sejam, na ocorr\u00eancia de pr\u00e1tica de atos com excesso de poder, infra\u00e7\u00e3o \u00e0 lei\/estatuto social ou dissolu\u00e7\u00e3o irregular da sociedade. Preliminarmente vale destacar que o <strong>Superior Tribunal de Justi\u00e7a j\u00e1 possui entendimento de que <\/strong><em><strong>\u201co inadimplemento da obriga\u00e7\u00e3o tribut\u00e1ria pela sociedade n\u00e3o gera, por si s\u00f3, a responsabilidade solid\u00e1ria do s\u00f3cio-gerente\u201d<\/strong><\/em><strong> nos termos da S\u00famula 430 do aludido Tribunal. <\/strong><\/p>\n\n\n\n<p>Na hip\u00f3tese de pr\u00e1tica de atos com excesso de poder,\ninfra\u00e7\u00e3o \u00e0 lei ou estatuto social \u00e9 permitido o redirecionamento da execu\u00e7\u00e3o\nfiscal para o s\u00f3cio\/administrador, desde que tenha sido comprovado pelo Fisco a\nocorr\u00eancia de tais atos nos termos do artigo 135 do C\u00f3digo Tribut\u00e1rio Nacional,\nque assim prev\u00ea:<\/p>\n\n\n\n<p><em>\u201cArt. 135. S\u00e3o\npessoalmente respons\u00e1veis pelos cr\u00e9ditos correspondentes a obriga\u00e7\u00f5es\ntribut\u00e1rias resultantes de atos praticados com excesso de poderes ou infra\u00e7\u00e3o\nde lei, contrato social ou estatutos:<\/em><\/p>\n\n\n\n<p><em>I &#8211; as pessoas\nreferidas no artigo anterior;<\/em><\/p>\n\n\n\n<p><em>II &#8211; os\nmandat\u00e1rios, prepostos e empregados;<\/em><\/p>\n\n\n\n<p><em>III &#8211; os\ndiretores, gerentes ou representantes de pessoas jur\u00eddicas de direito privado.\u201d<\/em><\/p>\n\n\n\n<p>O Superior Tribunal de Justi\u00e7a possui entendimento\nfirmado no sentido de que o redirecionamento da a\u00e7\u00e3o executiva aos s\u00f3cios e aos\nadministradores somente poder\u00e1 ocorrer quando demonstrada a pr\u00e1tica dos atos\nprevistos no artigo acima transcrito, conforme mat\u00e9ria decidida em sede de\nrecurso repetitivo n\u00ba AgRg no Ag 1.346.462\/RJ, cuja ementa segue transcrita: <\/p>\n\n\n\n<p><em>\u201cPROCESSUAL\nCIVIL E TRIBUT\u00c1RIO &#8211; EXECU\u00c7\u00c3O FISCAL &#8211; ART. 135, INC. III, DO C.T.N. &#8211;\nRESPONSABILIDADE DO S\u00d3CIO-GERENTE &#8211; SUBJETIVIDADE &#8211; COMPROVA\u00c7\u00c3O DA EXIST\u00caNCIA\nDE ATO PRATICADO MEDIANTE FRAUDE OU COM EXCESSO DE PODERES &#8211; NECESSIDADE &#8211;\nINFRA\u00c7\u00c3O \u00c0 LEI \u2013 MERA INADIMPL\u00caNCIA &#8211; N\u00c3O CARACTERIZA\u00c7\u00c3O. A jurisprud\u00eancia deste\neg. Tribunal consolidou-se quanto a ser subjetiva a responsabilidade do\ns\u00f3cio-gerente pelo pagamento de tributo devido pela sociedade, ficando aquele\nobrigado pessoalmente pela d\u00edvida, somente quando restar provado ter ele agido\ncom fraude ou excesso de poderes, n\u00e3o se consubstanciando em infra\u00e7\u00e3o \u00e0 lei, de\nper si, a mera inadimpl\u00eancia. Recurso especial a que se negou seguimento.\u201d<\/em><\/p>\n\n\n\n<p>Outra hip\u00f3tese de redirecionamento da execu\u00e7\u00e3o fiscal ocorre na hip\u00f3tese de <strong>dissolu\u00e7\u00e3o irregular da sociedade<\/strong>, nos termos da s\u00famula 435 do Superior Tribunal de Justi\u00e7a, que assim determina:<\/p>\n\n\n\n<p><em>\u201cS\u00famula 435 &#8211;\nPresume-se dissolvida irregularmente a empresa que deixar de funcionar no seu\ndomic\u00edlio fiscal, sem comunica\u00e7\u00e3o aos \u00f3rg\u00e3os competentes, legitimando o\nredirecionamento da execu\u00e7\u00e3o fiscal para o s\u00f3cio-gerente.\u201d<\/em><\/p>\n\n\n\n<p>A dissolu\u00e7\u00e3o irregular de uma sociedade \u00e9 infra\u00e7\u00e3o\nestatut\u00e1ria na medida em que a pessoa jur\u00eddica tem obriga\u00e7\u00e3o de manter os\ncadastros fiscais e da Junta Comercial sempre atualizados, sendo esta uma\ninfra\u00e7\u00e3o \u00e0 lei, raz\u00e3o pela qual estaria configurada a hip\u00f3tese do artigo 135 do\nC\u00f3digo Tribut\u00e1rio Nacional. <\/p>\n\n\n\n<p>Presume-se dissolvida irregularmente a sociedade que\ndeixar de funcionar no seu domic\u00edlio fiscal sem a comunica\u00e7\u00e3o aos \u00f3rg\u00e3os\ncompetentes, legitimando o redirecionamento da execu\u00e7\u00e3o fiscal para o s\u00f3cio ou\nadministrador. Para tanto, o fisco deve fundamentar seu pedido de\nredirecionamento da execu\u00e7\u00e3o fiscal com elementos probat\u00f3rios suficientes\nacerca do encerramento irregular da sociedade. Vale apontar que nestes casos, somente\n\u00e9 admito o redirecionamento da execu\u00e7\u00e3o ao s\u00f3cio que integrava a sociedade no\ntempo da dissolu\u00e7\u00e3o irregular e que tenha tido poderes de ger\u00eancia na data em\nque ocorrido o fato gerador da obriga\u00e7\u00e3o tribut\u00e1ria n\u00e3o adimplida, ou seja, \u00e9\nindispens\u00e1vel que haja contemporaneidade entre o encerramento irregular da\nsociedade com a gest\u00e3o do responsabilizado.<\/p>\n\n\n\n<p>Ainda que haja legalidade no redirecionamento, imperioso analisar\no momento em que este \u00e9 realizado. O Superior Tribunal de Justi\u00e7a, mediante\njulgamento de recurso repetitivo n\u00ba 1.201.993, fixou tr\u00eas teses acerca do marco\ninicial da contagem do prazo para o redirecionamento da a\u00e7\u00e3o executiva nos\ncasos de dissolu\u00e7\u00e3o irregular. <\/p>\n\n\n\n<p>Na hip\u00f3tese do ato il\u00edcito previsto no artigo 135, III, do C\u00f3digo\nTribut\u00e1rio Nacional, ser precedente \u00e0 cita\u00e7\u00e3o da pessoa jur\u00eddica, este dever\u00e1\nser o termo inicial do prazo quinquenal para o redirecionamento. Contudo, caso\no ato il\u00edcito ocorra ap\u00f3s a cita\u00e7\u00e3o do devedor original, o termo inicial para o\nredirecionamento ocorrer\u00e1 ser contato a partir da data da infra\u00e7\u00e3o.&nbsp; De toda sorte, \u00e9 necess\u00e1rio que seja\ndemonstrada a in\u00e9rcia do Fisco no transcurso do tempo entre a cita\u00e7\u00e3o da\nempresa devedora origin\u00e1ria e a pr\u00e1tica da infra\u00e7\u00e3o. <\/p>\n\n\n\n<p>Por fim, a inclus\u00e3o do nome do s\u00f3cio na CDA somente \u00e9 admitida nas hip\u00f3teses em que exista declara\u00e7\u00e3o de assun\u00e7\u00e3o de d\u00edvida ou que os s\u00f3cios tenham participado do processo administrativo, sendo-lhes oferecida a oportunidade de realizar a sua defesa.  <\/p>\n\n\n\n<p>Assim sendo, a inclus\u00e3o do s\u00f3cio na CDA somente pode ocorrer ap\u00f3s a exist\u00eancia de um processo administrativo fiscal no qual o s\u00f3cio\/administrador figure no p\u00f3lo passivo, ocasi\u00e3o em que o Fisco dever\u00e1 demonstrar a exist\u00eancia dos requisitos delineados no artigo 135 do C\u00f3digo Tribut\u00e1rio Nacional, sendo este o entendimento do Supremo Tribunal Federal, esbo\u00e7ado atrav\u00e9s do julgamento do Ag. Reg. no Recurso Extraordin\u00e1rio n\u00ba. 608.426\/PR. <\/p>\n\n\n\n<p><strong>Source:<\/strong> MARGUTTI, Jacqueline. Redirecionamento Da Execu\u00e7\u00e3o Fiscal. <a href=\"https:\/\/ww2.stj.jus.br\/websecstj\/cgi\/revista\/REJ.cgi\/ITA?seq=1061427&amp;tipo=0&amp;nreg=201001588500&amp;SeqCgrmaSessao=&amp;CodOrgaoJgdr=&amp;dt=20110524&amp;formato=PDF&amp;salvar=false\">Superior Tribunal de Justi\u00e7a<\/a><\/p>","protected":false},"excerpt":{"rendered":"<p>No redirecionamento da execu\u00e7\u00e3o fiscal aos s\u00f3cios\/administradores, discute-se a legitimidade do s\u00f3cio para responder pelas d\u00edvidas da pessoa jur\u00eddica, ou seja, se ele pode ou n\u00e3o figurar no p\u00f3lo passivo da execu\u00e7\u00e3o fiscal, sendo poss\u00edvel o redirecionamento em duas hip\u00f3teses, quais sejam, na ocorr\u00eancia de pr\u00e1tica de atos com excesso de poder, infra\u00e7\u00e3o \u00e0 lei\/estatuto [&hellip;]<\/p>\n","protected":false},"author":4007,"featured_media":2416,"comment_status":"","ping_status":"open","sticky":false,"template":"","format":"standard","meta":{"footnotes":""},"categories":[24],"tags":[176,182,218,315],"class_list":["post-2417","post","type-post","status-publish","format-standard","has-post-thumbnail","hentry","category-artigos","tag-direito","tag-direito-tributario","tag-execucao-fiscal","tag-legitimidade"],"yoast_head":"<!-- This site is optimized with the Yoast SEO plugin v27.2 - https:\/\/yoast.com\/product\/yoast-seo-wordpress\/ -->\n<title>Do Redirecionamento da Execu\u00e7\u00e3o Fiscal | DBTesser Advogados<\/title>\n<meta name=\"robots\" content=\"index, follow, max-snippet:-1, max-image-preview:large, max-video-preview:-1\" \/>\n<link rel=\"canonical\" href=\"https:\/\/dbtesser.com.br\/en\/do-redirecionamento-da-execucao-fiscal\/\" \/>\n<meta property=\"og:locale\" content=\"en_US\" \/>\n<meta property=\"og:type\" content=\"article\" \/>\n<meta property=\"og:title\" content=\"Do Redirecionamento da Execu\u00e7\u00e3o Fiscal | DBTesser Advogados\" \/>\n<meta property=\"og:description\" content=\"No redirecionamento da execu\u00e7\u00e3o fiscal aos s\u00f3cios\/administradores, discute-se a legitimidade do s\u00f3cio para responder pelas d\u00edvidas da pessoa jur\u00eddica, ou seja, se ele pode ou n\u00e3o figurar no p\u00f3lo passivo da execu\u00e7\u00e3o fiscal, sendo poss\u00edvel o redirecionamento em duas hip\u00f3teses, quais sejam, na ocorr\u00eancia de pr\u00e1tica de atos com excesso de poder, infra\u00e7\u00e3o \u00e0 lei\/estatuto [&hellip;]\" \/>\n<meta property=\"og:url\" content=\"https:\/\/dbtesser.com.br\/en\/do-redirecionamento-da-execucao-fiscal\/\" \/>\n<meta property=\"og:site_name\" content=\"DBTesser Advogados\" \/>\n<meta property=\"article:published_time\" content=\"2019-05-23T19:47:19+00:00\" \/>\n<meta property=\"og:image\" content=\"https:\/\/dbtesser.com.br\/wp-content\/uploads\/2026\/02\/ARTIGO-SITE-1.jpg\" \/>\n\t<meta property=\"og:image:width\" content=\"800\" \/>\n\t<meta property=\"og:image:height\" content=\"533\" \/>\n\t<meta property=\"og:image:type\" content=\"image\/jpeg\" \/>\n<meta name=\"author\" content=\"DB Tesser\" \/>\n<meta name=\"twitter:card\" content=\"summary_large_image\" \/>\n<meta name=\"twitter:label1\" content=\"Written by\" \/>\n\t<meta name=\"twitter:data1\" content=\"DB Tesser\" \/>\n\t<meta name=\"twitter:label2\" content=\"Est. reading time\" \/>\n\t<meta name=\"twitter:data2\" content=\"5 minutes\" \/>\n<script type=\"application\/ld+json\" class=\"yoast-schema-graph\">{\"@context\":\"https:\/\/schema.org\",\"@graph\":[{\"@type\":\"Article\",\"@id\":\"https:\/\/dbtesser.com.br\/do-redirecionamento-da-execucao-fiscal\/#article\",\"isPartOf\":{\"@id\":\"https:\/\/dbtesser.com.br\/do-redirecionamento-da-execucao-fiscal\/\"},\"author\":{\"name\":\"DB Tesser\",\"@id\":\"https:\/\/dbtesser.com.br\/#\/schema\/person\/3414c67f51128e3d927f8011ab737728\"},\"headline\":\"Do Redirecionamento da Execu\u00e7\u00e3o Fiscal\",\"datePublished\":\"2019-05-23T19:47:19+00:00\",\"mainEntityOfPage\":{\"@id\":\"https:\/\/dbtesser.com.br\/do-redirecionamento-da-execucao-fiscal\/\"},\"wordCount\":966,\"image\":{\"@id\":\"https:\/\/dbtesser.com.br\/do-redirecionamento-da-execucao-fiscal\/#primaryimage\"},\"thumbnailUrl\":\"https:\/\/dbtesser.com.br\/wp-content\/uploads\/2026\/02\/ARTIGO-SITE-1.jpg\",\"keywords\":[\"Direito\",\"Direito Tribut\u00e1rio\",\"Execu\u00e7\u00e3o fiscal\",\"Legitimidade\"],\"articleSection\":[\"Artigos\"],\"inLanguage\":\"en-US\"},{\"@type\":\"WebPage\",\"@id\":\"https:\/\/dbtesser.com.br\/do-redirecionamento-da-execucao-fiscal\/\",\"url\":\"https:\/\/dbtesser.com.br\/do-redirecionamento-da-execucao-fiscal\/\",\"name\":\"Do Redirecionamento da Execu\u00e7\u00e3o Fiscal | DBTesser Advogados\",\"isPartOf\":{\"@id\":\"https:\/\/dbtesser.com.br\/#website\"},\"primaryImageOfPage\":{\"@id\":\"https:\/\/dbtesser.com.br\/do-redirecionamento-da-execucao-fiscal\/#primaryimage\"},\"image\":{\"@id\":\"https:\/\/dbtesser.com.br\/do-redirecionamento-da-execucao-fiscal\/#primaryimage\"},\"thumbnailUrl\":\"https:\/\/dbtesser.com.br\/wp-content\/uploads\/2026\/02\/ARTIGO-SITE-1.jpg\",\"datePublished\":\"2019-05-23T19:47:19+00:00\",\"author\":{\"@id\":\"https:\/\/dbtesser.com.br\/#\/schema\/person\/3414c67f51128e3d927f8011ab737728\"},\"breadcrumb\":{\"@id\":\"https:\/\/dbtesser.com.br\/do-redirecionamento-da-execucao-fiscal\/#breadcrumb\"},\"inLanguage\":\"en-US\",\"potentialAction\":[{\"@type\":\"ReadAction\",\"target\":[\"https:\/\/dbtesser.com.br\/do-redirecionamento-da-execucao-fiscal\/\"]}]},{\"@type\":\"ImageObject\",\"inLanguage\":\"en-US\",\"@id\":\"https:\/\/dbtesser.com.br\/do-redirecionamento-da-execucao-fiscal\/#primaryimage\",\"url\":\"https:\/\/dbtesser.com.br\/wp-content\/uploads\/2026\/02\/ARTIGO-SITE-1.jpg\",\"contentUrl\":\"https:\/\/dbtesser.com.br\/wp-content\/uploads\/2026\/02\/ARTIGO-SITE-1.jpg\",\"width\":800,\"height\":533,\"caption\":\"ARTIGO SITE\"},{\"@type\":\"BreadcrumbList\",\"@id\":\"https:\/\/dbtesser.com.br\/do-redirecionamento-da-execucao-fiscal\/#breadcrumb\",\"itemListElement\":[{\"@type\":\"ListItem\",\"position\":1,\"name\":\"In\u00edcio\",\"item\":\"https:\/\/dbtesser.com.br\/en\/\"},{\"@type\":\"ListItem\",\"position\":2,\"name\":\"Do Redirecionamento da Execu\u00e7\u00e3o Fiscal\"}]},{\"@type\":\"WebSite\",\"@id\":\"https:\/\/dbtesser.com.br\/#website\",\"url\":\"https:\/\/dbtesser.com.br\/\",\"name\":\"DB Tesser Advogados\",\"description\":\"\",\"potentialAction\":[{\"@type\":\"SearchAction\",\"target\":{\"@type\":\"EntryPoint\",\"urlTemplate\":\"https:\/\/dbtesser.com.br\/?s={search_term_string}\"},\"query-input\":{\"@type\":\"PropertyValueSpecification\",\"valueRequired\":true,\"valueName\":\"search_term_string\"}}],\"inLanguage\":\"en-US\"},{\"@type\":\"Person\",\"@id\":\"https:\/\/dbtesser.com.br\/#\/schema\/person\/3414c67f51128e3d927f8011ab737728\",\"name\":\"DB Tesser\",\"url\":\"https:\/\/dbtesser.com.br\/en\/author\/db-tesser\/\"}]}<\/script>\n<!-- \/ Yoast SEO plugin. -->","yoast_head_json":{"title":"Do Redirecionamento da Execu\u00e7\u00e3o Fiscal | DBTesser Advogados","robots":{"index":"index","follow":"follow","max-snippet":"max-snippet:-1","max-image-preview":"max-image-preview:large","max-video-preview":"max-video-preview:-1"},"canonical":"https:\/\/dbtesser.com.br\/en\/do-redirecionamento-da-execucao-fiscal\/","og_locale":"en_US","og_type":"article","og_title":"Do Redirecionamento da Execu\u00e7\u00e3o Fiscal | DBTesser Advogados","og_description":"No redirecionamento da execu\u00e7\u00e3o fiscal aos s\u00f3cios\/administradores, discute-se a legitimidade do s\u00f3cio para responder pelas d\u00edvidas da pessoa jur\u00eddica, ou seja, se ele pode ou n\u00e3o figurar no p\u00f3lo passivo da execu\u00e7\u00e3o fiscal, sendo poss\u00edvel o redirecionamento em duas hip\u00f3teses, quais sejam, na ocorr\u00eancia de pr\u00e1tica de atos com excesso de poder, infra\u00e7\u00e3o \u00e0 lei\/estatuto [&hellip;]","og_url":"https:\/\/dbtesser.com.br\/en\/do-redirecionamento-da-execucao-fiscal\/","og_site_name":"DBTesser Advogados","article_published_time":"2019-05-23T19:47:19+00:00","og_image":[{"width":800,"height":533,"url":"https:\/\/dbtesser.com.br\/wp-content\/uploads\/2026\/02\/ARTIGO-SITE-1.jpg","type":"image\/jpeg"}],"author":"DB Tesser","twitter_card":"summary_large_image","twitter_misc":{"Written by":"DB Tesser","Est. reading time":"5 minutes"},"schema":{"@context":"https:\/\/schema.org","@graph":[{"@type":"Article","@id":"https:\/\/dbtesser.com.br\/do-redirecionamento-da-execucao-fiscal\/#article","isPartOf":{"@id":"https:\/\/dbtesser.com.br\/do-redirecionamento-da-execucao-fiscal\/"},"author":{"name":"DB Tesser","@id":"https:\/\/dbtesser.com.br\/#\/schema\/person\/3414c67f51128e3d927f8011ab737728"},"headline":"Do Redirecionamento da Execu\u00e7\u00e3o Fiscal","datePublished":"2019-05-23T19:47:19+00:00","mainEntityOfPage":{"@id":"https:\/\/dbtesser.com.br\/do-redirecionamento-da-execucao-fiscal\/"},"wordCount":966,"image":{"@id":"https:\/\/dbtesser.com.br\/do-redirecionamento-da-execucao-fiscal\/#primaryimage"},"thumbnailUrl":"https:\/\/dbtesser.com.br\/wp-content\/uploads\/2026\/02\/ARTIGO-SITE-1.jpg","keywords":["Direito","Direito Tribut\u00e1rio","Execu\u00e7\u00e3o fiscal","Legitimidade"],"articleSection":["Artigos"],"inLanguage":"en-US"},{"@type":"WebPage","@id":"https:\/\/dbtesser.com.br\/do-redirecionamento-da-execucao-fiscal\/","url":"https:\/\/dbtesser.com.br\/do-redirecionamento-da-execucao-fiscal\/","name":"Do Redirecionamento da Execu\u00e7\u00e3o Fiscal | DBTesser Advogados","isPartOf":{"@id":"https:\/\/dbtesser.com.br\/#website"},"primaryImageOfPage":{"@id":"https:\/\/dbtesser.com.br\/do-redirecionamento-da-execucao-fiscal\/#primaryimage"},"image":{"@id":"https:\/\/dbtesser.com.br\/do-redirecionamento-da-execucao-fiscal\/#primaryimage"},"thumbnailUrl":"https:\/\/dbtesser.com.br\/wp-content\/uploads\/2026\/02\/ARTIGO-SITE-1.jpg","datePublished":"2019-05-23T19:47:19+00:00","author":{"@id":"https:\/\/dbtesser.com.br\/#\/schema\/person\/3414c67f51128e3d927f8011ab737728"},"breadcrumb":{"@id":"https:\/\/dbtesser.com.br\/do-redirecionamento-da-execucao-fiscal\/#breadcrumb"},"inLanguage":"en-US","potentialAction":[{"@type":"ReadAction","target":["https:\/\/dbtesser.com.br\/do-redirecionamento-da-execucao-fiscal\/"]}]},{"@type":"ImageObject","inLanguage":"en-US","@id":"https:\/\/dbtesser.com.br\/do-redirecionamento-da-execucao-fiscal\/#primaryimage","url":"https:\/\/dbtesser.com.br\/wp-content\/uploads\/2026\/02\/ARTIGO-SITE-1.jpg","contentUrl":"https:\/\/dbtesser.com.br\/wp-content\/uploads\/2026\/02\/ARTIGO-SITE-1.jpg","width":800,"height":533,"caption":"ARTIGO SITE"},{"@type":"BreadcrumbList","@id":"https:\/\/dbtesser.com.br\/do-redirecionamento-da-execucao-fiscal\/#breadcrumb","itemListElement":[{"@type":"ListItem","position":1,"name":"In\u00edcio","item":"https:\/\/dbtesser.com.br\/en\/"},{"@type":"ListItem","position":2,"name":"Do Redirecionamento da Execu\u00e7\u00e3o Fiscal"}]},{"@type":"WebSite","@id":"https:\/\/dbtesser.com.br\/#website","url":"https:\/\/dbtesser.com.br\/","name":"DB Tesser Lawyers","description":"","potentialAction":[{"@type":"SearchAction","target":{"@type":"EntryPoint","urlTemplate":"https:\/\/dbtesser.com.br\/?s={search_term_string}"},"query-input":{"@type":"PropertyValueSpecification","valueRequired":true,"valueName":"search_term_string"}}],"inLanguage":"en-US"},{"@type":"Person","@id":"https:\/\/dbtesser.com.br\/#\/schema\/person\/3414c67f51128e3d927f8011ab737728","name":"DB Tesser","url":"https:\/\/dbtesser.com.br\/en\/author\/db-tesser\/"}]}},"_links":{"self":[{"href":"https:\/\/dbtesser.com.br\/en\/wp-json\/wp\/v2\/posts\/2417","targetHints":{"allow":["GET"]}}],"collection":[{"href":"https:\/\/dbtesser.com.br\/en\/wp-json\/wp\/v2\/posts"}],"about":[{"href":"https:\/\/dbtesser.com.br\/en\/wp-json\/wp\/v2\/types\/post"}],"author":[{"embeddable":true,"href":"https:\/\/dbtesser.com.br\/en\/wp-json\/wp\/v2\/users\/4007"}],"replies":[{"embeddable":true,"href":"https:\/\/dbtesser.com.br\/en\/wp-json\/wp\/v2\/comments?post=2417"}],"version-history":[{"count":0,"href":"https:\/\/dbtesser.com.br\/en\/wp-json\/wp\/v2\/posts\/2417\/revisions"}],"wp:featuredmedia":[{"embeddable":true,"href":"https:\/\/dbtesser.com.br\/en\/wp-json\/wp\/v2\/media\/2416"}],"wp:attachment":[{"href":"https:\/\/dbtesser.com.br\/en\/wp-json\/wp\/v2\/media?parent=2417"}],"wp:term":[{"taxonomy":"category","embeddable":true,"href":"https:\/\/dbtesser.com.br\/en\/wp-json\/wp\/v2\/categories?post=2417"},{"taxonomy":"post_tag","embeddable":true,"href":"https:\/\/dbtesser.com.br\/en\/wp-json\/wp\/v2\/tags?post=2417"}],"curies":[{"name":"wp","href":"https:\/\/api.w.org\/{rel}","templated":true}]}}