{"id":2428,"date":"2019-05-07T19:10:46","date_gmt":"2019-05-07T22:10:46","guid":{"rendered":"https:\/\/dbtesser.siteup.dev\/setores-serao-fiscalizados-por-sonegacao\/"},"modified":"2019-05-07T19:10:46","modified_gmt":"2019-05-07T22:10:46","slug":"setores-serao-fiscalizados-por-sonegacao","status":"publish","type":"post","link":"https:\/\/dbtesser.com.br\/en\/setores-serao-fiscalizados-por-sonegacao\/","title":{"rendered":"Setores ser\u00e3o Fiscalizados por Sonega\u00e7\u00e3o"},"content":{"rendered":"\n<ul class=\"wp-block-gallery aligncenter columns-1 is-cropped wp-block-gallery-1 is-layout-flex wp-block-gallery-is-layout-flex\"><li class=\"blocks-gallery-item\"><figure><img decoding=\"async\" src=\"https:\/\/dbtesser.com.br\/wp-content\/uploads\/2026\/02\/PERDIMENTO-DE-MERCADORIA-1.jpg\" alt=\"\" data-id=\"192\" data-link=\"https:\/\/dbtesser.com.br\/imprensa\/?attachment_id=192\" class=\"wp-image-192\"\/><\/figure><\/li><\/ul>\n\n\n\n<p>De acordo com a not\u00edcia divulgada pela AASP informa que sete mil contribuintes ser\u00e3o fiscalizados por sonega\u00e7\u00e3o no primeiro semestre de 2019.&nbsp;<\/p>\n\n\n\n<p><em> A Receita Federal j\u00e1 identificou sete mil contribuintes que ser\u00e3o fiscalizados por sonega\u00e7\u00e3o no primeiro semestre de 2019. Entre os setores que est\u00e3o na mira do Fisco este ano, figuram os de cigarros, bebidas e combust\u00edveis. A previs\u00e3o da Receita \u00e9 recuperar R$ 164,96 bilh\u00f5es em tributos. <\/em><\/p>\n\n\n\n<p><em>No caso do cigarro porque tem tributa\u00e7\u00e3o alta e [com isso] h\u00e1 incentivo para o produto ilegal. H\u00e1 evas\u00e3o no setor de bebidas a\u00e7ucaradas, principalmente. E no setor de combust\u00edveis, o biodiesel e o etanol\u201d, disse o subsecret\u00e1rio de Fiscaliza\u00e7\u00e3o, I\u00e1garo Jung Martins. <\/em><\/p>\n\n\n\n<p><em>A Receita tamb\u00e9m continuar\u00e1 a atuar com foco nas\nopera\u00e7\u00f5es especiais, como a Lava Jato, Zelotes e Calicute. Segundo o Fisco, no\ncaso da Lava Jato h\u00e1 cerca de 650 a\u00e7\u00f5es fiscais ainda em curso. <\/em><\/p>\n\n\n\n<p><em>De acordo com a Receita, desde 2012, quando foram\niniciadas as fiscaliza\u00e7\u00f5es, as atua\u00e7\u00f5es relacionadas \u00e0 Lava Jato somam R$ 24\nbilh\u00f5es. Desse total, R$ 9,6 bilh\u00f5es ingressaram nos cofres p\u00fablicos ou foram\nparcelados. <\/em><\/p>\n\n\n\n<p><em>&#8220;H\u00e1 uma tend\u00eancia de redu\u00e7\u00e3o [nos lan\u00e7amentos de\ntributos sonegados] porque a opera\u00e7\u00e3o est\u00e1 se encerrando do ponto de vista\ntribut\u00e1rio&#8221;, disse Martins. <\/em><\/p>\n\n\n\n<p><em><strong>Repatria\u00e7\u00e3o de recursos <\/strong><\/em><\/p>\n\n\n\n<p><em>A Receita Federal informou ainda que continuar\u00e1 a\nfiscalizar 25 mil contribuintes que aderiram ao programa de repatria\u00e7\u00e3o de\nrecursos do exterior. <\/em><\/p>\n\n\n\n<p><em>Por meio do programa, recursos n\u00e3o declarados eram\nregularizados com pagamento de 15% de multa e 15% de imposto devido. <\/em><\/p>\n\n\n\n<p><em>Martins disse que est\u00e3o sendo verificados se os\ncontribuintes cumpriram os requisitos previstos no programa, como a origem\nl\u00edcita dos recursos, n\u00e3o ser pol\u00edtico ou parente de pol\u00edtico e n\u00e3o ser servidor\np\u00fablico. <\/em><\/p>\n\n\n\n<p><em>Neste ano, j\u00e1 foram identificadas 263 pessoas que dever\u00e3o prestar esclarecimentos ao Fisco.&#8221;<\/em><\/p>\n\n\n\n<p>Importante que a Receita Federal tenha em mente que h\u00e1, primeiro, a necessidade de investiga\u00e7\u00e3o e processo, garantindo-se aos contribuintes o devido processo legal e n\u00e3o somente uso de presun\u00e7\u00f5es com fim de atingir o resultado esperado, de \u201crecupera\u00e7\u00e3o de R$ 164 bilh\u00f5es\u201d, \u00e0 margem do ordenamento jur\u00eddico.<\/p>\n\n\n\n<p>Fonte: <a href=\"https:\/\/aplicacao.aasp.org.br\/aasp\/imprensa\/clipping\/cli_noticia.asp?idnot=29052\">AASP<\/a><\/p>\n","protected":false},"excerpt":{"rendered":"<p>De acordo com a not\u00edcia divulgada pela AASP informa que sete mil contribuintes ser\u00e3o fiscalizados por sonega\u00e7\u00e3o no primeiro semestre de 2019.&nbsp; A Receita Federal j\u00e1 identificou sete mil contribuintes que ser\u00e3o fiscalizados por sonega\u00e7\u00e3o no primeiro semestre de 2019. Entre os setores que est\u00e3o na mira do Fisco este ano, figuram os de cigarros, [&hellip;]<\/p>\n","protected":false},"author":4007,"featured_media":2427,"comment_status":"","ping_status":"open","sticky":false,"template":"","format":"standard","meta":{"footnotes":""},"categories":[23],"tags":[182,235,428,463,493,496],"class_list":["post-2428","post","type-post","status-publish","format-standard","has-post-thumbnail","hentry","category-noticias","tag-direito-tributario","tag-fiscalizacao","tag-receita-federal","tag-sonegacao","tag-tributario","tag-tributos"],"yoast_head":"<!-- This site is optimized with the Yoast SEO plugin v27.2 - https:\/\/yoast.com\/product\/yoast-seo-wordpress\/ -->\n<title>Setores ser\u00e3o Fiscalizados por Sonega\u00e7\u00e3o | DBTesser Advogados<\/title>\n<meta name=\"robots\" content=\"index, follow, max-snippet:-1, max-image-preview:large, max-video-preview:-1\" \/>\n<link rel=\"canonical\" href=\"https:\/\/dbtesser.com.br\/en\/setores-serao-fiscalizados-por-sonegacao\/\" \/>\n<meta property=\"og:locale\" content=\"en_US\" \/>\n<meta property=\"og:type\" content=\"article\" \/>\n<meta property=\"og:title\" content=\"Setores ser\u00e3o Fiscalizados por Sonega\u00e7\u00e3o | DBTesser Advogados\" \/>\n<meta property=\"og:description\" content=\"De acordo com a not\u00edcia divulgada pela AASP informa que sete mil contribuintes ser\u00e3o fiscalizados por sonega\u00e7\u00e3o no primeiro semestre de 2019.&nbsp; A Receita Federal j\u00e1 identificou sete mil contribuintes que ser\u00e3o fiscalizados por sonega\u00e7\u00e3o no primeiro semestre de 2019. Entre os setores que est\u00e3o na mira do Fisco este ano, figuram os de cigarros, [&hellip;]\" \/>\n<meta property=\"og:url\" content=\"https:\/\/dbtesser.com.br\/en\/setores-serao-fiscalizados-por-sonegacao\/\" \/>\n<meta property=\"og:site_name\" content=\"DBTesser Advogados\" \/>\n<meta property=\"article:published_time\" content=\"2019-05-07T22:10:46+00:00\" \/>\n<meta property=\"og:image\" content=\"https:\/\/dbtesser.com.br\/wp-content\/uploads\/2026\/02\/PERDIMENTO-DE-MERCADORIA-1.jpg\" \/>\n\t<meta property=\"og:image:width\" content=\"800\" \/>\n\t<meta property=\"og:image:height\" content=\"400\" \/>\n\t<meta property=\"og:image:type\" content=\"image\/jpeg\" \/>\n<meta name=\"author\" content=\"DB Tesser\" \/>\n<meta name=\"twitter:card\" content=\"summary_large_image\" \/>\n<meta name=\"twitter:label1\" content=\"Written by\" \/>\n\t<meta name=\"twitter:data1\" content=\"DB Tesser\" \/>\n\t<meta name=\"twitter:label2\" content=\"Est. reading time\" \/>\n\t<meta name=\"twitter:data2\" content=\"2 minutes\" \/>\n<script type=\"application\/ld+json\" class=\"yoast-schema-graph\">{\"@context\":\"https:\/\/schema.org\",\"@graph\":[{\"@type\":\"Article\",\"@id\":\"https:\/\/dbtesser.com.br\/setores-serao-fiscalizados-por-sonegacao\/#article\",\"isPartOf\":{\"@id\":\"https:\/\/dbtesser.com.br\/setores-serao-fiscalizados-por-sonegacao\/\"},\"author\":{\"name\":\"DB Tesser\",\"@id\":\"https:\/\/dbtesser.com.br\/#\/schema\/person\/3414c67f51128e3d927f8011ab737728\"},\"headline\":\"Setores ser\u00e3o Fiscalizados por Sonega\u00e7\u00e3o\",\"datePublished\":\"2019-05-07T22:10:46+00:00\",\"mainEntityOfPage\":{\"@id\":\"https:\/\/dbtesser.com.br\/setores-serao-fiscalizados-por-sonegacao\/\"},\"wordCount\":384,\"image\":{\"@id\":\"https:\/\/dbtesser.com.br\/setores-serao-fiscalizados-por-sonegacao\/#primaryimage\"},\"thumbnailUrl\":\"https:\/\/dbtesser.com.br\/wp-content\/uploads\/2026\/02\/PERDIMENTO-DE-MERCADORIA-1.jpg\",\"keywords\":[\"Direito Tribut\u00e1rio\",\"Fiscaliza\u00e7\u00e3o\",\"Receita Federal\",\"Sonega\u00e7\u00e3o\",\"Tribut\u00e1rio\",\"Tributos\"],\"articleSection\":[\"Not\u00edcias\"],\"inLanguage\":\"en-US\"},{\"@type\":\"WebPage\",\"@id\":\"https:\/\/dbtesser.com.br\/setores-serao-fiscalizados-por-sonegacao\/\",\"url\":\"https:\/\/dbtesser.com.br\/setores-serao-fiscalizados-por-sonegacao\/\",\"name\":\"Setores ser\u00e3o Fiscalizados por Sonega\u00e7\u00e3o | DBTesser Advogados\",\"isPartOf\":{\"@id\":\"https:\/\/dbtesser.com.br\/#website\"},\"primaryImageOfPage\":{\"@id\":\"https:\/\/dbtesser.com.br\/setores-serao-fiscalizados-por-sonegacao\/#primaryimage\"},\"image\":{\"@id\":\"https:\/\/dbtesser.com.br\/setores-serao-fiscalizados-por-sonegacao\/#primaryimage\"},\"thumbnailUrl\":\"https:\/\/dbtesser.com.br\/wp-content\/uploads\/2026\/02\/PERDIMENTO-DE-MERCADORIA-1.jpg\",\"datePublished\":\"2019-05-07T22:10:46+00:00\",\"author\":{\"@id\":\"https:\/\/dbtesser.com.br\/#\/schema\/person\/3414c67f51128e3d927f8011ab737728\"},\"breadcrumb\":{\"@id\":\"https:\/\/dbtesser.com.br\/setores-serao-fiscalizados-por-sonegacao\/#breadcrumb\"},\"inLanguage\":\"en-US\",\"potentialAction\":[{\"@type\":\"ReadAction\",\"target\":[\"https:\/\/dbtesser.com.br\/setores-serao-fiscalizados-por-sonegacao\/\"]}]},{\"@type\":\"ImageObject\",\"inLanguage\":\"en-US\",\"@id\":\"https:\/\/dbtesser.com.br\/setores-serao-fiscalizados-por-sonegacao\/#primaryimage\",\"url\":\"https:\/\/dbtesser.com.br\/wp-content\/uploads\/2026\/02\/PERDIMENTO-DE-MERCADORIA-1.jpg\",\"contentUrl\":\"https:\/\/dbtesser.com.br\/wp-content\/uploads\/2026\/02\/PERDIMENTO-DE-MERCADORIA-1.jpg\",\"width\":800,\"height\":400,\"caption\":\"PERDIMENTO DE MERCADORIA\"},{\"@type\":\"BreadcrumbList\",\"@id\":\"https:\/\/dbtesser.com.br\/setores-serao-fiscalizados-por-sonegacao\/#breadcrumb\",\"itemListElement\":[{\"@type\":\"ListItem\",\"position\":1,\"name\":\"In\u00edcio\",\"item\":\"https:\/\/dbtesser.com.br\/en\/\"},{\"@type\":\"ListItem\",\"position\":2,\"name\":\"Setores ser\u00e3o Fiscalizados por Sonega\u00e7\u00e3o\"}]},{\"@type\":\"WebSite\",\"@id\":\"https:\/\/dbtesser.com.br\/#website\",\"url\":\"https:\/\/dbtesser.com.br\/\",\"name\":\"DB Tesser Advogados\",\"description\":\"\",\"potentialAction\":[{\"@type\":\"SearchAction\",\"target\":{\"@type\":\"EntryPoint\",\"urlTemplate\":\"https:\/\/dbtesser.com.br\/?s={search_term_string}\"},\"query-input\":{\"@type\":\"PropertyValueSpecification\",\"valueRequired\":true,\"valueName\":\"search_term_string\"}}],\"inLanguage\":\"en-US\"},{\"@type\":\"Person\",\"@id\":\"https:\/\/dbtesser.com.br\/#\/schema\/person\/3414c67f51128e3d927f8011ab737728\",\"name\":\"DB Tesser\",\"url\":\"https:\/\/dbtesser.com.br\/en\/author\/db-tesser\/\"}]}<\/script>\n<!-- \/ Yoast SEO plugin. -->","yoast_head_json":{"title":"Setores ser\u00e3o Fiscalizados por Sonega\u00e7\u00e3o | DBTesser Advogados","robots":{"index":"index","follow":"follow","max-snippet":"max-snippet:-1","max-image-preview":"max-image-preview:large","max-video-preview":"max-video-preview:-1"},"canonical":"https:\/\/dbtesser.com.br\/en\/setores-serao-fiscalizados-por-sonegacao\/","og_locale":"en_US","og_type":"article","og_title":"Setores ser\u00e3o Fiscalizados por Sonega\u00e7\u00e3o | DBTesser Advogados","og_description":"De acordo com a not\u00edcia divulgada pela AASP informa que sete mil contribuintes ser\u00e3o fiscalizados por sonega\u00e7\u00e3o no primeiro semestre de 2019.&nbsp; A Receita Federal j\u00e1 identificou sete mil contribuintes que ser\u00e3o fiscalizados por sonega\u00e7\u00e3o no primeiro semestre de 2019. Entre os setores que est\u00e3o na mira do Fisco este ano, figuram os de cigarros, [&hellip;]","og_url":"https:\/\/dbtesser.com.br\/en\/setores-serao-fiscalizados-por-sonegacao\/","og_site_name":"DBTesser Advogados","article_published_time":"2019-05-07T22:10:46+00:00","og_image":[{"width":800,"height":400,"url":"https:\/\/dbtesser.com.br\/wp-content\/uploads\/2026\/02\/PERDIMENTO-DE-MERCADORIA-1.jpg","type":"image\/jpeg"}],"author":"DB Tesser","twitter_card":"summary_large_image","twitter_misc":{"Written by":"DB Tesser","Est. reading time":"2 minutes"},"schema":{"@context":"https:\/\/schema.org","@graph":[{"@type":"Article","@id":"https:\/\/dbtesser.com.br\/setores-serao-fiscalizados-por-sonegacao\/#article","isPartOf":{"@id":"https:\/\/dbtesser.com.br\/setores-serao-fiscalizados-por-sonegacao\/"},"author":{"name":"DB Tesser","@id":"https:\/\/dbtesser.com.br\/#\/schema\/person\/3414c67f51128e3d927f8011ab737728"},"headline":"Setores ser\u00e3o Fiscalizados por Sonega\u00e7\u00e3o","datePublished":"2019-05-07T22:10:46+00:00","mainEntityOfPage":{"@id":"https:\/\/dbtesser.com.br\/setores-serao-fiscalizados-por-sonegacao\/"},"wordCount":384,"image":{"@id":"https:\/\/dbtesser.com.br\/setores-serao-fiscalizados-por-sonegacao\/#primaryimage"},"thumbnailUrl":"https:\/\/dbtesser.com.br\/wp-content\/uploads\/2026\/02\/PERDIMENTO-DE-MERCADORIA-1.jpg","keywords":["Direito Tribut\u00e1rio","Fiscaliza\u00e7\u00e3o","Receita Federal","Sonega\u00e7\u00e3o","Tribut\u00e1rio","Tributos"],"articleSection":["Not\u00edcias"],"inLanguage":"en-US"},{"@type":"WebPage","@id":"https:\/\/dbtesser.com.br\/setores-serao-fiscalizados-por-sonegacao\/","url":"https:\/\/dbtesser.com.br\/setores-serao-fiscalizados-por-sonegacao\/","name":"Setores ser\u00e3o Fiscalizados por Sonega\u00e7\u00e3o | DBTesser Advogados","isPartOf":{"@id":"https:\/\/dbtesser.com.br\/#website"},"primaryImageOfPage":{"@id":"https:\/\/dbtesser.com.br\/setores-serao-fiscalizados-por-sonegacao\/#primaryimage"},"image":{"@id":"https:\/\/dbtesser.com.br\/setores-serao-fiscalizados-por-sonegacao\/#primaryimage"},"thumbnailUrl":"https:\/\/dbtesser.com.br\/wp-content\/uploads\/2026\/02\/PERDIMENTO-DE-MERCADORIA-1.jpg","datePublished":"2019-05-07T22:10:46+00:00","author":{"@id":"https:\/\/dbtesser.com.br\/#\/schema\/person\/3414c67f51128e3d927f8011ab737728"},"breadcrumb":{"@id":"https:\/\/dbtesser.com.br\/setores-serao-fiscalizados-por-sonegacao\/#breadcrumb"},"inLanguage":"en-US","potentialAction":[{"@type":"ReadAction","target":["https:\/\/dbtesser.com.br\/setores-serao-fiscalizados-por-sonegacao\/"]}]},{"@type":"ImageObject","inLanguage":"en-US","@id":"https:\/\/dbtesser.com.br\/setores-serao-fiscalizados-por-sonegacao\/#primaryimage","url":"https:\/\/dbtesser.com.br\/wp-content\/uploads\/2026\/02\/PERDIMENTO-DE-MERCADORIA-1.jpg","contentUrl":"https:\/\/dbtesser.com.br\/wp-content\/uploads\/2026\/02\/PERDIMENTO-DE-MERCADORIA-1.jpg","width":800,"height":400,"caption":"PERDIMENTO DE MERCADORIA"},{"@type":"BreadcrumbList","@id":"https:\/\/dbtesser.com.br\/setores-serao-fiscalizados-por-sonegacao\/#breadcrumb","itemListElement":[{"@type":"ListItem","position":1,"name":"In\u00edcio","item":"https:\/\/dbtesser.com.br\/en\/"},{"@type":"ListItem","position":2,"name":"Setores ser\u00e3o Fiscalizados por Sonega\u00e7\u00e3o"}]},{"@type":"WebSite","@id":"https:\/\/dbtesser.com.br\/#website","url":"https:\/\/dbtesser.com.br\/","name":"DB Tesser Lawyers","description":"","potentialAction":[{"@type":"SearchAction","target":{"@type":"EntryPoint","urlTemplate":"https:\/\/dbtesser.com.br\/?s={search_term_string}"},"query-input":{"@type":"PropertyValueSpecification","valueRequired":true,"valueName":"search_term_string"}}],"inLanguage":"en-US"},{"@type":"Person","@id":"https:\/\/dbtesser.com.br\/#\/schema\/person\/3414c67f51128e3d927f8011ab737728","name":"DB Tesser","url":"https:\/\/dbtesser.com.br\/en\/author\/db-tesser\/"}]}},"_links":{"self":[{"href":"https:\/\/dbtesser.com.br\/en\/wp-json\/wp\/v2\/posts\/2428","targetHints":{"allow":["GET"]}}],"collection":[{"href":"https:\/\/dbtesser.com.br\/en\/wp-json\/wp\/v2\/posts"}],"about":[{"href":"https:\/\/dbtesser.com.br\/en\/wp-json\/wp\/v2\/types\/post"}],"author":[{"embeddable":true,"href":"https:\/\/dbtesser.com.br\/en\/wp-json\/wp\/v2\/users\/4007"}],"replies":[{"embeddable":true,"href":"https:\/\/dbtesser.com.br\/en\/wp-json\/wp\/v2\/comments?post=2428"}],"version-history":[{"count":0,"href":"https:\/\/dbtesser.com.br\/en\/wp-json\/wp\/v2\/posts\/2428\/revisions"}],"wp:featuredmedia":[{"embeddable":true,"href":"https:\/\/dbtesser.com.br\/en\/wp-json\/wp\/v2\/media\/2427"}],"wp:attachment":[{"href":"https:\/\/dbtesser.com.br\/en\/wp-json\/wp\/v2\/media?parent=2428"}],"wp:term":[{"taxonomy":"category","embeddable":true,"href":"https:\/\/dbtesser.com.br\/en\/wp-json\/wp\/v2\/categories?post=2428"},{"taxonomy":"post_tag","embeddable":true,"href":"https:\/\/dbtesser.com.br\/en\/wp-json\/wp\/v2\/tags?post=2428"}],"curies":[{"name":"wp","href":"https:\/\/api.w.org\/{rel}","templated":true}]}}